{"id":662160,"date":"2025-12-21T13:34:14","date_gmt":"2025-12-21T13:34:14","guid":{"rendered":"https:\/\/www.europesays.com\/de\/662160\/"},"modified":"2025-12-21T13:34:14","modified_gmt":"2025-12-21T13:34:14","slug":"moenchengladbach-einzelhaendler-unzufrieden-mit-weihnachtsgeschaeft","status":"publish","type":"post","link":"https:\/\/www.europesays.com\/de\/662160\/","title":{"rendered":"M\u00f6nchengladbach: Einzelh\u00e4ndler unzufrieden mit Weihnachtsgesch\u00e4ft"},"content":{"rendered":"<p class=\"text_ohne_einzug richtext text-em-55 !leading-serif mx-6 desktop:mx-0\">Hoffnung ist ein wesentlicher Bestandteil des Einzelhandelsgesch\u00e4fts. Und diese Hoffnung wird im diesj\u00e4hrigen Weihnachtsgesch\u00e4ft besonders strapaziert. Schon in den vergangenen Wochen tr\u00fcbten schlechte Ums\u00e4tze die Freude der Kaufleute in <a href=\"https:\/\/rp-online.de\/thema\/moenchengladbach\/\" rel=\"nofollow noopener\" target=\"_blank\">M\u00f6nchengladbach<\/a> und Rheydt.  Und am letzten Samstag vor <a href=\"https:\/\/rp-online.de\/thema\/heiligabend\/\" rel=\"nofollow noopener\" target=\"_blank\">Heiligabend<\/a> ist es nicht viel besser geworden. \u201eDie Ums\u00e4tze blieben hinter den Erwartungen zur\u00fcck\u201c, teilte der Handelsverband NRW-Rheinland (HVR) mit. Deswegen bleibt das Prinzip Hoffnung jetzt vor allem auf Ums\u00e4tze und viele Kunden in den Innenst\u00e4dten nach dem Weihnachtsfest. Sozusagen das Weihnachtsgesch\u00e4ft nach dem Weihnachtsgesch\u00e4ft.<\/p>\n","protected":false},"excerpt":{"rendered":"Hoffnung ist ein wesentlicher Bestandteil des Einzelhandelsgesch\u00e4fts. Und diese Hoffnung wird im diesj\u00e4hrigen Weihnachtsgesch\u00e4ft besonders strapaziert. Schon in&hellip;\n","protected":false},"author":2,"featured_media":662161,"comment_status":"","ping_status":"","sticky":false,"template":"","format":"standard","meta":{"footnotes":""},"categories":[1849],"tags":[42020,3364,29,1072,548,663,3934,30,13,31274,4455,14,15,1209,12,1073,154555,154556,12289,154554],"class_list":{"0":"post-662160","1":"post","2":"type-post","3":"status-publish","4":"format-standard","5":"has-post-thumbnail","7":"category-moenchengladbach","8":"tag-kaufleute","9":"tag-de","10":"tag-deutschland","11":"tag-einzelhandel","12":"tag-eu","13":"tag-europa","14":"tag-europe","15":"tag-germany","16":"tag-headlines","17":"tag-hoffen","18":"tag-moenchengladbach","19":"tag-nachrichten","20":"tag-news","21":"tag-nordrhein-westfalen","22":"tag-schlagzeilen","23":"tag-umsaetze","24":"tag-unzufrieden","25":"tag-vierter","26":"tag-weihnachten","27":"tag-weihnachtssamstag"},"share_on_mastodon":{"url":"https:\/\/pubeurope.com\/@de\/115757820473512315","error":""},"_links":{"self":[{"href":"https:\/\/www.europesays.com\/de\/wp-json\/wp\/v2\/posts\/662160","targetHints":{"allow":["GET"]}}],"collection":[{"href":"https:\/\/www.europesays.com\/de\/wp-json\/wp\/v2\/posts"}],"about":[{"href":"https:\/\/www.europesays.com\/de\/wp-json\/wp\/v2\/types\/post"}],"author":[{"embeddable":true,"href":"https:\/\/www.europesays.com\/de\/wp-json\/wp\/v2\/users\/2"}],"replies":[{"embeddable":true,"href":"https:\/\/www.europesays.com\/de\/wp-json\/wp\/v2\/comments?post=662160"}],"version-history":[{"count":0,"href":"https:\/\/www.europesays.com\/de\/wp-json\/wp\/v2\/posts\/662160\/revisions"}],"wp:featuredmedia":[{"embeddable":true,"href":"https:\/\/www.europesays.com\/de\/wp-json\/wp\/v2\/media\/662161"}],"wp:attachment":[{"href":"https:\/\/www.europesays.com\/de\/wp-json\/wp\/v2\/media?parent=662160"}],"wp:term":[{"taxonomy":"category","embeddable":true,"href":"https:\/\/www.europesays.com\/de\/wp-json\/wp\/v2\/categories?post=662160"},{"taxonomy":"post_tag","embeddable":true,"href":"https:\/\/www.europesays.com\/de\/wp-json\/wp\/v2\/tags?post=662160"}],"curies":[{"name":"wp","href":"https:\/\/api.w.org\/{rel}","templated":true}]}}