{"id":662166,"date":"2025-12-21T13:37:16","date_gmt":"2025-12-21T13:37:16","guid":{"rendered":"https:\/\/www.europesays.com\/de\/662166\/"},"modified":"2025-12-21T13:37:16","modified_gmt":"2025-12-21T13:37:16","slug":"in-koenigsbrunn-sammelt-der-trachtenverein-geld-fuer-den-hospizverein","status":"publish","type":"post","link":"https:\/\/www.europesays.com\/de\/662166\/","title":{"rendered":"In K\u00f6nigsbrunn sammelt der Trachtenverein Geld f\u00fcr den Hospizverein"},"content":{"rendered":"<p class=\"mb-6 text-xs md:text-m lg:text-l font-serif group-[.font-sans]:font-sans \">\n    Der Trachtenverein D\u2019Lechauer <a href=\"https:\/\/www.augsburger-allgemeine.de\/schwabmuenchen\/ort\/koenigsbrunn\" target=\"_self\" class=\"underline \" rel=\"noopener\">K\u00f6nigsbrunn<\/a> hat die Spenden aus dem Adventskonzert sowie der Stadtmeisterschaft im Schafkopf \u00fcbergeben. Insgesamt kamen bei diesen beiden Veranstaltungen 1230 Euro zusammen. Das Geld ging an den \u00d6kumenischen Hospizverein Christrose in K\u00f6nigsbrunn. Die Trachtler wollten damit ein Zeichen der Unterst\u00fctzung f\u00fcr dessen wertvolle Arbeit setzen. Der Trachtenvereinsvorsitzende Bernhard Dachs und Volksmusikwartin Gabriele Stra\u00dfner \u00fcbergaben die Spende an die Vorsitzende des Hospizvereins, Sigrid Pforr, sowie an Silvia Repenning.\n  <\/p>\n<p>            Daf\u00fcr steht der Hospizverein<\/p>\n<p class=\"mb-6 text-xs md:text-m lg:text-l font-serif group-[.font-sans]:font-sans \">\n    Der Hospizverein wird von etwa 40 ehrenamtlichen Seelsorgern sowie vier hauptamtlich Mitarbeitenden getragen. Die Arbeit wird \u00fcberwiegend durch Spenden finanziert. Neben der Begleitung schwerkranker Menschen und ihrer Angeh\u00f6rigen bietet der Verein auch ein umfassendes Beratungsangebot zur Vorsorge, etwa zu Betreuungs- und Vorsorgevollmachten sowie Patientenverf\u00fcgungen an. (Anna-Lena Oppenl\u00e4nder)\n  <\/p>\n<p>    Dieser Inhalt wird uns zur Verf\u00fcgung gestellt<\/p>\n<p class=\"mb-6 text-xs md:text-m lg:text-l font-serif group-[.font-sans]:font-sans \">\n    Sie haben das Wort! Vereine, Schulen, Kirchen sowie andere Gruppierungen und Einrichtungen aus der Region k\u00f6nnen ihre Texte und Bilder \u00fcber unser Portal unter\u00a0<a href=\"https:\/\/www.azol.de\/upload\" rel=\"nofollow noopener\" target=\"_blank\" class=\"underline \">www.azol.de\/upload<\/a>\u00a0hochladen.<br \/>Unsere Redaktion pr\u00fcft, was ver\u00f6ffentlicht werden kann &#8211; in der Zeitung und Online -, nimmt aber keine redaktionellen Ver\u00e4nderungen vor. Wir freuen uns auf Ihre Neuigkeiten!\n  <\/p>\n<ul data-module-id=\"DragDropModule\" class=\"flex flex-wrap justify-start group-[.no-bookmarks]:hidden\">\n<li class=\"mb-3 mr-3\">\n    Trachtenverein<\/p>\n<p>      Icon Haken im Kreis gesetzt<\/p>\n<p>      Icon Plus im Kreis<\/p>\n<\/li>\n<li class=\"mb-3 mr-3\">\n    Hospizverein<\/p>\n<p>      Icon Haken im Kreis gesetzt<\/p>\n<p>      Icon Plus im Kreis<\/p>\n<\/li>\n<li class=\"mb-3 mr-3\">\n    K\u00f6nigsbrunn<\/p>\n<p>      Icon Haken im Kreis gesetzt<\/p>\n<p>      Icon Plus im Kreis<\/p>\n<\/li>\n<\/ul>\n","protected":false},"excerpt":{"rendered":"Der Trachtenverein D\u2019Lechauer K\u00f6nigsbrunn hat die Spenden aus dem Adventskonzert sowie der Stadtmeisterschaft im Schafkopf \u00fcbergeben. Insgesamt kamen&hellip;\n","protected":false},"author":2,"featured_media":662167,"comment_status":"","ping_status":"","sticky":false,"template":"","format":"standard","meta":{"footnotes":""},"categories":[1846],"tags":[125822,680,772,154558,154559,3364,29,548,663,3934,30,13,154557,81871,14,15,12,11032,42121,22867,29902,154560],"class_list":{"0":"post-662166","1":"post","2":"type-post","3":"status-publish","4":"format-standard","5":"has-post-thumbnail","7":"category-augsburg","8":"tag-adventskonzert","9":"tag-augsburg","10":"tag-bayern","11":"tag-christrose","12":"tag-dlechauer","13":"tag-de","14":"tag-deutschland","15":"tag-eu","16":"tag-europa","17":"tag-europe","18":"tag-germany","19":"tag-headlines","20":"tag-hospizverein","21":"tag-koenigsbrunn","22":"tag-nachrichten","23":"tag-news","24":"tag-schlagzeilen","25":"tag-spende","26":"tag-spendenaufruf","27":"tag-stadtmeisterschaft","28":"tag-trachtenverein","29":"tag-vereinsveranstaltung"},"share_on_mastodon":{"url":"https:\/\/pubeurope.com\/@de\/115757832294823277","error":""},"_links":{"self":[{"href":"https:\/\/www.europesays.com\/de\/wp-json\/wp\/v2\/posts\/662166","targetHints":{"allow":["GET"]}}],"collection":[{"href":"https:\/\/www.europesays.com\/de\/wp-json\/wp\/v2\/posts"}],"about":[{"href":"https:\/\/www.europesays.com\/de\/wp-json\/wp\/v2\/types\/post"}],"author":[{"embeddable":true,"href":"https:\/\/www.europesays.com\/de\/wp-json\/wp\/v2\/users\/2"}],"replies":[{"embeddable":true,"href":"https:\/\/www.europesays.com\/de\/wp-json\/wp\/v2\/comments?post=662166"}],"version-history":[{"count":0,"href":"https:\/\/www.europesays.com\/de\/wp-json\/wp\/v2\/posts\/662166\/revisions"}],"wp:featuredmedia":[{"embeddable":true,"href":"https:\/\/www.europesays.com\/de\/wp-json\/wp\/v2\/media\/662167"}],"wp:attachment":[{"href":"https:\/\/www.europesays.com\/de\/wp-json\/wp\/v2\/media?parent=662166"}],"wp:term":[{"taxonomy":"category","embeddable":true,"href":"https:\/\/www.europesays.com\/de\/wp-json\/wp\/v2\/categories?post=662166"},{"taxonomy":"post_tag","embeddable":true,"href":"https:\/\/www.europesays.com\/de\/wp-json\/wp\/v2\/tags?post=662166"}],"curies":[{"name":"wp","href":"https:\/\/api.w.org\/{rel}","templated":true}]}}