{"id":662236,"date":"2025-12-21T14:21:13","date_gmt":"2025-12-21T14:21:13","guid":{"rendered":"https:\/\/www.europesays.com\/de\/662236\/"},"modified":"2025-12-21T14:21:13","modified_gmt":"2025-12-21T14:21:13","slug":"ueber-100-schoene-stimmen-beim-weihnachtskonzert","status":"publish","type":"post","link":"https:\/\/www.europesays.com\/de\/662236\/","title":{"rendered":"\u00dcber 100 sch\u00f6ne Stimmen beim Weihnachtskonzert\u00a0"},"content":{"rendered":"<p class=\"text_ohne_einzug richtext text-em-55 !leading-serif mx-6 desktop:mx-0\"> Am Vorabend des vierten Advents wurde es festlich in St. Joseph. Vor dem Altar und einem \u00fcppig geschm\u00fcckten Christbaum hatten sich \u00fcber 100 S\u00e4ngerinnen und S\u00e4nger des Projektchors versammelt, der sich aus den Seelsorgebereichen D\u00fcsseldorfer Rheinbogen und St. Franziskus Xaverius zusammensetzt. Gemeinsam mit dem Publikum feierten sie in der voll besetzten Kirche das nahende Wiegenfest von Christi Geburt. Rund 200 Tickets hatte die Gemeinde f\u00fcr das Konzerthighlight dieses Winters verkauft. Eine zweite Auflage gab es am Adventssonntag im Gotteshaus St. Franziskus Xaverius in M\u00f6rsenbroich.<\/p>\n<p class=\"richtext text-em-55 !leading-serif mx-6 desktop:mx-0\">\u201eAls Verhei\u00dfung, dass Christ geboren werden wird, beginnen wir mit <a href=\"https:\/\/rp-online.de\/thema\/felix-mendelssohn-bartholdy\/\" rel=\"nofollow noopener\" target=\"_blank\">Felix Mendelssohn Bartholdy<\/a> \u201aEs wird ein Stern aus Jakob aufgeh\u2019n\u201c, erkl\u00e4rte Chorleiterin Pamela K\u00f6nig den Einstieg ins Konzert. Das zweite St\u00fcck \u201eAuf, auf ihr Herzen, seid bereit\u201c von Gottfried August Homilius sei \u201eals Reflexion zu verstehen, ob wir \u00fcberhaupt bereit f\u00fcr dieses Ereignis sind\u201c, fuhr sie fort. Bachs drittes Brandenburgisches Konzert sei dann \u201edie Vorfreude auf das, was kommt\u201c. Highlight an diesem besonderen Abend war Josef Gabriel Rheinbergers hochromantische Weihnachtskantate \u201eDer Stern von Bethlehem\u201c, allerdings in einer etwas gek\u00fcrzten Fassung.<\/p>\n<p class=\"richtext text-em-55 !leading-serif mx-6 desktop:mx-0\">Die Solopartien \u00fcbernahmen die K\u00f6lner Sopranistin Daniela Bosenius und der Essener Bassist Joel Urch, begleitet von der Camerata Louis Spohr. F\u00fcr <a href=\"https:\/\/rp-online.de\/nrw\/staedte\/duesseldorf\/duesseldorf-darum-geht-der-kantor-aus-hassels-neue-wege_aid-123098357\" rel=\"nofollow noopener\" target=\"_blank\">Johannes Koop<\/a>, seit Januar 2025 neuer Regionalkantor f\u00fcr das Stadtdekanat D\u00fcsseldorf und Seelsorgebereichsmusiker der katholischen Kirchengemeinde St. Franziskus Xaverius, war es eine besondere Premiere: Er dirigierte erstmals die \u00fcber 100 wunderbaren Stimmen von Chor und Solisten, die kurz darauf das Kirchenschiff f\u00fcllten.<\/p>\n<p class=\"richtext text-em-55 !leading-serif mx-6 desktop:mx-0\">In den B\u00e4nken sa\u00dfen viele Freunde und Familienmitglieder, aber auch Publikum, dass eigens f\u00fcr das Konzert aus dem Umland angereist war, wie das Ehepaar Schmidt-Beckers. \u201eWir kommen aus Wuppertal\u201c, erz\u00e4hlten die beiden. \u201eWir wollten gern ein Weihnachtskonzert besuchen und haben \u00fcberlegt, was passen k\u00f6nnte\u201c. Als die beiden durch Zufall davon erfuhren, dass ein Chor aus \u00fcber 100 Stimmen das Konzert geben w\u00fcrde, \u201ehaben wir gar nicht lange \u00fcberlegt, sondern gleich entschieden, da fahren wir hin\u201c, sagten sie.<\/p>\n<p class=\"richtext text-em-55 !leading-serif mx-6 desktop:mx-0\">Die Geschichte der Entstehung von Rheinbergers Weihnachtsoratorium hat einen traurigen Hintergrund, denn obwohl dessen Komponist es als eines seiner wichtigsten Werke bezeichnete, wohnte er nie einer Auff\u00fchrung bei. Ein Grund daf\u00fcr mag der Tod seiner geliebten Frau Franziska (Fanny) von Hoffnaa\u00df am Silvestertag 1892 nach l\u00e4ngerer schwerer Krankheit gewesen sein. Das Paar hatte sich in M\u00fcnchen kennengelernt, wo der geb\u00fcrtige Liechtensteiner zun\u00e4chst als Organist, sp\u00e4ter als Dozent am Konservatorium, Chorleiter und als Korrepetitor arbeitete. Josef Gabriel Rheinberger heiratete die sieben Jahre \u00e4ltere Fanny 1867. Mehrfach vertonte der sp\u00e4tere Hofkapellmeister ihre Dichtungen. Darunter war auch der Text zu \u201eDer Stern von Bethlehem\u201c. Allerdings brauchte der Komponist daf\u00fcr sehr viel mehr Zeit, als \u00fcblich. Zwar war das Werk bereits fertig, als Fanny schlie\u00dflich starb, doch der Witwer brachte es wohl nicht \u00fcber sich, die Musik live aufgef\u00fchrt mitzuerleben.<\/p>\n<p class=\"richtext text-em-55 !leading-serif mx-6 desktop:mx-0\">Dieser nicht minder ber\u00fchrende Hintergrund der Entstehung verbunden mit der Weihnachtsgeschichte, fasste auch so manche im Kirchenschiff an diesem letzten Adventswochenende an. Annabelle Thiel wischte sich schnell ein paar Tr\u00e4nchen aus den Augen. \u201eIch liebe das Oratorium und bin extra aus Ratingen gekommen, um es hier zu h\u00f6ren\u201c, sagte die 65-j\u00e4hrige, die ihre Freundin Marlies mitgebracht hatte, die ebenfalls ger\u00fchrt von der \u201efestlichen Stimmung\u201c war. Die Freundin war es auch, die Annabelle Thiel von Josef und Fanny erz\u00e4hlte. \u201eIch habe dazu vor ein paar Jahren einen sch\u00f6nen Text gelesen und das seitdem immer im Hinterkopf behalten, wenn ich mir den Stern von Bethlehem anh\u00f6re\u201c, erz\u00e4hlte sie.<\/p>\n<p class=\"richtext text-em-55 !leading-serif mx-6 desktop:mx-0\">F\u00fcr Melanie Till war das \u201eKonzert wie eine Insel im Vorweihnachtstrubel\u201c. Ein Abend, den \u201eich mir ganz allein g\u00f6nne, bevor ich ab Morgen in die hei\u00dfe Phase der Vorbereitungen eintrete\u201c, verriet die dreifache Oma mit einem L\u00e4cheln.<\/p>\n","protected":false},"excerpt":{"rendered":"Am Vorabend des vierten Advents wurde es festlich in St. Joseph. Vor dem Altar und einem \u00fcppig geschm\u00fcckten&hellip;\n","protected":false},"author":2,"featured_media":662237,"comment_status":"","ping_status":"","sticky":false,"template":"","format":"standard","meta":{"footnotes":""},"categories":[1831],"tags":[151590,3364,29,3405,154569,23798,30,8659,25633,63631,1310,64339,29969,1209,24536,106177,138389,154568],"class_list":{"0":"post-662236","1":"post","2":"type-post","3":"status-publish","4":"format-standard","5":"has-post-thumbnail","7":"category-duesseldorf","8":"tag-bethlehem","9":"tag-de","10":"tag-deutschland","11":"tag-duesseldorf","12":"tag-fanny","13":"tag-franziskus","14":"tag-germany","15":"tag-highlight","16":"tag-holthausen","17":"tag-joseph","18":"tag-konzert","19":"tag-konzerthighlight","20":"tag-moersenbroich","21":"tag-nordrhein-westfalen","22":"tag-pamela","23":"tag-rheinbogen","24":"tag-weihnachtskonzert","25":"tag-xaverius"},"share_on_mastodon":{"url":"https:\/\/pubeurope.com\/@de\/115758005259838783","error":""},"_links":{"self":[{"href":"https:\/\/www.europesays.com\/de\/wp-json\/wp\/v2\/posts\/662236","targetHints":{"allow":["GET"]}}],"collection":[{"href":"https:\/\/www.europesays.com\/de\/wp-json\/wp\/v2\/posts"}],"about":[{"href":"https:\/\/www.europesays.com\/de\/wp-json\/wp\/v2\/types\/post"}],"author":[{"embeddable":true,"href":"https:\/\/www.europesays.com\/de\/wp-json\/wp\/v2\/users\/2"}],"replies":[{"embeddable":true,"href":"https:\/\/www.europesays.com\/de\/wp-json\/wp\/v2\/comments?post=662236"}],"version-history":[{"count":0,"href":"https:\/\/www.europesays.com\/de\/wp-json\/wp\/v2\/posts\/662236\/revisions"}],"wp:featuredmedia":[{"embeddable":true,"href":"https:\/\/www.europesays.com\/de\/wp-json\/wp\/v2\/media\/662237"}],"wp:attachment":[{"href":"https:\/\/www.europesays.com\/de\/wp-json\/wp\/v2\/media?parent=662236"}],"wp:term":[{"taxonomy":"category","embeddable":true,"href":"https:\/\/www.europesays.com\/de\/wp-json\/wp\/v2\/categories?post=662236"},{"taxonomy":"post_tag","embeddable":true,"href":"https:\/\/www.europesays.com\/de\/wp-json\/wp\/v2\/tags?post=662236"}],"curies":[{"name":"wp","href":"https:\/\/api.w.org\/{rel}","templated":true}]}}