{"id":662260,"date":"2025-12-21T14:33:16","date_gmt":"2025-12-21T14:33:16","guid":{"rendered":"https:\/\/www.europesays.com\/de\/662260\/"},"modified":"2025-12-21T14:33:16","modified_gmt":"2025-12-21T14:33:16","slug":"diebstahl-in-brandenburg-diebe-stehlen-in-mehreren-staedten-dutzende-weihnachtsbaeume","status":"publish","type":"post","link":"https:\/\/www.europesays.com\/de\/662260\/","title":{"rendered":"Diebstahl in Brandenburg: Diebe stehlen in mehreren St\u00e4dten dutzende Weihnachtsb\u00e4ume"},"content":{"rendered":"<p>Vor den Feiertagen sind Christb\u00e4ume begehrtes Diebesgut. Der Schaden f\u00fcr H\u00e4ndler ist betr\u00e4chtlich. In diesen St\u00e4dten in Brandenburg haben die Weihnachtsbaum-Diebe zugeschlagen.<\/p>\n<p>21. Dezember 2025 um 15:20 UhrFrankfurt (Oder) \/ Cottbus<\/p>\n<p><img loading=\"lazy\" decoding=\"async\" src=\"https:\/\/www.europesays.com\/de\/wp-content\/uploads\/2025\/12\/3eb29abd-77a9-4099-a735-dbb830175a67.jpg\" class=\"u-base-image__image\" width=\"1200\" height=\"675\" alt=\"\"\/><\/p>\n<p class=\"u-base-image__cap m-0\">Ein Weihnachtsbaum &#8211; hier eine Blaufichte &#8211; steht in einem Baumarkt zum Verkauf. Immer wieder sind Christb\u00e4ume begehrtes Diebesgut in Brandenburg. (Symbolfoto)<\/p>\n<p>Rolf Vennenbernd\/dpa Zusammenfassung Neu<\/p>\n<ul>\n<li>Unbekannte stahlen am vierten Adventswochenende Weihnachtsb\u00e4ume in mehreren St\u00e4dten Brandenburgs.<\/li>\n<li>In Eberswalde verschwanden 15 B\u00e4ume aus einem umz\u00e4unten Bereich an einem Supermarkt.<\/li>\n<li>In Oranienburg wurden 40 B\u00e4ume von einem Parkplatzstand gestohlen \u2013 Schaden: 2000 Euro.<\/li>\n<li>In Frankfurt (Oder) entstand ein Schaden von \u00fcber 3000 Euro durch gestohlene Weihnachtsb\u00e4ume.<\/li>\n<li>Bereits Anfang Dezember 2025 verschwanden in Cottbus 130 B\u00e4ume \u2013 Schaden: 4000 Euro.<\/li>\n<\/ul>\n<p class=\"u-ai-feedback__info\">Die Zusammenfassung wurde durch k\u00fcnstliche Intelligenz erstellt.<\/p>\n<p>War das hilfreich f\u00fcr Sie?<\/p>\n<p class=\"u-paragraph\" lazy=\"true\">Vor dem Weihnachtsfest 2025 haben unbekannte Diebe am vierten Adventswochenende Weihnachtsbaumst\u00e4nde in mehreren St\u00e4dten im Land Brandenburgs gepl\u00fcndert. Das teilt die Polizei am Sonntag (21. Dezember 2025) mit. Dabei sei ein Schaden von mehreren Tausend Euro entstanden.<\/p>\n<p class=\"u-paragraph\" lazy=\"true\">Wie die Polizei weiter mitteilt, verschwanden demnach in <strong>Eberswalde<\/strong> (Landkreis Barnim) in der Nacht zum Samstag (20. Dezember 2025) aus einem umz\u00e4unten Bereich an einem Supermarkt 15 Weihnachtsb\u00e4ume.<\/p>\n<p class=\"u-paragraph\" lazy=\"true\">Auch in anderen St\u00e4dten in Brandenburg schlugen die T\u00e4ter zu. So unter anderem in <strong>Frankfurt (Oder),<\/strong> wo laut Polizei ein Schaden von mehr als 3000 Euro entstanden ist.<\/p>\n<p>Bereits Anfang Dezember Weihnachtsbaumdiebstahl in Cottbus<\/p>\n<p class=\"u-paragraph\" lazy=\"true\">In <strong>Oranienburg<\/strong> (Landkreis Oberhavel) besch\u00e4digten Unbekannte Z\u00e4une und stahlen von einem Verkaufsstand auf einem Parkplatz in der Friedensstra\u00dfe rund 40 Weihnachtsb\u00e4ume. Der Schaden dort 2000 Euro, so die Polizei. Sie leitete Ermittlungen wegen besonders schweren Diebstahls ein.<\/p>\n<p class=\"u-paragraph\" lazy=\"true\">Bereits Anfang Dezember 2025 gab es einen \u00e4hnlichen Vorfall in Brandenburg: In <strong>Cottbus<\/strong> entwendeten Diebe rund 130 Weihnachtsb\u00e4ume von einem Verkaufsstand. Mitarbeiter des Standes bemerkten den Diebstahl am Morgen nach der Tat. Damals entstand ein Schaden von etwa 4000 Euro.<\/p>\n","protected":false},"excerpt":{"rendered":"Vor den Feiertagen sind Christb\u00e4ume begehrtes Diebesgut. Der Schaden f\u00fcr H\u00e4ndler ist betr\u00e4chtlich. In diesen St\u00e4dten in Brandenburg&hellip;\n","protected":false},"author":2,"featured_media":662261,"comment_status":"","ping_status":"","sticky":false,"template":"","format":"standard","meta":{"footnotes":""},"categories":[1816],"tags":[1960,1958,1959,1957,1956,1890,29,30],"class_list":{"0":"post-662260","1":"post","2":"type-post","3":"status-publish","4":"format-standard","5":"has-post-thumbnail","7":"category-brandenburg","8":"tag-aktuelle-nachrichten-aus-berlin-und-brandenburg","9":"tag-aktuelle-nachrichten-aus-brandenburg","10":"tag-aktuelle-news-aus-berlin-und-brandenburg","11":"tag-aktuelle-news-aus-brandenburg","12":"tag-berlin-und-brandenburg","13":"tag-brandenburg","14":"tag-deutschland","15":"tag-germany"},"share_on_mastodon":{"url":"https:\/\/pubeurope.com\/@de\/115758053298645127","error":""},"_links":{"self":[{"href":"https:\/\/www.europesays.com\/de\/wp-json\/wp\/v2\/posts\/662260","targetHints":{"allow":["GET"]}}],"collection":[{"href":"https:\/\/www.europesays.com\/de\/wp-json\/wp\/v2\/posts"}],"about":[{"href":"https:\/\/www.europesays.com\/de\/wp-json\/wp\/v2\/types\/post"}],"author":[{"embeddable":true,"href":"https:\/\/www.europesays.com\/de\/wp-json\/wp\/v2\/users\/2"}],"replies":[{"embeddable":true,"href":"https:\/\/www.europesays.com\/de\/wp-json\/wp\/v2\/comments?post=662260"}],"version-history":[{"count":0,"href":"https:\/\/www.europesays.com\/de\/wp-json\/wp\/v2\/posts\/662260\/revisions"}],"wp:featuredmedia":[{"embeddable":true,"href":"https:\/\/www.europesays.com\/de\/wp-json\/wp\/v2\/media\/662261"}],"wp:attachment":[{"href":"https:\/\/www.europesays.com\/de\/wp-json\/wp\/v2\/media?parent=662260"}],"wp:term":[{"taxonomy":"category","embeddable":true,"href":"https:\/\/www.europesays.com\/de\/wp-json\/wp\/v2\/categories?post=662260"},{"taxonomy":"post_tag","embeddable":true,"href":"https:\/\/www.europesays.com\/de\/wp-json\/wp\/v2\/tags?post=662260"}],"curies":[{"name":"wp","href":"https:\/\/api.w.org\/{rel}","templated":true}]}}