{"id":662308,"date":"2025-12-21T15:03:15","date_gmt":"2025-12-21T15:03:15","guid":{"rendered":"https:\/\/www.europesays.com\/de\/662308\/"},"modified":"2025-12-21T15:03:15","modified_gmt":"2025-12-21T15:03:15","slug":"wie-ein-weihnachtlich-geschmueckter-ballon-zum-star-ueber-der-wwk-arena-wurde","status":"publish","type":"post","link":"https:\/\/www.europesays.com\/de\/662308\/","title":{"rendered":"Wie ein weihnachtlich geschm\u00fcckter Ballon zum Star \u00fcber der WWK-Arena wurde"},"content":{"rendered":"<p class=\"mb-6 text-xs md:text-m lg:text-l font-serif group-[.font-sans]:font-sans \">\n    Nils R\u00f6meling ist ein erfahrener Ballonfahrer. Schon fast 2.000 Mal war der geb\u00fcrtige Baden-W\u00fcrttemberger im Ballonkorb in der Luft. Der hauptberufliche Online-Marketing-Berater, der in Augsburg wohnt, leitet auch das einzige ortsans\u00e4ssige und staatlich lizenzierte Luftfahrtunternehmen: \u201eBallonfahrten Augsburg\u201c.\n  <\/p>\n<p>    <img decoding=\"async\" src=\"https:\/\/www.europesays.com\/de\/wp-content\/uploads\/2025\/12\/vid20251220145455000390422025-12-2113-35-15screenshot.jpg\" alt=\"Diesen Blick hatte Nils R\u00f6meling von oben auf das Spiel des FCA gegen Werder Bremen.\" title=\"Diesen Blick hatte Nils R\u00f6meling von oben auf das Spiel des FCA gegen Werder Bremen.\" class=\"h-full w-full object-cover\"\/><\/p>\n<p>      Icon vergr\u00f6\u00dfern<\/p>\n<p>    Diesen Blick hatte Nils R\u00f6meling von oben auf das Spiel des FCA gegen Werder Bremen.<br \/>\n    Foto: Nils R\u00f6meling<\/p>\n<p>        Schlie\u00dfen <\/p>\n<p>      Icon Schlie\u00dfen<\/p>\n<p>        Icon vergr\u00f6\u00dfern<\/p>\n<p>        Icon verkleinern<\/p>\n<p>      Icon Pfeil bewegen<\/p>\n<p>    Diesen Blick hatte Nils R\u00f6meling von oben auf das Spiel des FCA gegen Werder Bremen.<br \/>\n    Foto: Nils R\u00f6meling<\/p>\n<p>            Mit der perfekten Luftstr\u00f6mung mit  Hei\u00dfluftballon \u00fcber die WWK-Arena<\/p>\n<p class=\"mb-6 text-xs md:text-m lg:text-l font-serif group-[.font-sans]:font-sans \">\n    Deshalb kennt er sich bestens im Luftraum \u00fcber Augsburg aus. Und deshalb nutzte er am Samstag die Chance, mit seinem weihnachtlich geschm\u00fcckten Ballon \u00fcber die WWK-Arena zu fahren. Dabei waren au\u00dfen Geschenk-Attrappen und ein aufblasbarer \u201eRudolph, the Red-Nosed Reindeer\u201c angebracht.<\/p>\n<p>    <img decoding=\"async\" src=\"https:\/\/www.europesays.com\/de\/wp-content\/uploads\/2025\/12\/img-20251221-wa0015.jpg\" alt=\" Rudolph, the Red-Nosed Reindeer, ist im Anflug auf die WWK-Arena. \" title=\" Rudolph, the Red-Nosed Reindeer, ist im Anflug auf die WWK-Arena. \" class=\"h-full w-full object-cover\"\/><\/p>\n<p>      Icon vergr\u00f6\u00dfern<\/p>\n<p>     Rudolph, the Red-Nosed Reindeer, ist im Anflug auf die WWK-Arena.<br \/>\n    Foto: Nils R\u00f6meling<\/p>\n<p>        Schlie\u00dfen <\/p>\n<p>      Icon Schlie\u00dfen<\/p>\n<p>        Icon vergr\u00f6\u00dfern<\/p>\n<p>        Icon verkleinern<\/p>\n<p>      Icon Pfeil bewegen<\/p>\n<p>     Rudolph, the Red-Nosed Reindeer, ist im Anflug auf die WWK-Arena.<br \/>\n    Foto: Nils R\u00f6meling<\/p>\n<p class=\"mb-6 text-xs md:text-m lg:text-l font-serif group-[.font-sans]:font-sans \">\n    \u201eEs war ein Riesenspa\u00df. Wir hatten das perfekte Wetter, die perfekte Luftstr\u00f6mung und die Leute haben zur\u00fcckgewunken. Es war toll.\u201c <a href=\"https:\/\/www.augsburger-allgemeine.de\/sport\/fc-augsburg\/fc-augsburg-verpasst-sieg-gegen-werder-bremen-trotz-engagierter-zweiter-halbzeit-113023916\" target=\"_self\" class=\"underline \" rel=\"nofollow noopener\">30.000 Zuschauer waren zum Spiel gegen Werder Bremen gekommen u<\/a>nd bestaunten die Attraktion, die mit dem FCA nicht abgesprochen war.\n  <\/p>\n<p>            Ballonfahrer Nils R\u00f6meling in Kontakt mit der Polizei<\/p>\n<p class=\"mb-6 text-xs md:text-m lg:text-l font-serif group-[.font-sans]:font-sans \">\n    Schon beim<a href=\"https:\/\/www.augsburger-allgemeine.de\/sport\/fc-augsburg\/fc-augsburg-sichert-minimalziel-mit-1-0-sieg-ueber-hamburger-sv-112847339\" target=\"_self\" class=\"underline \" rel=\"nofollow noopener\"> Spiel gegen den Hamburger SV<\/a> war R\u00f6meling mit seinem Ballon \u00fcber das Stadion gefahren. Da startete er in der N\u00e4he der Arena und hatte zuvor Kontakt mit der Polizei. Auch die Leitstelle hatte keine Bedenken.\n  <\/p>\n<p class=\"mb-6 text-xs md:text-m lg:text-l font-serif group-[.font-sans]:font-sans \">\n    Diesmal startete der Pilot mit seiner Crew und seinem kleinen Ballon \u201eUrs, der Steinbock\u201c, der f\u00fcr den Zoo Augsburg wirbt, bei Kissing (Kreis Aichach-Friedberg). Fuhr dann \u00fcber den Lech und den Siebentischwald zur WWK-Arena. Dort bestand auch dieses Mal Kontakt mit der Polizei. \u201eHier ist freier Luftraum. Dazu braucht man keine Genehmigung. Man muss aber \u00fcber Menschenansammlungen von der normalen Flugh\u00f6he 150 Meter auf 300 Meter H\u00f6he steigen\u201c, erkl\u00e4rt der erfahrene Ballonfahrer.\n  <\/p>\n<p>            Ballonfahrt geht viral durch die Decke<\/p>\n<p class=\"mb-6 text-xs md:text-m lg:text-l font-serif group-[.font-sans]:font-sans \">\n    Am Samstag schwebte Urs genau zwei Minuten \u00fcber dem Stadion. Eingefangen von vielen Smartphones, Fotokameras und auch den Fernseh-Kameras von Sky. Der Bezahlsender baute die Fahrt dann auch in seine Live-\u00dcbertragung des Spiels ein. Auch darum gehen die Klickzahlen auf den Social-Media-Kan\u00e4len von R\u00f6meling durch die Decke. \u201eDas ist cool, auch weil wir den Zuschauern eine Freude machen konnten.\u201c\n  <\/p>\n<ul data-module-id=\"DragDropModule\" class=\"flex flex-wrap justify-start group-[.no-bookmarks]:hidden\">\n<li class=\"mb-3 mr-3\">\n    Robert G\u00f6tz<\/p>\n<p>      Icon Haken im Kreis gesetzt<\/p>\n<p>      Icon Plus im Kreis<\/p>\n<\/li>\n<li class=\"mb-3 mr-3\">\n    Augsburg<\/p>\n<p>      Icon Haken im Kreis gesetzt<\/p>\n<p>      Icon Plus im Kreis<\/p>\n<\/li>\n<li class=\"mb-3 mr-3\">\n    SV Werder Bremen<\/p>\n<p>      Icon Haken im Kreis gesetzt<\/p>\n<p>      Icon Plus im Kreis<\/p>\n<\/li>\n<\/ul>\n","protected":false},"excerpt":{"rendered":"Nils R\u00f6meling ist ein erfahrener Ballonfahrer. Schon fast 2.000 Mal war der geb\u00fcrtige Baden-W\u00fcrttemberger im Ballonkorb in der&hellip;\n","protected":false},"author":2,"featured_media":662309,"comment_status":"","ping_status":"","sticky":false,"template":"","format":"standard","meta":{"footnotes":""},"categories":[1846],"tags":[680,154579,772,3364,29,548,663,3934,483,30,13,5075,104885,14,15,154577,121,12,2365,154578,121605],"class_list":{"0":"post-662308","1":"post","2":"type-post","3":"status-publish","4":"format-standard","5":"has-post-thumbnail","7":"category-augsburg","8":"tag-augsburg","9":"tag-ballonkorb","10":"tag-bayern","11":"tag-de","12":"tag-deutschland","13":"tag-eu","14":"tag-europa","15":"tag-europe","16":"tag-fc-augsburg","17":"tag-germany","18":"tag-headlines","19":"tag-hsv","20":"tag-kissing","21":"tag-nachrichten","22":"tag-news","23":"tag-nils-roemeling","24":"tag-polizei","25":"tag-schlagzeilen","26":"tag-sv-werder-bremen","27":"tag-ueberflug","28":"tag-zoo-augsburg"},"share_on_mastodon":{"url":"https:\/\/pubeurope.com\/@de\/115758171840627509","error":""},"_links":{"self":[{"href":"https:\/\/www.europesays.com\/de\/wp-json\/wp\/v2\/posts\/662308","targetHints":{"allow":["GET"]}}],"collection":[{"href":"https:\/\/www.europesays.com\/de\/wp-json\/wp\/v2\/posts"}],"about":[{"href":"https:\/\/www.europesays.com\/de\/wp-json\/wp\/v2\/types\/post"}],"author":[{"embeddable":true,"href":"https:\/\/www.europesays.com\/de\/wp-json\/wp\/v2\/users\/2"}],"replies":[{"embeddable":true,"href":"https:\/\/www.europesays.com\/de\/wp-json\/wp\/v2\/comments?post=662308"}],"version-history":[{"count":0,"href":"https:\/\/www.europesays.com\/de\/wp-json\/wp\/v2\/posts\/662308\/revisions"}],"wp:featuredmedia":[{"embeddable":true,"href":"https:\/\/www.europesays.com\/de\/wp-json\/wp\/v2\/media\/662309"}],"wp:attachment":[{"href":"https:\/\/www.europesays.com\/de\/wp-json\/wp\/v2\/media?parent=662308"}],"wp:term":[{"taxonomy":"category","embeddable":true,"href":"https:\/\/www.europesays.com\/de\/wp-json\/wp\/v2\/categories?post=662308"},{"taxonomy":"post_tag","embeddable":true,"href":"https:\/\/www.europesays.com\/de\/wp-json\/wp\/v2\/tags?post=662308"}],"curies":[{"name":"wp","href":"https:\/\/api.w.org\/{rel}","templated":true}]}}