{"id":662325,"date":"2025-12-21T15:13:14","date_gmt":"2025-12-21T15:13:14","guid":{"rendered":"https:\/\/www.europesays.com\/de\/662325\/"},"modified":"2025-12-21T15:13:14","modified_gmt":"2025-12-21T15:13:14","slug":"so-stark-ist-wuppertal-derzeit-von-der-grippewelle-betroffen","status":"publish","type":"post","link":"https:\/\/www.europesays.com\/de\/662325\/","title":{"rendered":"So stark ist Wuppertal derzeit von der Grippewelle betroffen"},"content":{"rendered":"<p class=\"text_ohne_einzug richtext text-em-55 !leading-serif mx-6 desktop:mx-0\">Die Grippewelle hat in diesem Jahr in Deutschland ungew\u00f6hnlich fr\u00fch begonnen, teilt das Robert-Koch-Institut mit. Das RKI datiert den Beginn der Welle gem\u00e4\u00df der RKI-Definition auf den 24. November, \u201ezwei bis drei Wochen eher als in 2023 und 2024\u201c. Doch wie ist die Lage in Wuppertal? Dazu liegen der WZ unterschiedliche Einsch\u00e4tzungen vor.<\/p>\n","protected":false},"excerpt":{"rendered":"Die Grippewelle hat in diesem Jahr in Deutschland ungew\u00f6hnlich fr\u00fch begonnen, teilt das Robert-Koch-Institut mit. Das RKI datiert&hellip;\n","protected":false},"author":2,"featured_media":662326,"comment_status":"","ping_status":"","sticky":false,"template":"","format":"standard","meta":{"footnotes":""},"categories":[1840],"tags":[121776,590,31565,6507,17253,3364,29,30,13411,50415,85395,128888,1209,154583,16256,27751,25832,7009,4418],"class_list":{"0":"post-662325","1":"post","2":"type-post","3":"status-publish","4":"format-standard","5":"has-post-thumbnail","7":"category-wuppertal","8":"tag-grippewelle","9":"tag-aktuell","10":"tag-beginn","11":"tag-beginnt","12":"tag-bethesda","13":"tag-de","14":"tag-deutschland","15":"tag-germany","16":"tag-grippe","17":"tag-grippefaelle","18":"tag-grippeimpfung","19":"tag-grippezeit","20":"tag-nordrhein-westfalen","21":"tag-reimer","22":"tag-rki","23":"tag-spuren","24":"tag-teilt","25":"tag-welle","26":"tag-wuppertal"},"share_on_mastodon":{"url":"https:\/\/pubeurope.com\/@de\/115758209879122116","error":""},"_links":{"self":[{"href":"https:\/\/www.europesays.com\/de\/wp-json\/wp\/v2\/posts\/662325","targetHints":{"allow":["GET"]}}],"collection":[{"href":"https:\/\/www.europesays.com\/de\/wp-json\/wp\/v2\/posts"}],"about":[{"href":"https:\/\/www.europesays.com\/de\/wp-json\/wp\/v2\/types\/post"}],"author":[{"embeddable":true,"href":"https:\/\/www.europesays.com\/de\/wp-json\/wp\/v2\/users\/2"}],"replies":[{"embeddable":true,"href":"https:\/\/www.europesays.com\/de\/wp-json\/wp\/v2\/comments?post=662325"}],"version-history":[{"count":0,"href":"https:\/\/www.europesays.com\/de\/wp-json\/wp\/v2\/posts\/662325\/revisions"}],"wp:featuredmedia":[{"embeddable":true,"href":"https:\/\/www.europesays.com\/de\/wp-json\/wp\/v2\/media\/662326"}],"wp:attachment":[{"href":"https:\/\/www.europesays.com\/de\/wp-json\/wp\/v2\/media?parent=662325"}],"wp:term":[{"taxonomy":"category","embeddable":true,"href":"https:\/\/www.europesays.com\/de\/wp-json\/wp\/v2\/categories?post=662325"},{"taxonomy":"post_tag","embeddable":true,"href":"https:\/\/www.europesays.com\/de\/wp-json\/wp\/v2\/tags?post=662325"}],"curies":[{"name":"wp","href":"https:\/\/api.w.org\/{rel}","templated":true}]}}