{"id":662327,"date":"2025-12-21T15:14:19","date_gmt":"2025-12-21T15:14:19","guid":{"rendered":"https:\/\/www.europesays.com\/de\/662327\/"},"modified":"2025-12-21T15:14:19","modified_gmt":"2025-12-21T15:14:19","slug":"sicherheitsbedenken-an-liebigstrasse-voruebergehend-behoben","status":"publish","type":"post","link":"https:\/\/www.europesays.com\/de\/662327\/","title":{"rendered":"Sicherheitsbedenken an Liebigstra\u00dfe vor\u00fcbergehend behoben"},"content":{"rendered":"<p>\t\tDunkle Liebigstra\u00dfe in Rauxel<br \/>\n\t\t\t\t\tAnwohner warten Wochen auf provisorische Beleuchtung<\/p>\n<p>\t\t\t\t<a class=\"article-author__name\" href=\"https:\/\/www.ruhrnachrichten.de\/author\/laura-grasboeck\/\" rel=\"author noopener\" target=\"_blank\">Laura Grasb\u00f6ck<\/a><br \/>\n\t\tFreie Mitarbeiterin<\/p>\n<p>    <a href=\"https:\/\/www.ruhrnachrichten.de\/wp-content\/uploads\/2025\/12\/21\/12\/630_0900_5511897_-1648x824.jpg\" target=\"_blank\" rel=\"noopener\"><\/p>\n<p>            <img loading=\"lazy\" decoding=\"async\" src=\"https:\/\/www.europesays.com\/de\/wp-content\/uploads\/2025\/12\/630_0900_5511900_-640x428.jpg\" width=\"640\" height=\"428\"  alt=\"\"\/><\/p>\n<p>    <\/a><br \/>\n    Christiane Looser (l.) und Renate Murlowski (r.) sorgten sich aufgrund der Baustelle an der Liebigstra\u00dfe um die Sicherheit. Daf\u00fcr gibt es nun eine L\u00f6sung. \u00a9 Laura Grasb\u00f6ck<\/p>\n<p class=\"article__teaser-text\">Eine entfernte Laterne sorgt in Rauxel f\u00fcr Probleme. Anwohner k\u00e4mpfen mit dunklen Wegen und Sicherheitsbedenken \u2013 nun gibt es eine vor\u00fcbergehende L\u00f6sung.<\/p>\n<p>3 Min Lesezeit<\/p>\n<p>Fehlende Beleuchtung?L\u00f6sung bereits installiert<\/p>\n","protected":false},"excerpt":{"rendered":"Dunkle Liebigstra\u00dfe in Rauxel Anwohner warten Wochen auf provisorische Beleuchtung Laura Grasb\u00f6ck Freie Mitarbeiterin Christiane Looser (l.) und&hellip;\n","protected":false},"author":2,"featured_media":662328,"comment_status":"","ping_status":"","sticky":false,"template":"","format":"standard","meta":{"footnotes":""},"categories":[1839],"tags":[2461,7507,3364,29,30,1209,3587],"class_list":{"0":"post-662327","1":"post","2":"type-post","3":"status-publish","4":"format-standard","5":"has-post-thumbnail","7":"category-bochum","8":"tag-baustelle","9":"tag-bochum","10":"tag-de","11":"tag-deutschland","12":"tag-germany","13":"tag-nordrhein-westfalen","14":"tag-verkehr-mobilitaet"},"share_on_mastodon":{"url":"https:\/\/pubeurope.com\/@de\/115758214629415876","error":""},"_links":{"self":[{"href":"https:\/\/www.europesays.com\/de\/wp-json\/wp\/v2\/posts\/662327","targetHints":{"allow":["GET"]}}],"collection":[{"href":"https:\/\/www.europesays.com\/de\/wp-json\/wp\/v2\/posts"}],"about":[{"href":"https:\/\/www.europesays.com\/de\/wp-json\/wp\/v2\/types\/post"}],"author":[{"embeddable":true,"href":"https:\/\/www.europesays.com\/de\/wp-json\/wp\/v2\/users\/2"}],"replies":[{"embeddable":true,"href":"https:\/\/www.europesays.com\/de\/wp-json\/wp\/v2\/comments?post=662327"}],"version-history":[{"count":0,"href":"https:\/\/www.europesays.com\/de\/wp-json\/wp\/v2\/posts\/662327\/revisions"}],"wp:featuredmedia":[{"embeddable":true,"href":"https:\/\/www.europesays.com\/de\/wp-json\/wp\/v2\/media\/662328"}],"wp:attachment":[{"href":"https:\/\/www.europesays.com\/de\/wp-json\/wp\/v2\/media?parent=662327"}],"wp:term":[{"taxonomy":"category","embeddable":true,"href":"https:\/\/www.europesays.com\/de\/wp-json\/wp\/v2\/categories?post=662327"},{"taxonomy":"post_tag","embeddable":true,"href":"https:\/\/www.europesays.com\/de\/wp-json\/wp\/v2\/tags?post=662327"}],"curies":[{"name":"wp","href":"https:\/\/api.w.org\/{rel}","templated":true}]}}