{"id":662332,"date":"2025-12-21T15:17:12","date_gmt":"2025-12-21T15:17:12","guid":{"rendered":"https:\/\/www.europesays.com\/de\/662332\/"},"modified":"2025-12-21T15:17:12","modified_gmt":"2025-12-21T15:17:12","slug":"orban-zusammenbruch-der-ukraine-waere-eine-katastrophe-fuer-ungarn","status":"publish","type":"post","link":"https:\/\/www.europesays.com\/de\/662332\/","title":{"rendered":"Orban: Zusammenbruch der Ukraine w\u00e4re eine Katastrophe f\u00fcr Ungarn"},"content":{"rendered":"<p>\n         Zuerst ver\u00f6ffentlicht am<br \/>\n            21\/12\/2025 &#8211; 15:46 MEZ\n            <\/p>\n<p>Viktor Orban ist am Wochenende auf einem sogenannten &#8222;Friedenstreffen&#8220; der &#8222;Digitalen B\u00fcrgerkreise&#8220;, einem Netzwerk von Sympathisantengruppen seiner Regierungspartei Fidesz aufgetreten. <\/p>\n<p>Der ungarische Ministerpr\u00e4sident sieht sich bei den Wahlen im Fr\u00fchjahr zum ersten Mal nach 15 Jahren an der Macht <a href=\"https:\/\/de.euronews.com\/2025\/09\/08\/2026-in-ungarn-orban-und-magyar-wahlkampf\" target=\"_blank\" rel=\"noopener\"><strong>mit echtem Widerstand konfrontiert<\/strong><\/a>. In der Kampagne setzt Orban auf seine internationale Erfahrung. So sprach er bei der 5. Station seiner &#8222;Country Tour&#8220; in der s\u00fcdlichen Stadt Szeged \u00fcber die ungarische Au\u00dfenpolitik und \u00fcber den <a href=\"https:\/\/de.euronews.com\/search?query=ukraine-krieg\" target=\"_blank\" rel=\"noopener\"><strong>Krieg in der Ukraine<\/strong><\/a>.<\/p>\n<p>&#8222;Machen Sie keinen Fehler: Der Zusammenbruch der Ukraine w\u00e4re eine Katastrophe f\u00fcr Ungarn. Der Zusammenbruch der Ukraine ist also nicht nut keinesfalls im Interesse Ungarns, sondern wir m\u00fcssen viel tun, um ihn zu verhindern. Die Menschen auf dem Lande &#8211; und die Immobilienspekulanten &#8211; wissen ganz genau, dass der Wert eines Grundst\u00fccks nicht nur vom Zustand dieses Grundst\u00fccks abh\u00e4ngt, sondern auch vom Zustand des Nachbargrundst\u00fccks und davon, wer dort wohnt.&#8220;<\/p>\n<p>Viktor Orban verwies darauf, dass die Ukraine 44 Prozent ihres Stroms und 56 Prozent ihres Erdgases aus Ungarn beziehe und ein erheblicher Teil dieser Energie aus russischen Quellen kommen. Ungarische Beamte hatten diese Zahlen bereits fr\u00fcher genannt, als sie auf die Kritik an den Beziehungen Ungarns zu Russland reagierten.<\/p>\n<p>Orbans besondere Position<\/p>\n<p>Einen Tag zuvor hatte Orban Russlands Angriffskrieg in der Ukraine mit den Worten kommentiert, es sei &#8222;schwer zu sagen, wer wen angegriffen hat&#8220; &#8211; eine Aussage, die vom vorherrschenden internationalen Konsens \u00fcber den Krieg abweicht. <\/p>\n<p>Beim EU-Gipfel in Br\u00fcssel wurde beschlossen, dass sich Ungarn nicht am geplanten <a href=\"https:\/\/de.euronews.com\/my-europe\/2025\/12\/20\/eu-schulden-ukraine-krieg-russland\" target=\"_blank\" rel=\"noopener\"><strong>90-Milliarden-Euro-Kredit f\u00fcr die Ukraine<\/strong><\/a> beteiligt.<\/p>\n<p>In seiner Rede am Samstag bekr\u00e4ftigte Orban seinen Standpunkt, dass die Unterst\u00fctzung der Ukraine durch andere Staaten im Krieg gegen Russland zu einer Verl\u00e4ngerung des Konflikts beitrage und dass dies seiner Ansicht nach nicht den Interessen der Ukraine diene. <\/p>\n","protected":false},"excerpt":{"rendered":"Zuerst ver\u00f6ffentlicht am 21\/12\/2025 &#8211; 15:46 MEZ Viktor Orban ist am Wochenende auf einem sogenannten &#8222;Friedenstreffen&#8220; der &#8222;Digitalen&hellip;\n","protected":false},"author":2,"featured_media":662333,"comment_status":"","ping_status":"","sticky":false,"template":"","format":"standard","meta":{"footnotes":""},"categories":[4012],"tags":[331,332,21178,13,14,15,1713,12,317,500],"class_list":{"0":"post-662332","1":"post","2":"type-post","3":"status-publish","4":"format-standard","5":"has-post-thumbnail","7":"category-ukraine","8":"tag-aktuelle-nachrichten","9":"tag-aktuelle-news","10":"tag-friedensprozess","11":"tag-headlines","12":"tag-nachrichten","13":"tag-news","14":"tag-russischer-ueberfall-auf-die-ukraine","15":"tag-schlagzeilen","16":"tag-ukraine","17":"tag-viktor-orban"},"share_on_mastodon":{"url":"https:\/\/pubeurope.com\/@de\/115758225443639740","error":""},"_links":{"self":[{"href":"https:\/\/www.europesays.com\/de\/wp-json\/wp\/v2\/posts\/662332","targetHints":{"allow":["GET"]}}],"collection":[{"href":"https:\/\/www.europesays.com\/de\/wp-json\/wp\/v2\/posts"}],"about":[{"href":"https:\/\/www.europesays.com\/de\/wp-json\/wp\/v2\/types\/post"}],"author":[{"embeddable":true,"href":"https:\/\/www.europesays.com\/de\/wp-json\/wp\/v2\/users\/2"}],"replies":[{"embeddable":true,"href":"https:\/\/www.europesays.com\/de\/wp-json\/wp\/v2\/comments?post=662332"}],"version-history":[{"count":0,"href":"https:\/\/www.europesays.com\/de\/wp-json\/wp\/v2\/posts\/662332\/revisions"}],"wp:featuredmedia":[{"embeddable":true,"href":"https:\/\/www.europesays.com\/de\/wp-json\/wp\/v2\/media\/662333"}],"wp:attachment":[{"href":"https:\/\/www.europesays.com\/de\/wp-json\/wp\/v2\/media?parent=662332"}],"wp:term":[{"taxonomy":"category","embeddable":true,"href":"https:\/\/www.europesays.com\/de\/wp-json\/wp\/v2\/categories?post=662332"},{"taxonomy":"post_tag","embeddable":true,"href":"https:\/\/www.europesays.com\/de\/wp-json\/wp\/v2\/tags?post=662332"}],"curies":[{"name":"wp","href":"https:\/\/api.w.org\/{rel}","templated":true}]}}