{"id":662334,"date":"2025-12-21T15:18:21","date_gmt":"2025-12-21T15:18:21","guid":{"rendered":"https:\/\/www.europesays.com\/de\/662334\/"},"modified":"2025-12-21T15:18:21","modified_gmt":"2025-12-21T15:18:21","slug":"was-ist-das-department-of-justice-in-den-usa-meinung","status":"publish","type":"post","link":"https:\/\/www.europesays.com\/de\/662334\/","title":{"rendered":"Was ist das Department of Justice in den USA? &#8211; Meinung"},"content":{"rendered":"<p data-manual=\"paragraph\" data-schema-org-speakable=\"true\" class=\"css-9njfp7\">In den <a href=\"https:\/\/www.sueddeutsche.de\/thema\/USA\" rel=\"nofollow noopener\" target=\"_blank\">USA<\/a> ist gerade wieder viel von dem K\u00fcrzel DOJ die Rede. Es steht f\u00fcr Department of Justice, Justizministerium, und erregt gegenw\u00e4rtig durch die teilweise Freigabe der Epstein-Akten viel Aufmerksamkeit. Das DOJ \u00fcberwacht die Durchsetzung der Bundesgesetze, und ihm sind unter anderem \u00c4mter wie das <a href=\"https:\/\/www.sueddeutsche.de\/thema\/FBI\" rel=\"nofollow noopener\" target=\"_blank\">FBI<\/a> und die Antidrogenbeh\u00f6rde DEA zugeordnet. Vor allem aber ist ihre Leitung zugleich die oberste Instanz der Strafverfolgung. Die gegenw\u00e4rtige Justizministerin Pam Bondi wird deshalb United States Attorney General genannt, US-Generalstaatsanw\u00e4ltin. Zu ihren 86 Vorg\u00e4ngern seit 1789 geh\u00f6rten Leute wie der 1968 ermordete Robert F. Kennedy, der Vater des heutigen Gesundheitsministers Robert F. Kennedy Jr. Die 60 Jahre alte Juristin Bondi, fr\u00fcher Generalstaatsanw\u00e4ltin in <a href=\"https:\/\/www.sueddeutsche.de\/thema\/Florida\" rel=\"nofollow noopener\" target=\"_blank\">Florida<\/a>, war mal Demokratin und ist als Republikanerin die Nachfolgerin des Demokraten Merrick Garland, der diesen Posten unter <a href=\"https:\/\/www.sueddeutsche.de\/thema\/Joe_Biden\" rel=\"nofollow noopener\" target=\"_blank\">Joe Biden<\/a> belegt hatte. Eigentlich soll das DOJ politisch unabh\u00e4ngig sein, doch Bondi folgt dem Pr\u00e4sidenten Trump bisher aufs Wort und scheint nun auch bei der Ver\u00f6ffentlichung der Epstein Files in seinem Sinne selektiv vorzugehen.<\/p>\n","protected":false},"excerpt":{"rendered":"In den USA ist gerade wieder viel von dem K\u00fcrzel DOJ die Rede. Es steht f\u00fcr Department of&hellip;\n","protected":false},"author":2,"featured_media":662335,"comment_status":"","ping_status":"","sticky":false,"template":"","format":"standard","meta":{"footnotes":""},"categories":[3977],"tags":[331,332,36239,147,22720,6784,13,6555,148,36240,3074,14,15,12,149,4017,4018,4016,64,4019,4020],"class_list":{"0":"post-662334","1":"post","2":"type-post","3":"status-publish","4":"format-standard","5":"has-post-thumbnail","7":"category-usa","8":"tag-aktuelle-nachrichten","9":"tag-aktuelle-news","10":"tag-aktuelles-lexikon","11":"tag-ausland","12":"tag-fbi","13":"tag-florida","14":"tag-headlines","15":"tag-joe-biden","16":"tag-leserdiskussion","17":"tag-lexikon","18":"tag-meinung","19":"tag-nachrichten","20":"tag-news","21":"tag-schlagzeilen","22":"tag-sueddeutsche-zeitung","23":"tag-united-states","24":"tag-united-states-of-america","25":"tag-us","26":"tag-usa","27":"tag-vereinigte-staaten","28":"tag-vereinigte-staaten-von-amerika"},"share_on_mastodon":{"url":"https:\/\/pubeurope.com\/@de\/115758229358977697","error":""},"_links":{"self":[{"href":"https:\/\/www.europesays.com\/de\/wp-json\/wp\/v2\/posts\/662334","targetHints":{"allow":["GET"]}}],"collection":[{"href":"https:\/\/www.europesays.com\/de\/wp-json\/wp\/v2\/posts"}],"about":[{"href":"https:\/\/www.europesays.com\/de\/wp-json\/wp\/v2\/types\/post"}],"author":[{"embeddable":true,"href":"https:\/\/www.europesays.com\/de\/wp-json\/wp\/v2\/users\/2"}],"replies":[{"embeddable":true,"href":"https:\/\/www.europesays.com\/de\/wp-json\/wp\/v2\/comments?post=662334"}],"version-history":[{"count":0,"href":"https:\/\/www.europesays.com\/de\/wp-json\/wp\/v2\/posts\/662334\/revisions"}],"wp:featuredmedia":[{"embeddable":true,"href":"https:\/\/www.europesays.com\/de\/wp-json\/wp\/v2\/media\/662335"}],"wp:attachment":[{"href":"https:\/\/www.europesays.com\/de\/wp-json\/wp\/v2\/media?parent=662334"}],"wp:term":[{"taxonomy":"category","embeddable":true,"href":"https:\/\/www.europesays.com\/de\/wp-json\/wp\/v2\/categories?post=662334"},{"taxonomy":"post_tag","embeddable":true,"href":"https:\/\/www.europesays.com\/de\/wp-json\/wp\/v2\/tags?post=662334"}],"curies":[{"name":"wp","href":"https:\/\/api.w.org\/{rel}","templated":true}]}}