{"id":662377,"date":"2025-12-21T15:45:16","date_gmt":"2025-12-21T15:45:16","guid":{"rendered":"https:\/\/www.europesays.com\/de\/662377\/"},"modified":"2025-12-21T15:45:16","modified_gmt":"2025-12-21T15:45:16","slug":"rb-leipzig-kann-2026-steil-richtung-champions-league-gehen-blick-in-die-zukunft","status":"publish","type":"post","link":"https:\/\/www.europesays.com\/de\/662377\/","title":{"rendered":"RB Leipzig kann 2026 steil Richtung Champions League gehen: Blick in die Zukunft"},"content":{"rendered":"<p class=\"Textstyled__Text-sc-1cqv9mi-0 cLyiiX\">Leipzig. Gef\u00fchlt eben gerade stand Ridle Baku (27) noch am Cottaweg zum Gespr\u00e4ch, einen Tag vor der Abreise ins Trainingslager im Juli nach Donaueschingen. Am Ende des ersten Tages des Camps im S\u00fcden Deutschlands stand dann Christoph Baumgartner (26) nach der ersten Einheit als n\u00e4chster Gespr\u00e4chspartner bereit. Erinnern Sie sich noch? Wenn nicht, gerne im LVZ-Online-Archiv nachschlagen.<\/p>\n<p>Weiterlesen nach der Anzeige<\/p>\n<p>Weiterlesen nach der Anzeige<\/p>\n<p class=\"Textstyled__Text-sc-1cqv9mi-0 cLyiiX\">Es war Sommer, und vor <a href=\"https:\/\/www.lvz.de\/themen\/rb-leipzig\/\" target=\"_blank\" rel=\"noreferrer noopener\" title=\"https:\/\/www.lvz.de\/themen\/rb-leipzig\/\" data-vars-event-category=\"intext_link\" data-vars-event-action=\"click\" data-vars-event-label=\"https:\/\/www.lvz.de\/themen\/rb-leipzig\/\">RB Leipzig<\/a> lag eine neue Saison. Baku und Baumgartner erl\u00e4uterten ihre erwartungsvolle Sicht auf das Neue. RB 2.0 \u2013 mit Zweien, die, wie sich im Laufe des Halbjahres herausstellen sollte, ma\u00dfgeblich als F\u00fchrungskr\u00e4fte bei der Ausgestaltung der neuen, jungen Mannschaft beteiligt sein w\u00fcrden. Zwei, die das Pr\u00e4dikat Leistungstr\u00e4ger erhielten, die im Laufe der Hinrunde mehr H\u00f6hen als Tiefen erlebten, wie eben das gesamte Team.<\/p>\n<p>Gut statt sehr gut als Halbjahresnote<\/p>\n<p class=\"Textstyled__Text-sc-1cqv9mi-0 cLyiiX\">Das erste halbe Jahr 2025 scheint vergessen. Das zweite scheint ein Blick in die Zukunft zu sein. An diesem Samstagabend standen die zwei Gespr\u00e4chspartner aus dem Sommer erneut f\u00fcr die Journalisten parat, diesmal in anderer Reihenfolge, in der Mixed Zone der weihnachtlichen Red Bull Arena. Erst Baumgartner, dann Baku. Nach dem Jahresabschluss, nach der <a href=\"https:\/\/www.lvz.de\/sport\/regional\/rb-leipzig-kassiert-gegen-bayer-leverkusen-erste-heimniederlage-nur-noch-platz-vier-RZR6TBU5INAZXF2KCE324OGBTA.html\" target=\"_blank\" rel=\"noreferrer noopener\" title=\"https:\/\/www.lvz.de\/sport\/regional\/rb-leipzig-kassiert-gegen-bayer-leverkusen-erste-heimniederlage-nur-noch-platz-vier-RZR6TBU5INAZXF2KCE324OGBTA.html\" data-vars-event-category=\"intext_link\" data-vars-event-action=\"click\" data-vars-event-label=\"https:\/\/www.lvz.de\/sport\/regional\/rb-leipzig-kassiert-gegen-bayer-leverkusen-erste-heimniederlage-nur-noch-platz-vier-RZR6TBU5INAZXF2KCE324OGBTA.html\">1:3 (1:2)-Niederlage gegen Bayer Leverkusen<\/a>. <\/p>\n<p>Weiterlesen nach der Anzeige<\/p>\n<p>Weiterlesen nach der Anzeige<\/p>\n<p class=\"Textstyled__Text-sc-1cqv9mi-0 cLyiiX\">Und jetzt? \u201eIch glaube, wenn wir das Spiel gewonnen h\u00e4tten, w\u00fcrde man von einem sehr guten Halbjahr sprechen, so ist es gut\u201c, vergab Baumgartner eine Halbjahresnote. \u201eWir sind wieder zur\u00fcck in der Spur nach dem schwierigen letzten Jahr\u201c, befand der \u00f6sterreichische Offensivwirbler, f\u00fcr den genau das gilt. Der beste Baumgartner, den es je gab. Er ist aktuell RB-Topscorer (13 Punkte, wie Bayerns Luis Diaz).<\/p>\n<p>Flitterwochen, Trainingslager und R\u00fcckkehr<\/p>\n<p class=\"Textstyled__Text-sc-1cqv9mi-0 cLyiiX\">\u201eWir sind oben dabei. Klar, die letzten zwei Niederlagen, die tun schon richtig weh. Das muss ich schon ehrlich sagen. Das wird jetzt auch ein paar Tage dauern, das im Urlaub zu verarbeiten. Vielleicht kommt die Pause jetzt auch zum richtigen Zeitpunkt\u201c, erkl\u00e4rte der 26-J\u00e4hrige. F\u00fcr ihn geht\u2019s jetzt erst einmal in die Flitterwochen auf die Malediven, nach seiner Hochzeit im Sommer.<\/p>\n<p class=\"Textstyled__Text-sc-1cqv9mi-0 cLyiiX\">Die Zeit wird vermutlich vergehen wie im Flug. Am Freitag, 2. Januar, geht\u2019s schon weiter mit dem n\u00e4chsten Abflug, dann ins Trainingslager nach Almancil\/Portugal. Genau dort reiste Baku Anfang des Jahres aus dem Camp des VfL Wolfsburg ab, landete f\u00fcr seinen Wechsel in Leipzig, darf seither den Namenszusatz \u201eRoter Bulle\u201c statt \u201eWolf\u201c f\u00fchren. <\/p>\n<p>Angenehmes Tabellenklima f\u00fcr RB<\/p>\n<p class=\"Textstyled__Text-sc-1cqv9mi-0 cLyiiX\">Und rannte im ersten Saisonhalbjahr vielen Gegenspielern davon, durfte sich zur\u00fcckgesellen in die Nationalmannschaft, hofft auf die WM im kommenden Jahr \u2013 und will mit RB mindestens dort bleiben, wo noch Luft nach oben w\u00e4re, aber das Tabellenklima hierzulande schon ziemlich angenehm ist. <\/p>\n<p>Weiterlesen nach der Anzeige<\/p>\n<p>Weiterlesen nach der Anzeige<\/p>\n<p class=\"Textstyled__Text-sc-1cqv9mi-0 cLyiiX\">\u201eWir stehen da, wo wir stehen wollen. Wenn wir am Ende der Saison da stehen, ist es die <a href=\"https:\/\/www.lvz.de\/themen\/champions-league-fussball\/\" target=\"_blank\" rel=\"noreferrer noopener\" title=\"https:\/\/www.lvz.de\/themen\/champions-league-fussball\/\" data-vars-event-category=\"intext_link\" data-vars-event-action=\"click\" data-vars-event-label=\"https:\/\/www.lvz.de\/themen\/champions-league-fussball\/\">Champions League<\/a>. Platz vier reicht f\u00fcr die Champions League. Ich glaube, das ist das Ziel\u201c, sagte Baku \u2013 im anvisierten Europa ist die K\u00f6nigsklasse das Maximum. Der 27-J\u00e4hrige selbst baute j\u00fcngst noch ein schnelles Comeback ein, lag nach der Verletzung der Syndesmose im linken Sprunggelenk vor drei Wochen genau im Zielkorridor, wirkte bei der Niederlage am Samstag in der Schlussphase mit, und legte schnell noch mit 33,9 Kilometern pro Stunde einen letzten Speedrekord des Jahres hin.<\/p>\n<blockquote><p>Wir stehen da, wo wir stehen wollen. Wenn wir am Ende der Saison da stehen, ist es die Champions League.<\/p><\/blockquote>\n<p class=\"Quotestyled__Author-sc-q277fq-1 iQZobn\">Ridle Baku<\/p>\n<p class=\"Quotestyled__AuthorDescription-sc-q277fq-2 hQAqgn\">RB-Spieler<\/p>\n<p>Die Art und Weise ist entscheidend<\/p>\n<p class=\"Textstyled__Text-sc-1cqv9mi-0 cLyiiX\">Nicht nur f\u00fcr Baku geht es schneller weiter, als man denkt. So auch im Terminplan: Nach der R\u00fcckkehr aus dem Trainingslager am Mittwoch, 7. Januar, wartet drei Tage sp\u00e4ter das erste Spiel des neuen Jahres, ausw\u00e4rts beim FC St. Pauli (Samstag, 10. Januar 2026, 15.30 Uhr), dann wohl auch wieder mit derzeit noch verletzten Stammkr\u00e4ften. \u201eWir haben eine gute Hinrunde gespielt und uns eine gute Ausgangssituation geschaffen f\u00fcr die R\u00fcckrunde\u201c, merkte Baku an. Sein Vorredner in den letzten Besprechungen des Fu\u00dfballjahres frohlockte nach dem ergebnistechnisch ungl\u00fccklichen Jahresausklang. \u201eWir werden zur\u00fcckschlagen, da freue ich mich schon drauf\u201c, so Baumgartner nach zuletzt zwei Niederlagen (<a href=\"https:\/\/www.lvz.de\/sport\/regional\/rb-leipzig-kassiert-bei-union-berlin-dritte-saisonniederlage-zu-wenig-ideen-beim-favoriten-ATLAXEDLBVAEHF3YNEPEF2BQZM.html\" target=\"_blank\" rel=\"noreferrer noopener\" title=\"https:\/\/www.lvz.de\/sport\/regional\/rb-leipzig-kassiert-bei-union-berlin-dritte-saisonniederlage-zu-wenig-ideen-beim-favoriten-ATLAXEDLBVAEHF3YNEPEF2BQZM.html\" data-vars-event-category=\"intext_link\" data-vars-event-action=\"click\" data-vars-event-label=\"https:\/\/www.lvz.de\/sport\/regional\/rb-leipzig-kassiert-bei-union-berlin-dritte-saisonniederlage-zu-wenig-ideen-beim-favoriten-ATLAXEDLBVAEHF3YNEPEF2BQZM.html\">zuvor bei Union<\/a>).<\/p>\n<p class=\"Textstyled__Text-sc-1cqv9mi-0 cLyiiX\">Was geht noch? Das entwicklungsf\u00e4hige RB gefiel im vergangenen Halbjahr neben den ergatterten Punkten und Toren mit neu gewonnenem Verve. Drei der vier Niederlagen setzte es gegen die bisher spielst\u00e4rksten Gegner aus M\u00fcnchen, Hoffenheim und Leverkusen. \u201eWir haben in allen Bereichen noch Luft nach oben. Ich glaube, was wirklich gut ist und wo wir Schritte gemacht haben, ist die Art und Weise, wie wir zueinanderstehen, wie wir als Mannschaft auf dem Platz stehen, auch in schwierigen Phasen\u201c, erl\u00e4uterte Baumgartner. Das ist auch ein Grund, warum gute Phasen \u00fcberwiegen k\u00f6nnen in einer Mannschaft. Mehr dazu im kommenden Jahr.<\/p>\n<p class=\"Editorialstyled__Editorial-sc-1bfvh9l-0 cSmjnJ\">LVZ<\/p>\n","protected":false},"excerpt":{"rendered":"Leipzig. Gef\u00fchlt eben gerade stand Ridle Baku (27) noch am Cottaweg zum Gespr\u00e4ch, einen Tag vor der Abreise&hellip;\n","protected":false},"author":2,"featured_media":662378,"comment_status":"","ping_status":"","sticky":false,"template":"","format":"standard","meta":{"footnotes":""},"categories":[1832],"tags":[3364,29,30,71,859],"class_list":{"0":"post-662377","1":"post","2":"type-post","3":"status-publish","4":"format-standard","5":"has-post-thumbnail","7":"category-leipzig","8":"tag-de","9":"tag-deutschland","10":"tag-germany","11":"tag-leipzig","12":"tag-sachsen"},"share_on_mastodon":{"url":"https:\/\/pubeurope.com\/@de\/115758335786145040","error":""},"_links":{"self":[{"href":"https:\/\/www.europesays.com\/de\/wp-json\/wp\/v2\/posts\/662377","targetHints":{"allow":["GET"]}}],"collection":[{"href":"https:\/\/www.europesays.com\/de\/wp-json\/wp\/v2\/posts"}],"about":[{"href":"https:\/\/www.europesays.com\/de\/wp-json\/wp\/v2\/types\/post"}],"author":[{"embeddable":true,"href":"https:\/\/www.europesays.com\/de\/wp-json\/wp\/v2\/users\/2"}],"replies":[{"embeddable":true,"href":"https:\/\/www.europesays.com\/de\/wp-json\/wp\/v2\/comments?post=662377"}],"version-history":[{"count":0,"href":"https:\/\/www.europesays.com\/de\/wp-json\/wp\/v2\/posts\/662377\/revisions"}],"wp:featuredmedia":[{"embeddable":true,"href":"https:\/\/www.europesays.com\/de\/wp-json\/wp\/v2\/media\/662378"}],"wp:attachment":[{"href":"https:\/\/www.europesays.com\/de\/wp-json\/wp\/v2\/media?parent=662377"}],"wp:term":[{"taxonomy":"category","embeddable":true,"href":"https:\/\/www.europesays.com\/de\/wp-json\/wp\/v2\/categories?post=662377"},{"taxonomy":"post_tag","embeddable":true,"href":"https:\/\/www.europesays.com\/de\/wp-json\/wp\/v2\/tags?post=662377"}],"curies":[{"name":"wp","href":"https:\/\/api.w.org\/{rel}","templated":true}]}}