{"id":662381,"date":"2025-12-21T15:47:12","date_gmt":"2025-12-21T15:47:12","guid":{"rendered":"https:\/\/www.europesays.com\/de\/662381\/"},"modified":"2025-12-21T15:47:12","modified_gmt":"2025-12-21T15:47:12","slug":"duesseldorf-concept-riesling-eine-erfolgsgeschichte-vom-carlsplatz","status":"publish","type":"post","link":"https:\/\/www.europesays.com\/de\/662381\/","title":{"rendered":"D\u00fcsseldorf: Concept Riesling &#8211; eine Erfolgsgeschichte vom Carlsplatz"},"content":{"rendered":"<p class=\"text_ohne_einzug richtext text-em-55 !leading-serif mx-6 desktop:mx-0\"> Regelm\u00e4\u00dfig geht es f\u00fcr Philipp Kutsch, Nico von der Ohe und Bj\u00f6rn Schwethelm steil nach oben. Die Inhaber und Betreiber von Concept Riesling sind dann im fr\u00e4nkischen Volkach in ihrem Weinberg mit 60 Prozent Steigung unterwegs, schneiden manchmal bei Frost die Reben zur\u00fcck, d\u00fcnnen im Fr\u00fchjahrsmatsch die Bl\u00e4tter aus und lesen bei hochsommerlichen Temperaturen die Trauben. \u201eDas erdet uns total. Und wir k\u00f6nnen jedem aus eigener Erfahrung erz\u00e4hlen, wie anstrengend es ist, handwerklich guten Wein mit Leidenschaft herzustellen\u201c, sagt von der Ohe. \u201eDie industriell gefertigten Weine haben sich komplett vom Handwerk abgekoppelt.\u201c<\/p>\n<p class=\"richtext text-em-55 !leading-serif mx-6 desktop:mx-0\">Das Trio von Consept Riesling besitzt die Leidenschaft f\u00fcr Wein und bietet deshalb in ihrem Ausschank auf dem Carlsplatz und in ihrem Online-Shop ausschlie\u00dflich Weine und Schaumweine von Handwerks-Winzern an. Darunter den eigenen. Allerdings ist das Angebot vom Volkacher Ratsherr \u201eInsel\u201c 2024, der Eigenmarke des Concepts Riesling, begrenzt. \u201eUnser Weinberg hat nur eine Gr\u00f6\u00dfe von 0,3 Hektar, das ergab f\u00fcr unser Erstlingswerk 900 Flaschen\u201c, sagt von der Ohe. \u201eDie meiste Arbeit damit hat Winzer Max M\u00fcller, der f\u00fcr uns unsere Lage bewirtschaftet.\u201c<\/p>\n<p class=\"richtext text-em-55 !leading-serif mx-6 desktop:mx-0\">2017 erreichte den damaligen Wein-Sammler und Bauingenieur Kutsch, der unweit dem Carlsplatz wohnt und dort oft einkaufen geht, die Anfrage, ob er nicht etwas mit Wein am Carlsplatz machen wollte. Wollte er, weil er zum einen zu viel Wein gesammelt hatte und zum anderen die Warengruppe Wein auf dem st\u00e4ndigen Wochenmarkt in der City noch fehlte. Acht Jahre sp\u00e4ter hat sich die Verkaufsfl\u00e4che von  Concept Riesling auf dem Carlsplatz verdoppelt, ein Online-Shop mit 1500 Positionen steht, auf der Rheinkirmes wird das Weindorf betrieben, man importiert selber Weine aus Frankreich, sechs Sommeliers bieten Tastings an, regelm\u00e4\u00dfig wird ein Podcast produziert, eine Kooperation mit einem Partydampfer auf dem Rhein steht. Und: Reb-Patenschaften f\u00fcr den Weinberg in Volkach sind im Angebot, ein Newsletter und ein Wein-Magazin werden erstellt. \u201eEigentlich wollte ich nur einen Teil meiner privaten Sammlung verkaufen\u201c, gesteht Kutsch. \u201eWas sich daraus entwickelt hat, habe ich mir nicht vorstellen k\u00f6nnen.\u201c<\/p>\n<p class=\"richtext text-em-55 !leading-serif mx-6 desktop:mx-0\">Inzwischen ist Concept Riesling ein Hybrid, bei dem das Zentrum der Ausschank auf dem Wochenmarkt ist, die Handelsseite aber immer wichtiger wird. \u201eDer Carlsplatz ist und bleibt die Herzschlagader. An unserem Auftritt am Carlsplatz wollen und werden wir nichts \u00e4ndern\u201c, sagt von der Ohe.<\/p>\n<p class=\"richtext text-em-55 !leading-serif mx-6 desktop:mx-0\">Alles ist und bleibt bodenst\u00e4ndig. Eine Flasche Riesling gibt es bereits ab 7,40 Euro im Shop. Eine Weinprobe mit acht Weinen, etwas Schinken, Salami, K\u00e4se und Brot und fachkundigen Informationen eines Sommeliers gibt es ab 55 Euro. Die Verkaufsfl\u00e4che auf dem Carlsplatz ist markt\u00fcblich offen und temperaturanf\u00e4llig. Auch diejenigen, die etwa aus der Schweiz oder Griechenland anreisen und ein Tasting mit Spitzenweinen f\u00fcr 700 Euro gebucht haben, sitzen zwar \u00fcberdacht, aber eben dann doch im Freien. \u201eWir rollen f\u00fcr niemanden den roten Teppich aus. Jeder muss sich in die Schlange stellen. Das hat schon einigen Leuten nicht gepasst, die auch nicht wieder gekommen sind\u201c, sagt von der Ohe. \u201eWir sind irgendwie das Brauhaus f\u00fcr Weintrinker. Bei uns ist jeder gleich und bekommt f\u00fcr sein Budget einen Qualit\u00e4tswein.\u201c<\/p>\n<p class=\"richtext text-em-55 !leading-serif mx-6 desktop:mx-0\">Deshalb findet das Trio die gro\u00dfe <a href=\"https:\/\/rp-online.de\/thema\/kirmes\/\" target=\"_blank\" rel=\"noopener\">Kirmes<\/a> auf den Oberkasseler Rheinwiesen so spannend und hat im Sommer 2025 erstmals das Weindorf betrieben. \u201eIn den zehn Tagen der Kirmes hatten wir 30.000 G\u00e4ste\u201c, so von der Ohe. \u201eEs war ein riesiger Arbeitsaufwand, weil wir auch eine K\u00fcche dabei hatten, aber es war gro\u00dfartig, weil die unterschiedlichsten Menschen zusammen gekommen sind.\u201c Die Zusage, das Rheinkirmes-Weindorf auch 2026 zu betreiben, liege bereits vor.<\/p>\n<p class=\"richtext text-em-55 !leading-serif mx-6 desktop:mx-0\">Kutsch, von der Ohe und Schwethelm achten bei ihren Winzern auch auf Ausgewogenheit, Qualit\u00e4t und Erdverbundenheit. \u201eUns ist nicht wichtig, dass der Winzer st\u00e4ndig anruft. Aber uns ist wichtig, das er versteht, was wir vor Ort, in D\u00fcsseldorf haupts\u00e4chlich am Carlsplatz, machen. Dass der Winzer ab und zu mal da ist und guckt, was passiert da \u00fcberhaupt\u201c, erkl\u00e4rt von der Ohe. \u201eWir haben uns auch schon von Winzern getrennt, die nie da waren oder einmal ganz am Anfang. Wir besuchen ja auch das Weingut und versuchen es bestm\u00f6glich zu vertreten.\u201c Man gehe einen gemeinsamen Weg, deswegen sei es gut und wichtig, Zeit gemeinsam zu verbringen und zu reflektieren. \u201eDas ist f\u00fcr mich ein sehr sch\u00f6ner Punkt, wenn ich mit Menschen zusammen arbeite, sie kenne und wir freundschaftliche Zeit miteinander verbringen\u201c, sagt Kutsch.  Das ist auch der Plan f\u00fcr den Carlsplatz. \u201eBei uns finden sich immer wieder Leute zusammen, die sich vorher nicht kannten, aber pl\u00f6tzlich an einem Tisch sitzen und gegenseitig ihre Weine probieren\u201c, sagt von der Ohe.<\/p>\n<p class=\"richtext text-em-55 !leading-serif mx-6 desktop:mx-0\">Auch deshalb haben sie jedes ihrer mehr als 80 Partner-Weing\u00fcter bereits besucht und werden das weiter tun. Jeder Jahrgang, jeder Tropfen, der bei ihnen \u00fcber die Theke geht, ist vorher selber verkostet und f\u00fcr gut befunden worden. Auch 2025 und 2026 gehen Kutsch, von der Ohe und Schwethelm auf Entdeckungsreise in verschiedene deutsche und europ\u00e4ische Weinregionen, um zu testen und neue, spannende Weine und Winzer nach D\u00fcsseldorf zu bringen.<\/p>\n","protected":false},"excerpt":{"rendered":"Regelm\u00e4\u00dfig geht es f\u00fcr Philipp Kutsch, Nico von der Ohe und Bj\u00f6rn Schwethelm steil nach oben. Die Inhaber&hellip;\n","protected":false},"author":2,"featured_media":662382,"comment_status":"","ping_status":"","sticky":false,"template":"","format":"standard","meta":{"footnotes":""},"categories":[1831],"tags":[33129,21895,154591,3364,29,3405,30,154588,1209,67073,16853,154595,154587,154590,154589,154593,16560,23441,92913,86049,50762,31090,128645,154592,154594,154596,48318],"class_list":{"0":"post-662381","1":"post","2":"type-post","3":"status-publish","4":"format-standard","5":"has-post-thumbnail","7":"category-duesseldorf","8":"tag-carlsplatz","9":"tag-concept","10":"tag-conceptriesling","11":"tag-de","12":"tag-deutschland","13":"tag-duesseldorf","14":"tag-germany","15":"tag-kutsch","16":"tag-nordrhein-westfalen","17":"tag-ohe","18":"tag-qualitaet","19":"tag-qualitaetswein","20":"tag-riesling","21":"tag-schaumweine","22":"tag-schwethelm","23":"tag-spitzenweinen","24":"tag-wein","25":"tag-weinberg","26":"tag-weindorf","27":"tag-weine","28":"tag-weingut","29":"tag-weingueter","30":"tag-weinprobe","31":"tag-weinproben","32":"tag-weinregionen","33":"tag-weintrinker","34":"tag-winzer"},"share_on_mastodon":{"url":"https:\/\/pubeurope.com\/@de\/115758343672082323","error":""},"_links":{"self":[{"href":"https:\/\/www.europesays.com\/de\/wp-json\/wp\/v2\/posts\/662381","targetHints":{"allow":["GET"]}}],"collection":[{"href":"https:\/\/www.europesays.com\/de\/wp-json\/wp\/v2\/posts"}],"about":[{"href":"https:\/\/www.europesays.com\/de\/wp-json\/wp\/v2\/types\/post"}],"author":[{"embeddable":true,"href":"https:\/\/www.europesays.com\/de\/wp-json\/wp\/v2\/users\/2"}],"replies":[{"embeddable":true,"href":"https:\/\/www.europesays.com\/de\/wp-json\/wp\/v2\/comments?post=662381"}],"version-history":[{"count":0,"href":"https:\/\/www.europesays.com\/de\/wp-json\/wp\/v2\/posts\/662381\/revisions"}],"wp:featuredmedia":[{"embeddable":true,"href":"https:\/\/www.europesays.com\/de\/wp-json\/wp\/v2\/media\/662382"}],"wp:attachment":[{"href":"https:\/\/www.europesays.com\/de\/wp-json\/wp\/v2\/media?parent=662381"}],"wp:term":[{"taxonomy":"category","embeddable":true,"href":"https:\/\/www.europesays.com\/de\/wp-json\/wp\/v2\/categories?post=662381"},{"taxonomy":"post_tag","embeddable":true,"href":"https:\/\/www.europesays.com\/de\/wp-json\/wp\/v2\/tags?post=662381"}],"curies":[{"name":"wp","href":"https:\/\/api.w.org\/{rel}","templated":true}]}}