{"id":662507,"date":"2025-12-21T17:01:07","date_gmt":"2025-12-21T17:01:07","guid":{"rendered":"https:\/\/www.europesays.com\/de\/662507\/"},"modified":"2025-12-21T17:01:07","modified_gmt":"2025-12-21T17:01:07","slug":"massenschlaegerei-auf-prager-strasse-drei-verletzte","status":"publish","type":"post","link":"https:\/\/www.europesays.com\/de\/662507\/","title":{"rendered":"Massenschl\u00e4gerei auf Prager Stra\u00dfe \u2013 drei Verletzte"},"content":{"rendered":"<p>Polizei r\u00fcckt aus <\/p>\n<p>Massenschl\u00e4gerei auf Prager Stra\u00dfe \u2013 drei Verletzte<\/p>\n<p>21.12.2025 &#8211; 13:47 UhrLesedauer: 1 Min.<\/p>\n<p><a href=\"#focus-0\" class=\"transition-colors duration-200 block text-current relative\" data-sctrack=\"FocusGalleryImage.Reference\"><img fetchpriority=\"high\" data-testid=\"Opener.Image\" style=\"--lqipURL:url('https:\/\/images.t-online.de\/2025\/12\/IFtEMYr-3S3V\/0x0:4000x2250\/fit-in\/150x0\/filters:blur(25)\/symbolbild-prager-strasse-und-wiener-platz-16-9-format-honorarfrei-fuer-produkte-von-saechsische-de-und-saechsischer-zeitung-symbolic-image-prager-strasse-and-wiener-platz-16-9-format-free-of-charge-for-products-of-saechsische-de-and-saechsische-zeitung.jpg')\"   loading=\"eager\" src=\"https:\/\/www.europesays.com\/de\/wp-content\/uploads\/2025\/12\/symbolbild-prager-strasse-und-wiener-platz-16-9-format-honorarfrei-fuer-produkte-von-saechsische-de-.jpeg\" alt=\"imago images 0371661804\" title=\"imago images 0371661804\" width=\"4000\" height=\"2250\" class=\"bg-[url:var(--lqipURL)] bg-cover bg-center flex h-full w-full max-w-full\" decoding=\"async\"\/><img style=\"--width:32;--height:32\" loading=\"lazy\" src=\"https:\/\/dresden.t-online.de\/s\/paper\/_next\/static\/media\/zoom-in.f7dae02f.svg\" alt=\"Vergr\u00f6\u00dfern des Bildes\" title=\"Vergr\u00f6\u00dfern des Bildes\" class=\"block h-[calc(var(--height)_\/_16_*_1rem)] w-[calc(var(--width)_\/_16_*_1rem)] max-w-none absolute bottom-8 right-8 rounded-4 bg-snow p-8\" decoding=\"async\"\/><\/a><\/p>\n<p>Ein Polizeiauto auf der Prager Stra\u00dfe (Symbolbild): Drei M\u00e4nner sind bei der Schl\u00e4gerei verletzt worden. (Quelle: IMAGO\/Foto: Sven Ellger\/imago)<\/p>\n<p class=\"font-bold text-18 leading-17\">Bis zu 20 M\u00e4nner pr\u00fcgeln in Dresden aufeinander ein. Dabei sollen auch Glasflaschen geworfen worden. Die Polizei ermittelt.<\/p>\n<p class=\"text-18 leading-17\">Bei einer Schl\u00e4gerei in Dresden-Seevorstadt sind am Samstagabend drei Personen verletzt worden. Der Vorfall ereignete sich am Samstagabend auf der Prager Stra\u00dfe, wie die Polizei mitteilte.<\/p>\n<p class=\"text-18 leading-17\">Nach Angaben der Beamten sollen bis zu 20 M\u00e4nner an der Auseinandersetzung beteiligt gewesen sein. Die M\u00e4nner sollen aufeinander eingeschlagen und mit Glasflaschen geworfen haben.<\/p>\n<p class=\"text-18 leading-17\">Am Ort stellten die Einsatzkr\u00e4fte drei Verletzte im Alter von 23 und 24 Jahren fest. Sie wurden ambulant medizinisch versorgt.<\/p>\n<p class=\"text-18 leading-17\">Im Zuge erster Ermittlungen seien zwei Heranwachsende im Alter von 17 und 18 Jahren als Tatverd\u00e4chtige identifiziert worden, so die Polizei. Der Hintergrund der Schl\u00e4gerei wird noch ermittelt.<\/p>\n","protected":false},"excerpt":{"rendered":"Polizei r\u00fcckt aus Massenschl\u00e4gerei auf Prager Stra\u00dfe \u2013 drei Verletzte 21.12.2025 &#8211; 13:47 UhrLesedauer: 1 Min. Ein Polizeiauto&hellip;\n","protected":false},"author":2,"featured_media":662508,"comment_status":"","ping_status":"","sticky":false,"template":"","format":"standard","meta":{"footnotes":""},"categories":[1835],"tags":[722,17161,3364,29,2386,30,5996,121,15580,15466,859,4651],"class_list":{"0":"post-662507","1":"post","2":"type-post","3":"status-publish","4":"format-standard","5":"has-post-thumbnail","7":"category-dresden","8":"tag-722","9":"tag-17161","10":"tag-de","11":"tag-deutschland","12":"tag-dresden","13":"tag-germany","14":"tag-massenschlaegerei","15":"tag-polizei","16":"tag-polizeiauto","17":"tag-prager-strasse","18":"tag-sachsen","19":"tag-schlaegerei"},"share_on_mastodon":{"url":"https:\/\/pubeurope.com\/@de\/115758635298028653","error":""},"_links":{"self":[{"href":"https:\/\/www.europesays.com\/de\/wp-json\/wp\/v2\/posts\/662507","targetHints":{"allow":["GET"]}}],"collection":[{"href":"https:\/\/www.europesays.com\/de\/wp-json\/wp\/v2\/posts"}],"about":[{"href":"https:\/\/www.europesays.com\/de\/wp-json\/wp\/v2\/types\/post"}],"author":[{"embeddable":true,"href":"https:\/\/www.europesays.com\/de\/wp-json\/wp\/v2\/users\/2"}],"replies":[{"embeddable":true,"href":"https:\/\/www.europesays.com\/de\/wp-json\/wp\/v2\/comments?post=662507"}],"version-history":[{"count":0,"href":"https:\/\/www.europesays.com\/de\/wp-json\/wp\/v2\/posts\/662507\/revisions"}],"wp:featuredmedia":[{"embeddable":true,"href":"https:\/\/www.europesays.com\/de\/wp-json\/wp\/v2\/media\/662508"}],"wp:attachment":[{"href":"https:\/\/www.europesays.com\/de\/wp-json\/wp\/v2\/media?parent=662507"}],"wp:term":[{"taxonomy":"category","embeddable":true,"href":"https:\/\/www.europesays.com\/de\/wp-json\/wp\/v2\/categories?post=662507"},{"taxonomy":"post_tag","embeddable":true,"href":"https:\/\/www.europesays.com\/de\/wp-json\/wp\/v2\/tags?post=662507"}],"curies":[{"name":"wp","href":"https:\/\/api.w.org\/{rel}","templated":true}]}}