{"id":662519,"date":"2025-12-21T17:07:18","date_gmt":"2025-12-21T17:07:18","guid":{"rendered":"https:\/\/www.europesays.com\/de\/662519\/"},"modified":"2025-12-21T17:07:18","modified_gmt":"2025-12-21T17:07:18","slug":"nordrhein-westfalen-bahnverkehr-zwischen-dortmund-und-hamm-gestoert","status":"publish","type":"post","link":"https:\/\/www.europesays.com\/de\/662519\/","title":{"rendered":"Nordrhein-Westfalen: Bahnverkehr zwischen Dortmund und Hamm gest\u00f6rt"},"content":{"rendered":"<p>            <img loading=\"lazy\" decoding=\"async\" class=\"ts-image\" src=\"https:\/\/www.europesays.com\/de\/wp-content\/uploads\/2025\/12\/wdr-im-fruehjahr-fahren-keine-fern-und-regionalzuege-durch-den-hbf-koeln-100.jpg\" alt=\"Ein Mann l\u00e4uft an einem ICE-Zug der Deutschen Bahn vorbei, der im K\u00f6lner Hauptbahnhof steht.\" title=\"Im Fr\u00fchjahr fahren keine Fern- und Regionalz\u00fcge durch den Hbf K\u00f6ln | Roberto Pfeil\/ dpa\"\/><\/p>\n<p class=\"metatextline\">Stand: 21.12.2025 17:06 Uhr<\/p>\n<p class=\"article-head__shorttext\">\n        <strong><strong>Wegen einer Oberleitungsst\u00f6rung ist die Bahnstrecke zwischen Dortmund und Hamm seit dem Morgen gesperrt. In der Folge komme es zu Versp\u00e4tungen, teilweise auch zu Ausf\u00e4llen.<\/strong><\/strong>\n    <\/p>\n<p class=\"textabsatz m-ten m-offset-one l-eight l-offset-two columns twelve\">Die Reparaturarbeiten w\u00fcrden voraussichtlich noch bis in die Abendstunden andauern, sagte ein Bahnsprecher. Laut Zuginfo NRW ist die Strecke bis 22 Uhr gesperrt.<\/p>\n<p>    Fern- und Regionalverkehr betroffen<\/p>\n<p class=\"textabsatz m-ten m-offset-one l-eight l-offset-two columns twelve\">Im Fernverkehr sind zwei ICE-Linien und drei IC-Linien betroffen. Z\u00fcge werden umgeleitet und versp\u00e4ten sich um rund 15 bis 20 Minuten. Einzelne Z\u00fcge w\u00fcrden auch ausfallen.<\/p>\n<p class=\"textabsatz m-ten m-offset-one l-eight l-offset-two columns twelve\">Im Regionalverkehr w\u00fcrden die Z\u00fcge umgeleitet. Zwischen dem Dortmunder Hauptbahnhof und <a href=\"https:\/\/www1.wdr.de\/uebersicht-hamm-100.html\" title=\"Hamm\" class=\"textlink--extern\" target=\"_blank\" rel=\"noopener nofollow\">Hamm<\/a> sei ein Ersatzverkehr mit Bussen eingerichtet worden.<\/p>\n<p>    Unsere Quellen:<\/p>\n<ul class=\"bulletpoint-list \">\n<li>Nachrichtenagentur DPA<\/li>\n<li>Zuginfo NRW<\/li>\n<\/ul>\n<p class=\"textabsatz m-ten m-offset-one l-eight l-offset-two columns twelve\">Sendung: WDR 2, <strong>WDR aktuell<\/strong>, 21.12.2025, 17 Uhr<\/p>\n<p>                                        <a class=\"backlink__link\" href=\"https:\/\/www1.wdr.de\/nachrichten\/bahnverkehr-gestoert-dortmund-hamm-100.html\" rel=\"nofollow noopener\" target=\"_blank\"><\/p>\n<p>                                                <img decoding=\"async\" src=\"https:\/\/images.tagesschau.de\/image\/9ef70e2e-6dd6-4b18-afd2-7063c40e8939\/AAABlap_yqU\/AAABmyZDc0k\/original\/lra-wdr-logo-100.svg\" alt=\"Westdeutscher Rundfunk\"\/><\/p>\n<p>                                        <\/a><\/p>\n","protected":false},"excerpt":{"rendered":"Stand: 21.12.2025 17:06 Uhr Wegen einer Oberleitungsst\u00f6rung ist die Bahnstrecke zwischen Dortmund und Hamm seit dem Morgen gesperrt.&hellip;\n","protected":false},"author":2,"featured_media":662520,"comment_status":"","ping_status":"","sticky":false,"template":"","format":"standard","meta":{"footnotes":""},"categories":[1833],"tags":[3364,29,217,30,1209,225],"class_list":{"0":"post-662519","1":"post","2":"type-post","3":"status-publish","4":"format-standard","5":"has-post-thumbnail","7":"category-dortmund","8":"tag-de","9":"tag-deutschland","10":"tag-dortmund","11":"tag-germany","12":"tag-nordrhein-westfalen","13":"tag-wdr"},"share_on_mastodon":{"url":"https:\/\/pubeurope.com\/@de\/115758658902032687","error":""},"_links":{"self":[{"href":"https:\/\/www.europesays.com\/de\/wp-json\/wp\/v2\/posts\/662519","targetHints":{"allow":["GET"]}}],"collection":[{"href":"https:\/\/www.europesays.com\/de\/wp-json\/wp\/v2\/posts"}],"about":[{"href":"https:\/\/www.europesays.com\/de\/wp-json\/wp\/v2\/types\/post"}],"author":[{"embeddable":true,"href":"https:\/\/www.europesays.com\/de\/wp-json\/wp\/v2\/users\/2"}],"replies":[{"embeddable":true,"href":"https:\/\/www.europesays.com\/de\/wp-json\/wp\/v2\/comments?post=662519"}],"version-history":[{"count":0,"href":"https:\/\/www.europesays.com\/de\/wp-json\/wp\/v2\/posts\/662519\/revisions"}],"wp:featuredmedia":[{"embeddable":true,"href":"https:\/\/www.europesays.com\/de\/wp-json\/wp\/v2\/media\/662520"}],"wp:attachment":[{"href":"https:\/\/www.europesays.com\/de\/wp-json\/wp\/v2\/media?parent=662519"}],"wp:term":[{"taxonomy":"category","embeddable":true,"href":"https:\/\/www.europesays.com\/de\/wp-json\/wp\/v2\/categories?post=662519"},{"taxonomy":"post_tag","embeddable":true,"href":"https:\/\/www.europesays.com\/de\/wp-json\/wp\/v2\/tags?post=662519"}],"curies":[{"name":"wp","href":"https:\/\/api.w.org\/{rel}","templated":true}]}}