{"id":662521,"date":"2025-12-21T17:08:12","date_gmt":"2025-12-21T17:08:12","guid":{"rendered":"https:\/\/www.europesays.com\/de\/662521\/"},"modified":"2025-12-21T17:08:12","modified_gmt":"2025-12-21T17:08:12","slug":"an-den-feiertagen-und-zum-jahreswechsel-digital-geoeffnet-vor-ort-geschlossen-%c2%b7-leipziger-zeitung","status":"publish","type":"post","link":"https:\/\/www.europesays.com\/de\/662521\/","title":{"rendered":"An den Feiertagen und zum Jahreswechsel digital ge\u00f6ffnet \u2013 vor Ort geschlossen \u00b7 Leipziger Zeitung"},"content":{"rendered":"<p>An den Feiertagen vom 24.12. bis 26.12.2025 und vom 31.12.2025 bis 01.01.2026 bleiben die Agentur f\u00fcr Arbeit Leipzig, das Jobcenter Leipzig und die Familienkasse Sachsen, Standort Leipzig ganzt\u00e4gig geschlossen. Der Online-Service bleibt rund um die Uhr digital erreichbar.<\/p>\n<p>Erreichbarkeit am 23. und 30. Dezember:<\/p>\n<p>\u2022 Agentur f\u00fcr Arbeit Leipzig und Familienkasse Sachsen (Standort Leipzig): 8\u201316 Uhr<\/p>\n<p>\u2022 Jobcenter Leipzig: 8\u201318 Uhr<\/p>\n<p>Mit unseren Online-Angeboten k\u00f6nnen viele Anliegen bequem und unabh\u00e4ngig von \u00d6ffnungszeiten erledigt werden \u2013 etwa Terminvereinbarungen, Arbeitsuchend- und Arbeitslosmeldungen, die Beantragung von Leistungen, Ver\u00e4nderungsmitteilungen usw.<\/p>\n<p><strong>Alles Infos und eServices finden Sie hier:<\/strong><\/p>\n<p>Agentur f\u00fcr Arbeit Leipzig unter <a href=\"http:\/\/www.arbeitsagentur.de\/eservices\" target=\"_blank\" rel=\"noreferrer noopener nofollow\">www.arbeitsagentur.de\/eservices\u00a0<\/a><\/p>\n<p>Jobcenter Leipzig unter <a href=\"https:\/\/jobcenter-leipzig.de\/\" target=\"_blank\" rel=\"noreferrer noopener nofollow\">https:\/\/jobcenter-leipzig.de\/<\/a> und <a href=\"http:\/\/www.jobcenter.digital\/\" target=\"_blank\" rel=\"noreferrer noopener nofollow\">www.jobcenter.digital<\/a><\/p>\n<p>Familienkasse unter <a href=\"http:\/\/www.arbeitsagentur.de\/eservices#familie-und-kinder\" target=\"_blank\" rel=\"noreferrer noopener nofollow\">www.arbeitsagentur.de\/eservices#familie-und-kinder\u00a0<\/a><\/p>\n<p>Die Agentur f\u00fcr Arbeit, das Jobcenter Leipzig und die Familienkasse Sachsen w\u00fcnschen eine sch\u00f6ne Weihnachtszeit und einen guten Start ins neue Jahr.<\/p>\n","protected":false},"excerpt":{"rendered":"An den Feiertagen vom 24.12. bis 26.12.2025 und vom 31.12.2025 bis 01.01.2026 bleiben die Agentur f\u00fcr Arbeit Leipzig,&hellip;\n","protected":false},"author":2,"featured_media":662522,"comment_status":"","ping_status":"","sticky":false,"template":"","format":"standard","meta":{"footnotes":""},"categories":[1832],"tags":[25748,25029,3364,29,30,71,4116,859],"class_list":{"0":"post-662521","1":"post","2":"type-post","3":"status-publish","4":"format-standard","5":"has-post-thumbnail","7":"category-leipzig","8":"tag-jobcenter","9":"tag-arbeitsagentur","10":"tag-de","11":"tag-deutschland","12":"tag-germany","13":"tag-leipzig","14":"tag-oeffnungszeit","15":"tag-sachsen"},"share_on_mastodon":{"url":"https:\/\/pubeurope.com\/@de\/115758661989130114","error":""},"_links":{"self":[{"href":"https:\/\/www.europesays.com\/de\/wp-json\/wp\/v2\/posts\/662521","targetHints":{"allow":["GET"]}}],"collection":[{"href":"https:\/\/www.europesays.com\/de\/wp-json\/wp\/v2\/posts"}],"about":[{"href":"https:\/\/www.europesays.com\/de\/wp-json\/wp\/v2\/types\/post"}],"author":[{"embeddable":true,"href":"https:\/\/www.europesays.com\/de\/wp-json\/wp\/v2\/users\/2"}],"replies":[{"embeddable":true,"href":"https:\/\/www.europesays.com\/de\/wp-json\/wp\/v2\/comments?post=662521"}],"version-history":[{"count":0,"href":"https:\/\/www.europesays.com\/de\/wp-json\/wp\/v2\/posts\/662521\/revisions"}],"wp:featuredmedia":[{"embeddable":true,"href":"https:\/\/www.europesays.com\/de\/wp-json\/wp\/v2\/media\/662522"}],"wp:attachment":[{"href":"https:\/\/www.europesays.com\/de\/wp-json\/wp\/v2\/media?parent=662521"}],"wp:term":[{"taxonomy":"category","embeddable":true,"href":"https:\/\/www.europesays.com\/de\/wp-json\/wp\/v2\/categories?post=662521"},{"taxonomy":"post_tag","embeddable":true,"href":"https:\/\/www.europesays.com\/de\/wp-json\/wp\/v2\/tags?post=662521"}],"curies":[{"name":"wp","href":"https:\/\/api.w.org\/{rel}","templated":true}]}}