{"id":662523,"date":"2025-12-21T17:09:25","date_gmt":"2025-12-21T17:09:25","guid":{"rendered":"https:\/\/www.europesays.com\/de\/662523\/"},"modified":"2025-12-21T17:09:25","modified_gmt":"2025-12-21T17:09:25","slug":"endspurt-vor-dem-fest-wie-lief-der-verkaufsoffene-sonntag-in-leipzig","status":"publish","type":"post","link":"https:\/\/www.europesays.com\/de\/662523\/","title":{"rendered":"Endspurt vor dem Fest \u2013 wie lief der verkaufsoffene Sonntag in Leipzig?"},"content":{"rendered":"<p class=\"Textstyled__Text-sc-1cqv9mi-0 cLyiiX\">Leipzig. T\u00fcten in der Hand und den n\u00e4chsten Gl\u00fchweinstand fest im Blick: So schlenderten etliche Passanten am Sonntag durch die Leipziger Innenstadt. H\u00e4ndler durften ihre L\u00e4den das zweite Mal in der Adventszeit au\u00dfer der Reihe \u00f6ffnen. <\/p>\n<p>Weiterlesen nach der Anzeige<\/p>\n<p>Weiterlesen nach der Anzeige<\/p>\n<p class=\"Textstyled__Text-sc-1cqv9mi-0 cLyiiX\">Und das Interesse am Kauf-Finale vorm Fest war offenbar gro\u00df. Voll war das Stichwort des Tages. Volle Parkh\u00e4user, volle Stra\u00dfenbahnen und Stau auf den Zufahrtsstra\u00dfen konnten nur in einem enden: dichtem Gedr\u00e4nge in der City. <\/p>\n<p><img decoding=\"async\" alt=\"Volle Parkh\u00e4user, volle Stra\u00dfenbahnen und Stau auf den Zufahrtsstra\u00dfen konnten nur in einem enden: dichtem Gedr\u00e4nge in der City. \" loading=\"lazy\"  src=\"https:\/\/www.europesays.com\/de\/wp-content\/uploads\/2025\/12\/CNRJJZURKBAGDP4DJBVG2AY5TU.jpg\" \/><\/p>\n<p class=\"Textstyled__Text-sc-1cqv9mi-0 cLyiiX\">Angelika Schmitt outete sich freim\u00fctig: \u201eWir sind heute aus Dresden nach Leipzig gekommen. Auf dem Striezelmarkt wird ein Touristenbus nach dem anderen ausgekippt. Das ist einfach nicht mehr gem\u00fctlich und nur ein Schieben und Dr\u00e4ngeln\u201c, so die Besucherin aus der Landeshauptstadt. Ganz so eng ist es ihrem Eindruck nach in Leipzig nicht.<\/p>\n<p>Weiterlesen nach der Anzeige<\/p>\n<p>Weiterlesen nach der Anzeige<\/p>\n<p>Dresdner kommen mit dem Zug <\/p>\n<p class=\"Textstyled__Text-sc-1cqv9mi-0 cLyiiX\">Dass es in der Messestadt im Gegensatz zu ihrer Heimatstadt noch ein Breuninger-Modehaus gibt, hat die Dresdenerin gemeinsam mit ihrem Sohn David f\u00fcr einen spontanen Einkauf genutzt. \u201eEs ist zwar etwas teurer als bei anderen Anbietern.\u201c Aber offensichtlich hat die Qualit\u00e4t der erstandenen \u00dcbergangsjacke letztlich \u00fcberzeugt. \u201eJetzt bummeln wir noch ein bisschen \u00fcber den Weihnachtmarkt und danach geht es mit dem Zug zur\u00fcck.\u201c<\/p>\n<p><img decoding=\"async\" alt=\"Verkaufsoffener Sonntag am vierten Advent in Leipzig. Angelika Schmitt mit Sohn David.\" loading=\"lazy\"  src=\"https:\/\/www.europesays.com\/de\/wp-content\/uploads\/2025\/12\/QNMGUCUSGND7RMC5BIXAZZVWYI.jpg\" \/><\/p>\n<p class=\"Textstyled__Text-sc-1cqv9mi-0 cLyiiX\">Tausende Kunden gaben zur Sonder\u00f6ffnung noch mal Gas. Besonders in Grimmaischer Stra\u00dfe, Petersstra\u00dfe und Hainstra\u00dfe sowie rund um den Markt herrschte zeitweilig dichtes Gedr\u00e4nge. <\/p>\n<p class=\"Textstyled__Text-sc-1cqv9mi-0 cLyiiX\">Ob der Handel deshalb jubilieren konnte, war am Nachmittag noch nicht ausgemacht. Ohnehin bemisst sich f\u00fcr viele alteingesessene Gesch\u00e4fte der Erfolg nicht am reinen Umsatz.<\/p>\n<p>Stammkunden k\u00f6nnen sich auf Mode-Boutique verlassen <\/p>\n<p class=\"Textstyled__Text-sc-1cqv9mi-0 cLyiiX\">Das machte zum Beispiel Michael Arndt, Inhaber der Boutique \u201ePalazzo La Moda\u201c am Neumarkt, klar: \u201eUnsere Angestellten haben heute frei, daf\u00fcr stehen meine Frau und ich im Laden.\u201c Zwar rechnete der Leipziger nicht mit einem gro\u00dfen Ansturm auf seine schicke italienische Ware. \u201eAber nur ein Stammkunde, der an so einem Tag vor verschlossener T\u00fcr steht, w\u00e4re ein \u00c4rgernis.\u201c Deshalb geh\u00f6rt es f\u00fcr Arndt zum guten Ton, den verkaufsoffenen Sonntag mitzunehmen und seine Schaufenster nicht dunkel zu lassen. <\/p>\n<p>Weiterlesen nach der Anzeige<\/p>\n<p>Weiterlesen nach der Anzeige<\/p>\n<p class=\"Textstyled__Text-sc-1cqv9mi-0 cLyiiX\">Nicht gerade gesch\u00e4ftsf\u00f6rdernd seien allerdings die zwei Baustellen vorm Eingang. \u201eWir hoffen, dass das fr\u00fchere Karstadt-Warenhaus bald auch auf der uns zugewandten Seite wieder belebt wird. Am besten mit Gastronomie, das w\u00e4re f\u00fcr uns ein Vorteil.\u201c<\/p>\n<p><img decoding=\"async\" alt=\"Verkaufsoffener Sonntag am vierten Advent in Leipzig. Michael und Ilka Arndt im Palazzo la Moda.\" loading=\"lazy\"  src=\"https:\/\/www.europesays.com\/de\/wp-content\/uploads\/2025\/12\/VD3NCCFVTZDYND5C5OKMBS5W4Q.jpg\" \/><\/p>\n<p class=\"Textstyled__Text-sc-1cqv9mi-0 cLyiiX\">Nicht nur Mode, auch edle D\u00fcfte sind als Geschenk auf den letzten Dr\u00fccker beliebt. Die bot die Parf\u00fcmerie Catina nur wenige Meter weiter an. Die Verk\u00e4uferinnen Lilly Wolf und Sara Getenet hatten f\u00fcr die Sonntagseink\u00e4ufer kleine Pr\u00e4sente gepackt. \u201eWir nehmen uns auch an einem solchen Tag viel Zeit f\u00fcr eine individuelle Beratung. Das wissen vor allem unsere Stammkunden zu sch\u00e4tzen\u201c, so Lilly Wolf. Gefragt zum Jahresende sind Neuheiten, aber auch immer wieder die Klassiker von Chanel. \u201eBesonders im Sommer waren sehr viele Touristen in der Stadt\u201c, erz\u00e4hlt Sara Getenet. Die vermisse sie aktuell etwas.<\/p>\n<p><img decoding=\"async\" alt=\"Mit kleinen Pr\u00e4senten wurden die Kunden zum vierten Advent von Lilly Wolf (l.) und Sara Getenet in der Parf\u00fcmerie Catina am Neumarkt \u00fcberrascht. \" loading=\"lazy\"  src=\"https:\/\/www.europesays.com\/de\/wp-content\/uploads\/2025\/12\/FQIIHNPYUVFXVCE3PYYVTDQZ4I.jpg\" \/><\/p>\n<p class=\"Textstyled__Text-sc-1cqv9mi-0 cLyiiX\">Zu den teuersten Lagen in der Leipziger Innenstadt geh\u00f6rt die Reichsstra\u00dfe. Wer sich f\u00fcr exklusive Mode interessiert, kommt hier an der Boutique Mico kaum vorbei. <\/p>\n<p>Weiterlesen nach der Anzeige<\/p>\n<p>Weiterlesen nach der Anzeige<\/p>\n<p class=\"Textstyled__Text-sc-1cqv9mi-0 cLyiiX\">Gehobene Mode gibt es allerdings auch nur zu gehobenen Preisen. \u201eDas\u201c, versichert Stylistin Heidrun Erdelt, \u201eist f\u00fcr unsere Kundschaft aber kein Problem.\u201c Vor Weihnachten w\u00fcrden auch schon mal Gutscheine \u00fcber hohe vierstellige Betr\u00e4ge \u00fcber den Ladentisch gehen. Wichtig f\u00fcr das gute Weihnachtsgesch\u00e4ft sei die Nachbarschaft zum Hotel Steigenberger. Die Nobel-Herberge liegt gleich ums Eck. \u201eVon dieser N\u00e4he profitiert unser Premium-Gesch\u00e4ft unheimlich\u201c, so die ausgebildete Stylistin. Es komme auch schon vor, dass Damen noch schnell eine komplette Ausgeh-Garderobe f\u00fcr den abendlichen Opernbesuch brauchen. \u201eAuch hier helfen wir nat\u00fcrlich sehr gern weiter.\u201c <\/p>\n<p><img decoding=\"async\" alt=\"Heidrun Erdelt erf\u00fcllt in der Boutique Mico in der Reichsstra\u00dfe erlesene Kundenw\u00fcnsche. \" loading=\"lazy\"  src=\"https:\/\/www.europesays.com\/de\/wp-content\/uploads\/2025\/12\/22H5BHEJYRAHHGPW26R7LXNZ54.jpg\" \/><\/p>\n<p class=\"Textstyled__Text-sc-1cqv9mi-0 cLyiiX\">Weniger auserlesen waren die Eink\u00e4ufe, die J\u00f6rg Zimmer und seine Frau Mathurada Knorre nach Hause trugen. \u201eWir waren bei Deichmann und haben Winterschuhe gekauft.\u201c Auch f\u00fcr Mutter Angelika Zimmer, die das gut gelaunte Duo begleitete, wanderte noch ein Paar Schuhe in die T\u00fcte. Das seien alles Geschenke, die gebraucht werden. \u201eUnd nat\u00fcrlich gibt es weitere \u00dcberraschungen, die ich nicht verraten kann\u201c, l\u00e4chelte der Leipziger geheimnisvoll.<\/p>\n<p><img decoding=\"async\" alt=\"Angelika Zimmer, Mathurada Knorre und J\u00f6rg Zimmer (v.l.n.r) haben sich mit Winterschuhen eingedeckt. Zu Weihnachten landen aber auch noch andere Geschenke unterm Baum.\" loading=\"lazy\"  src=\"https:\/\/www.europesays.com\/de\/wp-content\/uploads\/2025\/12\/TB3UEFMTTJDZTLLMPEFC2NZGEQ.jpg\" \/><\/p>\n<p class=\"Textstyled__Text-sc-1cqv9mi-0 cLyiiX\">Ob es ihm nicht zu stressig ist, sich mit Tausenden Leuten durch die proppenvolle City zu schieben? <\/p>\n<p>Weiterlesen nach der Anzeige<\/p>\n<p>Weiterlesen nach der Anzeige<\/p>\n<blockquote><p>Wer Ruhe sucht, kann ja in den Wald gehen.<\/p><\/blockquote>\n<p class=\"Quotestyled__Author-sc-q277fq-1 iQZobn\">J\u00f6rg Zimmer<\/p>\n<p class=\"Quotestyled__AuthorDescription-sc-q277fq-2 hQAqgn\">wohnt in Leipzig<\/p>\n<p class=\"Textstyled__Text-sc-1cqv9mi-0 cLyiiX\">\u201eAch, gar nicht\u201c, antwortete J\u00f6rg Zimmer sichtlich entspannt. \u201eWenn ich in die Stadt fahre, muss ich gerade an so einem Tag mit Andrang rechnen. Wer Ruhe sucht, kann ja in den Wald gehen.\u201c<\/p>\n<p class=\"Editorialstyled__Editorial-sc-1bfvh9l-0 cSmjnJ\">LVZ<\/p>\n","protected":false},"excerpt":{"rendered":"Leipzig. T\u00fcten in der Hand und den n\u00e4chsten Gl\u00fchweinstand fest im Blick: So schlenderten etliche Passanten am Sonntag&hellip;\n","protected":false},"author":2,"featured_media":662524,"comment_status":"","ping_status":"","sticky":false,"template":"","format":"standard","meta":{"footnotes":""},"categories":[1832],"tags":[3364,29,30,71,859],"class_list":{"0":"post-662523","1":"post","2":"type-post","3":"status-publish","4":"format-standard","5":"has-post-thumbnail","7":"category-leipzig","8":"tag-de","9":"tag-deutschland","10":"tag-germany","11":"tag-leipzig","12":"tag-sachsen"},"share_on_mastodon":{"url":"https:\/\/pubeurope.com\/@de\/115758667002452080","error":""},"_links":{"self":[{"href":"https:\/\/www.europesays.com\/de\/wp-json\/wp\/v2\/posts\/662523","targetHints":{"allow":["GET"]}}],"collection":[{"href":"https:\/\/www.europesays.com\/de\/wp-json\/wp\/v2\/posts"}],"about":[{"href":"https:\/\/www.europesays.com\/de\/wp-json\/wp\/v2\/types\/post"}],"author":[{"embeddable":true,"href":"https:\/\/www.europesays.com\/de\/wp-json\/wp\/v2\/users\/2"}],"replies":[{"embeddable":true,"href":"https:\/\/www.europesays.com\/de\/wp-json\/wp\/v2\/comments?post=662523"}],"version-history":[{"count":0,"href":"https:\/\/www.europesays.com\/de\/wp-json\/wp\/v2\/posts\/662523\/revisions"}],"wp:featuredmedia":[{"embeddable":true,"href":"https:\/\/www.europesays.com\/de\/wp-json\/wp\/v2\/media\/662524"}],"wp:attachment":[{"href":"https:\/\/www.europesays.com\/de\/wp-json\/wp\/v2\/media?parent=662523"}],"wp:term":[{"taxonomy":"category","embeddable":true,"href":"https:\/\/www.europesays.com\/de\/wp-json\/wp\/v2\/categories?post=662523"},{"taxonomy":"post_tag","embeddable":true,"href":"https:\/\/www.europesays.com\/de\/wp-json\/wp\/v2\/tags?post=662523"}],"curies":[{"name":"wp","href":"https:\/\/api.w.org\/{rel}","templated":true}]}}