{"id":662539,"date":"2025-12-21T17:18:14","date_gmt":"2025-12-21T17:18:14","guid":{"rendered":"https:\/\/www.europesays.com\/de\/662539\/"},"modified":"2025-12-21T17:18:14","modified_gmt":"2025-12-21T17:18:14","slug":"muenchen-heute-nachrichten-vom-21-12-2025-muenchen","status":"publish","type":"post","link":"https:\/\/www.europesays.com\/de\/662539\/","title":{"rendered":"M\u00fcnchen heute &#8211; Nachrichten vom 21.12.2025 &#8211; M\u00fcnchen"},"content":{"rendered":"<p data-manual=\"paragraph\" data-schema-org-speakable=\"true\" class=\"css-1eosz7k\"><strong>DAS WOCHENENDE IN <\/strong><strong><a href=\"https:\/\/www.sueddeutsche.de\/thema\/M%C3%BCnchen\" target=\"_blank\" rel=\"noopener\">M\u00dcNCHEN<\/a><\/strong><\/p>\n<p data-manual=\"paragraph\" data-schema-org-speakable=\"true\" class=\"css-1eosz7k\"><strong>Mehr als tausend Tannen warten noch auf K\u00e4ufer<\/strong> Bei manchen H\u00e4ndlern herrscht wenige Tage vor Weihnachten noch Zuversicht, andere dagegen klagen \u00fcber die geringe Nachfrage in diesem Jahr. Was dem klassischen Weihnachtsbaum Konkurrenz macht \u2013 <a href=\"https:\/\/www.sueddeutsche.de\/muenchen\/muenchen-weihnachtsbaum-verkauf-theresienwiese-li.3356815\" target=\"_blank\" rel=\"noopener\">und warum ein Anbieter schon am Wochenende den Verkauf einstellt.<\/a><\/p>\n<p data-manual=\"paragraph\" data-schema-org-speakable=\"true\" class=\"css-1eosz7k\"><strong>Stockt es hier drau\u00dfen, erstickt auch M\u00fcnchen im Verkehr\u00a0<\/strong>Der Allacher Tunnel ist Bayerns wichtigster Autobahntunnel &#8211; doch oft stehen Autofahrer stundenlang im Stau. Nun muss die R\u00f6hre auch noch saniert werden. Wie soll das gehen? <a href=\"https:\/\/www.sueddeutsche.de\/projekte\/artikel\/muenchen\/muenchen-verkehr-allacher-tunnel-infrastruktur-sanierung-e083110\/\" target=\"_blank\" rel=\"noopener\">Besuch im Untergrund (SZ Plus).<\/a><\/p>\n<p data-manual=\"paragraph\" data-schema-org-speakable=\"true\" class=\"css-1eosz7k\"><strong>\u201eEin klassischer Club-Betrieb trifft heute nicht mehr den Nerv der Zeit\u201c<\/strong> Mathias Scheffel hat schon im Nachtleben gearbeitet, als der Kunstpark Ost gerade startete. Jetzt hat er ein Restaurant mit asiatischer Fusionsk\u00fcche er\u00f6ffnet. <a href=\"https:\/\/www.sueddeutsche.de\/muenchen\/muenchen-restaurant-clubszene-lenbachplatz-794-jidai-mathias-scheffel-interview-li.3355413\" target=\"_blank\" rel=\"noopener\">\u00dcber die Trends der Nacht und warum sich M\u00fcnchner Clubs \u00e4ndern m\u00fcssen (SZ Plus).<\/a><\/p>\n<p data-manual=\"paragraph\" data-schema-org-speakable=\"true\" class=\"css-1eosz7k\"><strong>Warum die kritische Infrastruktur an Feiertagen besonders gef\u00e4hrdet is<\/strong>t Drohnen am Flughafen, Brandanschlag auf die Stromversorgung: <a href=\"https:\/\/www.sueddeutsche.de\/muenchen\/muenchen-infrastruktur-sicherheit-feiertage-cyberattacken-li.3349998\" target=\"_blank\" rel=\"noopener\">Wie gut ist M\u00fcnchen ger\u00fcstet f\u00fcr Attacken, die die Funktionalit\u00e4t des Staates treffen und die Bev\u00f6lkerung verunsichern sollen (SZ Plus)?<\/a><\/p>\n<p data-manual=\"paragraph\" data-schema-org-speakable=\"true\" class=\"css-1eosz7k\"><strong>M\u00fcnchen stolpert erneut auf dem Weg in die digitale Zukunft<\/strong> 170 Millionen Euro hat die Stadt bereits in die Einf\u00fchrung eines neuen Computersystems von SAP investiert. <a href=\"https:\/\/www.sueddeutsche.de\/muenchen\/muenchen-sap-einfuehrung-verschoben-li.3355792\" target=\"_blank\" rel=\"noopener\">Der erste Versuch scheiterte vor einem Jahr, nun zieht die Verwaltung kurz vor dem geplanten Start erneut die Notbremse.<\/a><\/p>\n<p data-manual=\"paragraph\" data-schema-org-speakable=\"true\" class=\"css-1eosz7k\"><strong>WEITERE NACHRICHTEN<\/strong><\/p>\n<p data-manual=\"paragraph\" data-schema-org-speakable=\"true\" class=\"css-1eosz7k\"><strong>Aubing:<\/strong>\u00a0<a href=\"https:\/\/www.sueddeutsche.de\/muenchen\/muenchen-brand-aubing-36-jaehriger-rauchgasvergiftung-li.3358024\" target=\"_blank\" rel=\"noopener\">36-J\u00e4hriger stirbt bei Brand in Mehrfamilienhaus<\/a><\/p>\n<p data-manual=\"paragraph\" data-schema-org-speakable=\"true\" class=\"css-1eosz7k\"><strong>M\u00fcnchner Residenz:<\/strong>\u00a0<a href=\"https:\/\/www.sueddeutsche.de\/muenchen\/muenchen-residenz-bellotto-raum-restauration-li.3349400\" target=\"_blank\" rel=\"noopener\">Der Bellotto-Raum erstrahlt in altem Glanz<\/a><\/p>\n<p data-manual=\"paragraph\" data-schema-org-speakable=\"true\" class=\"css-1eosz7k\"><strong>Stiglmaierplatz:<\/strong>\u00a0<a href=\"https:\/\/www.sueddeutsche.de\/muenchen\/muenchen-stiglmaierplatz-sturz-u-bahn-verletzungen-li.3358106\" target=\"_blank\" rel=\"noopener\">19-J\u00e4hriger wird von U-Bahn erfasst<\/a><\/p>\n<p data-manual=\"paragraph\" data-schema-org-speakable=\"true\" class=\"css-1eosz7k\"><strong>M\u00dcNCHEN ERLESEN<\/strong><\/p>\n<p><a href=\"https:\/\/www.sueddeutsche.de\/muenchen\/weihnachten-heiligabend-trauer-einsamkeit-singles-feier-li.3357517\" aria-label=\"Artikelverlinkung:\" data-track-szde=\"{&quot;event&quot;:&quot;teaser_clicked&quot;,&quot;teaser_clicked&quot;:{&quot;article_title&quot;:&quot;wenn_der_herzensmensch_geht_ist_das_unfassbar_hart_besonders_an_heiligabend&quot;,&quot;doctype&quot;:&quot;&quot;,&quot;label&quot;:&quot;szplus&quot;,&quot;main_topic&quot;:&quot;leben_und_gesellschaft_in_muenchen&quot;,&quot;object_id&quot;:&quot;li.3357517&quot;,&quot;pcat&quot;:&quot;paid&quot;,&quot;section&quot;:&quot;muenchen&quot;,&quot;teaser_type&quot;:&quot;article_teaser_top&quot;}}\" data-manual=\"teaser-url\" data-tb-link=\"\" aria-labelledby=\"teaser-httpswwwsueddeutschedemuenchenweihnachten-heiligabend-trauer-einsamkeit-singles-feier-li3357517\" class=\"css-14tg8sh\" target=\"_blank\" rel=\"noopener\"><img decoding=\"async\" src=\"https:\/\/www.europesays.com\/de\/wp-content\/uploads\/2025\/12\/b61a8164-9175-473b-b4b7-a6c0dff58fd9.jpeg\"   alt=\"\" loading=\"lazy\" class=\"css-8atqhb\"\/><\/p>\n<p>Weihnachten<\/p>\n<p>:\u201eWenn der Herzensmensch geht, ist das unfassbar hart. Besonders an Heiligabend\u201c<\/p>\n<p class=\"css-a6ecqs\" data-manual=\"teaser-text\" data-tb-description=\"\" data-schema-org-speakable=\"true\">Die Weihnachtstage k\u00f6nnen f\u00fcr Alleinlebende sehr einsam sein. Der ehemalige evangelische Pastor Torsten Resack organisiert am 24. Dezember ein gemeinsames Festessen. Wer alles mitfeiern kann\u00a0\u2013 und warum er besonders Trauernde ansprechen m\u00f6chte.<\/p>\n<p>SZ PlusInterview von Sabine Buchwald<a href=\"https:\/\/www.sueddeutsche.de\/muenchen\/muenchen-sz-gute-werke-bundeswehrmitarbeiter-afghanistan-unfall-arbeitslos-li.3337330\" aria-label=\"Artikelverlinkung:\" data-track-szde=\"{&quot;event&quot;:&quot;teaser_clicked&quot;,&quot;teaser_clicked&quot;:{&quot;article_title&quot;:&quot;er_half_der_bundeswehr_in_afghanistan_jetzt_findet_er_keine_arbeit&quot;,&quot;doctype&quot;:&quot;&quot;,&quot;label&quot;:&quot;&quot;,&quot;main_topic&quot;:&quot;leben_und_gesellschaft_in_muenchen&quot;,&quot;object_id&quot;:&quot;li.3337330&quot;,&quot;pcat&quot;:&quot;free&quot;,&quot;section&quot;:&quot;muenchen&quot;,&quot;teaser_type&quot;:&quot;article_teaser_top&quot;}}\" data-manual=\"teaser-url\" data-tb-link=\"\" aria-labelledby=\"teaser-httpswwwsueddeutschedemuenchenmuenchen-sz-gute-werke-bundeswehrmitarbeiter-afghanistan-unfall-arbeitslos-li3337330\" class=\"css-14tg8sh\" target=\"_blank\" rel=\"noopener\"><img decoding=\"async\" src=\"https:\/\/www.europesays.com\/de\/wp-content\/uploads\/2025\/12\/18dfbe08-7880-4a79-be5e-1dd7da131de1.jpeg\"   alt=\"\" loading=\"lazy\" class=\"css-8atqhb\"\/><\/p>\n<p>SZ Gute Werke<\/p>\n<p>:Er half der Bundeswehr in Afghanistan, jetzt findet er keine Arbeit<\/p>\n<p class=\"css-a6ecqs\" data-manual=\"teaser-text\" data-tb-description=\"\" data-schema-org-speakable=\"true\">Mit dem letzten Flugzeug schaffte Rafi N. es raus aus Kabul. In M\u00fcnchen lernte er schnell Deutsch, bekam einen Job \u2013 doch dann geschah ein Unfall. Seitdem ist nichts wie zuvor.<\/p>\n<p data-manual=\"paragraph\" data-schema-org-speakable=\"true\" class=\"css-1eosz7k\"><strong>UNSER FREIZEITTIPP<\/strong><\/p>\n<p><a href=\"https:\/\/www.sueddeutsche.de\/muenchen\/holiday-on-ice-muenchen-olympiahalle-2025-max-giesinger-li.3351860\" aria-label=\"Artikelverlinkung:\" data-track-szde=\"{&quot;event&quot;:&quot;teaser_clicked&quot;,&quot;teaser_clicked&quot;:{&quot;article_title&quot;:&quot;das_sind_die_wahren_stars_von_holiday_on_ice&quot;,&quot;doctype&quot;:&quot;&quot;,&quot;label&quot;:&quot;&quot;,&quot;main_topic&quot;:&quot;kultur_in_muenchen&quot;,&quot;object_id&quot;:&quot;li.3351860&quot;,&quot;pcat&quot;:&quot;metered&quot;,&quot;section&quot;:&quot;muenchen&quot;,&quot;teaser_type&quot;:&quot;article_teaser_top&quot;}}\" data-manual=\"teaser-url\" data-tb-link=\"\" aria-labelledby=\"teaser-httpswwwsueddeutschedemuenchenholiday-on-ice-muenchen-olympiahalle-2025-max-giesinger-li3351860\" class=\"css-14tg8sh\" target=\"_blank\" rel=\"noopener\"><img decoding=\"async\" src=\"https:\/\/www.europesays.com\/de\/wp-content\/uploads\/2025\/12\/17b89a87-efd3-4ae5-a5f9-8c73c42516c2.jpg\"   alt=\"\" loading=\"lazy\" class=\"css-8atqhb\"\/><\/p>\n<p>Rekord-Eisshow in M\u00fcnchen<\/p>\n<p>:Das sind die wahren Stars von \u201eHoliday On Ice\u201c<\/p>\n<p class=\"css-a6ecqs\" data-manual=\"teaser-text\" data-tb-description=\"\" data-schema-org-speakable=\"true\">Bei der Eis-Gala in der Olympiahalle singt Max Giesinger seine Hits. Aber die Revue \u201eCinema Of Dreams\u201c pr\u00e4gen andere K\u00fcnstler: Die L\u00e4ufer ebenso wie das Kreativteam, das schon Shows f\u00fcr den ESC, Olympia, \u201eColdplay\u201c oder Adele in M\u00fcnchen inszeniert hat.<\/p>\n<p data-manual=\"paragraph\" data-schema-org-speakable=\"true\" class=\"css-1eosz7k\"><a href=\"https:\/\/www.sueddeutsche.de\/thema\/Restaurants\" target=\"_blank\" rel=\"noopener\">Restaurants in M\u00fcnchen<\/a> | <a href=\"https:\/\/www.sueddeutsche.de\/thema\/Bars\" target=\"_blank\" rel=\"noopener\">Bars in M\u00fcnchen<\/a> | <a href=\"https:\/\/www.sueddeutsche.de\/thema\/Fr%C3%BChst%C3%BCck_und_Brunch\" target=\"_blank\" rel=\"noopener\">Fr\u00fchst\u00fcck und Brunch<\/a><\/p>\n<p data-manual=\"paragraph\" data-schema-org-speakable=\"true\" class=\"css-1eosz7k\"><strong>Zu den Landkreisen:<\/strong> <a href=\"https:\/\/www.sueddeutsche.de\/muenchen\/wolfratshausen\" target=\"_blank\" rel=\"noopener\">Bad T\u00f6lz-Wolfratshausen<\/a> | <a href=\"https:\/\/www.sueddeutsche.de\/muenchen\/dachau\" target=\"_blank\" rel=\"noopener\">Dachau<\/a> | <a href=\"https:\/\/www.sueddeutsche.de\/muenchen\/ebersberg\" target=\"_blank\" rel=\"noopener\">Ebersberg<\/a> | <a href=\"https:\/\/www.sueddeutsche.de\/muenchen\/erding\" target=\"_blank\" rel=\"noopener\">Erding<\/a> | <a href=\"https:\/\/www.sueddeutsche.de\/muenchen\/freising\" target=\"_blank\" rel=\"noopener\">Freising<\/a> | <a href=\"https:\/\/www.sueddeutsche.de\/muenchen\/fuerstenfeldbruck\" target=\"_blank\" rel=\"noopener\">F\u00fcrstenfeldbruck<\/a> | <a href=\"https:\/\/www.sueddeutsche.de\/muenchen\/landkreismuenchen\" target=\"_blank\" rel=\"noopener\">M\u00fcnchen<\/a> | <a href=\"https:\/\/www.sueddeutsche.de\/muenchen\/starnberg\" target=\"_blank\" rel=\"noopener\">Starnberg<\/a><\/p>\n","protected":false},"excerpt":{"rendered":"DAS WOCHENENDE IN M\u00dcNCHEN Mehr als tausend Tannen warten noch auf K\u00e4ufer Bei manchen H\u00e4ndlern herrscht wenige Tage&hellip;\n","protected":false},"author":2,"featured_media":387201,"comment_status":"","ping_status":"","sticky":false,"template":"","format":"standard","meta":{"footnotes":""},"categories":[1827],"tags":[772,29,30,1268,2338,2339,149],"class_list":{"0":"post-662539","1":"post","2":"type-post","3":"status-publish","4":"format-standard","5":"has-post-thumbnail","7":"category-muenchen","8":"tag-bayern","9":"tag-deutschland","10":"tag-germany","11":"tag-muenchen","12":"tag-newsletter","13":"tag-oberbayern","14":"tag-sueddeutsche-zeitung"},"share_on_mastodon":{"url":"https:\/\/pubeurope.com\/@de\/115758703834832599","error":""},"_links":{"self":[{"href":"https:\/\/www.europesays.com\/de\/wp-json\/wp\/v2\/posts\/662539","targetHints":{"allow":["GET"]}}],"collection":[{"href":"https:\/\/www.europesays.com\/de\/wp-json\/wp\/v2\/posts"}],"about":[{"href":"https:\/\/www.europesays.com\/de\/wp-json\/wp\/v2\/types\/post"}],"author":[{"embeddable":true,"href":"https:\/\/www.europesays.com\/de\/wp-json\/wp\/v2\/users\/2"}],"replies":[{"embeddable":true,"href":"https:\/\/www.europesays.com\/de\/wp-json\/wp\/v2\/comments?post=662539"}],"version-history":[{"count":0,"href":"https:\/\/www.europesays.com\/de\/wp-json\/wp\/v2\/posts\/662539\/revisions"}],"wp:featuredmedia":[{"embeddable":true,"href":"https:\/\/www.europesays.com\/de\/wp-json\/wp\/v2\/media\/387201"}],"wp:attachment":[{"href":"https:\/\/www.europesays.com\/de\/wp-json\/wp\/v2\/media?parent=662539"}],"wp:term":[{"taxonomy":"category","embeddable":true,"href":"https:\/\/www.europesays.com\/de\/wp-json\/wp\/v2\/categories?post=662539"},{"taxonomy":"post_tag","embeddable":true,"href":"https:\/\/www.europesays.com\/de\/wp-json\/wp\/v2\/tags?post=662539"}],"curies":[{"name":"wp","href":"https:\/\/api.w.org\/{rel}","templated":true}]}}