{"id":662551,"date":"2025-12-21T17:26:28","date_gmt":"2025-12-21T17:26:28","guid":{"rendered":"https:\/\/www.europesays.com\/de\/662551\/"},"modified":"2025-12-21T17:26:28","modified_gmt":"2025-12-21T17:26:28","slug":"sechs-sieglose-spiele-in-serie-negativserie-beim-1-fc-koeln-zwischen-frust-und-kampfgeist","status":"publish","type":"post","link":"https:\/\/www.europesays.com\/de\/662551\/","title":{"rendered":"Sechs sieglose Spiele in Serie: Negativserie beim 1. FC K\u00f6ln &#8211; Zwischen Frust und Kampfgeist"},"content":{"rendered":"<p>            <img loading=\"lazy\" decoding=\"async\" class=\"ts-image\" src=\"https:\/\/www.europesays.com\/de\/wp-content\/uploads\/2025\/12\/wdr-die-koelner-spieler-linton-maina-l-und-said-el-mala-nach-der-niederlage-gegen-union-berlin-100.j.jpeg\" alt=\"Die K\u00f6lner Spieler Linton Maina (l.) und Said El Mala nach der Niederlage gegen Union Berlin\" title=\"Die K\u00f6lner Spieler Linton Maina (l.) und Said El Mala nach der Niederlage gegen Union Berlin | dpa\/Marius Becker\"\/><\/p>\n<p class=\"metatextline\">Stand: 21.12.2025 13:53 Uhr<\/p>\n<p class=\"article-head__shorttext\">\n        <strong>Nach dem sechsten sieglosen Spiel in Serie verabschiedet sich der 1. FC K\u00f6ln entt\u00e4uscht, aber auch k\u00e4mpferisch in die Winterpause.<\/strong>\n    <\/p>\n<p class=\"textabsatz m-ten m-offset-one l-eight l-offset-two columns twelve\">Vor dem Anpfiff der Partie gegen Union Berlin herrschte im ausverkauften K\u00f6lner Stadion bei weihnachtlichen Kl\u00e4ngen eine festliche Atmosph\u00e4re. FC-Trainer Lukas Kwasniok stand beim letzten Spiel des Jahres am Samstagnachmittag im rot-wei\u00dfen Weihnachtspulli an der Seitenlinie.<\/p>\n<p class=\"textabsatz m-ten m-offset-one l-eight l-offset-two columns twelve\">Punkte gab es f\u00fcr die K\u00f6lner vier Tage vor Heiligabend aber nicht zu feiern, die bittere 0:1 (0:0)-Niederlage nach einem sp\u00e4ten Gegentor d\u00e4mpfte die Stimmung sp\u00fcrbar. F\u00fcr die &#8222;Gei\u00dfb\u00f6cke&#8220;, die nach dem neunten Spieltag als Aufsteiger noch den siebten Tabellenplatz belegt hatten, war es nun das sechste sieglose Spiel in Serie in der <a href=\"https:\/\/www1.wdr.de\/sport\/fussball\/uebersicht-fussball-100.html\" title=\"Der Fu\u00dfball in NRW im \u00dcberblick\" class=\"textlink--extern\" target=\"_blank\" rel=\"noopener nofollow\">Fu\u00dfball<\/a>&#8211;<a href=\"https:\/\/www1.wdr.de\/uebersicht-fussball-bundesliga-100.html\" title=\"Fu\u00dfball-Bundesliga\" class=\"textlink--extern\" target=\"_blank\" rel=\"noopener nofollow\">Bundesliga<\/a>. In die kurze Winterpause gehen sie als Tabellenelfte.<\/p>\n<p class=\"textabsatz m-ten m-offset-one l-eight l-offset-two columns twelve\">Die Festtagsstimmung wollte sich der Trainer des kriselnden Fu\u00dfball-Bundesligisten 1. FC K\u00f6ln von der Ergebnis-Misere zwar nicht verderben lassen, den Frust sah man Lukas Kwasniok nach dem n\u00e4chsten Last-Minute-R\u00fcckschlag nat\u00fcrlich dennoch an.<\/p>\n<p class=\"absatzbild__info__text\">\n                        K\u00f6ln-Trainer Lukas Kwasniok\n                    <\/p>\n<ul class=\"buttongroup buttongroup--copytext\">\n<li class=\"buttongroup__item\">\n<p>    <a class=\"btn btn--text btn--standard-secondary btn--fullwidth\" href=\"https:\/\/www.sportschau.de\/fussball\/bundesliga\/union-gelingt-in-ueberzahl-der-siegreffer,spielbericht-koeln-union-berlin-108.html\" rel=\"nofollow noopener\" target=\"_blank\"><br \/>\n        Union Berlin nimmt K\u00f6lns Geschenke dankend an<br \/>\n        Pfeil rechts<\/p>\n<p>    <\/a>\n<\/li>\n<\/ul>\n<p class=\"textabsatz m-ten m-offset-one l-eight l-offset-two columns twelve\">Vor dem Treffer des Berliners Andras Sch\u00e4fer in der Nachspielzeit hatte die Abwehr der Gastgeber den Ball nicht konsequent aus dem Strafraum gekl\u00e4rt. &#8222;Das passiert leider &#8211; aktuell einen Tick zu h\u00e4ufig auf unserer Seite&#8220;, sagte Kwasniok am Sportschau-Mikrofon. &#8222;Das macht die Gesamtkonstellation nicht ganz so angenehm. Aber es entspricht nunmal den Tatsachen und den Kr\u00e4fteverh\u00e4ltnissen in der Bundesliga, dass wir uns im Kampf um den Klassenerhalt befinden&#8220;, sagte Kwasniok. &#8222;Da gilt es Fehler zu vermeiden und das haben wir heute \u00fcber 90 Minuten nicht ganz geschafft.&#8220;<\/p>\n<ul class=\"buttongroup buttongroup--copytext\">\n<li class=\"buttongroup__item\">\n<p>    <a class=\"btn btn--text btn--standard-secondary btn--fullwidth\" href=\"https:\/\/www.sportschau.de\/fussball\/bundesliga\/koelns-trainer-kwasniok-zwei-individuelle-fehler,netcast-koe-kwasniok-100.html\" rel=\"nofollow noopener\" target=\"_blank\"><br \/>\n        K\u00f6lns Trainer Kwasniok &#8211; &#8222;Zwei individuelle Fehler&#8220;<br \/>\n        Pfeil rechts<\/p>\n<p>    <\/a>\n<\/li>\n<\/ul>\n<p class=\"textabsatz m-ten m-offset-one l-eight l-offset-two columns twelve\">Mit 16 Punkten aus 15 Bundesligaspielen hat der Aufsteiger weiterhin f\u00fcnf Z\u00e4hler Vorsprung auf die Abstiegsr\u00e4nge. Allerdings holte der FC zuletzt nur sechs Punkte aus acht Begegnungen. Gegen Union Berlin mit dem fr\u00fcheren FC-Trainer Steffen Baumgart bestimmten die K\u00f6lner vor allem in der ersten Halbzeit das Geschehen. Nach der berechtigten Roten Karte gegen Rav van den Berg in der 83. Minute brachte jedoch ein Eckball \u2013 erneut ein Standard \u2013 das entscheidende Gegentor.<\/p>\n<p>    Heintz: &#8222;Willkommen in der Bundesliga&#8220;<\/p>\n<p class=\"textabsatz m-ten m-offset-one l-eight l-offset-two columns twelve\">Entsprechend gro\u00df war der Frust \u00fcber die Niederlage in einem Spiel, das lange nach einem 0:0 ausgesehen hatte. &#8222;Wir haben eine andere Leistung gezeigt als es das Ergebnis aussagt. Wir haben so viel investiert und verlieren dann durch solch einen Dropkick-Schuss in der Nachspielzeit. So zu verlieren, ist sehr, sehr bitter und tut weh&#8220;, sagte der Ex-Unioner Domique Heintz und erg\u00e4nzte trocken: &#8222;Aber willkommen in der Bundesliga, jeder kleine Fehler wird sofort bestraft.&#8220;<\/p>\n<ul class=\"buttongroup buttongroup--copytext\">\n<li class=\"buttongroup__item\">\n<p>    <a class=\"btn btn--text btn--standard-secondary btn--fullwidth\" href=\"https:\/\/www.sportschau.de\/fussball\/bundesliga\/koelns-heintz-einen-fehler-zu-viel-gemacht,netcast-koe-heintz-100.html\" rel=\"nofollow noopener\" target=\"_blank\"><br \/>\n        K\u00f6lns Heintz &#8211; &#8222;Einen Fehler zu viel gemacht&#8220;<br \/>\n        Pfeil rechts<\/p>\n<p>    <\/a>\n<\/li>\n<\/ul>\n<p class=\"textabsatz m-ten m-offset-one l-eight l-offset-two columns twelve\">K\u00f6lns Sportdirektor k\u00fcndigte eine sachliche Analyse \u00fcber die Winterpause und mit etwas Abstand an: &#8222;Wir sehen und jetzt ein paar Tage nicht und k\u00f6nnen das Jahr dann in Ruhe analysieren&#8220;, erkl\u00e4rte Thomas Kessler. &#8222;Sicherlich ist es mit einem positiven Jahresausklang vom Gef\u00fchl her sch\u00f6ner, diese Aufgabe anzugehen. Aber wir werden jetzt ganz n\u00fcchtern und rational bewerten und an den Themen arbeiten.&#8220;<\/p>\n<p class=\"textabsatz m-ten m-offset-one l-eight l-offset-two columns twelve\">Man m\u00fcsse die Dinge ruhig einordnen, sagte auch Kwasniok auf der Pressekonferenz. Er zeigte sich aber auch k\u00e4mpferisch: Immerhin sei man nach 15 Spieltagen &#8222;mittendrin statt nur dabei im Klassenerhaltskampf&#8220;, sagte er. &#8222;Und genau das war das Ziel.&#8220;<\/p>\n<p class=\"textabsatz m-ten m-offset-one l-eight l-offset-two columns twelve\">Von der Negativserie und der sportlichen Situation wollen die K\u00f6lner an den Feiertagen nun erst mal abschalten: &#8222;Unabh\u00e4ngig von einem Spiel, einem Sieg oder einer Niederlage, k\u00f6nnen wir uns auch davon l\u00f6sen und Weihnachten im Kreise unserer Liebsten genie\u00dfen \u2013 auch wenn es im Moment noch wehtut. Man kann die Dinge schon voneinander trennen. Wir freuen uns alle auf das Fest&#8220;, sagte Kwasniok weiter.<\/p>\n<p>    Kwasniok mit Appell an die Fans<\/p>\n<p class=\"textabsatz m-ten m-offset-one l-eight l-offset-two columns twelve\">Zum Abschluss der Hinrunde stehen f\u00fcr den FC im Januar noch ein Ausw\u00e4rtsspiel beim Tabellenkind 1. FC Heidenheim und ein Heimspiel gegen Tabellenf\u00fchrer Bayern M\u00fcnchen an. Vor den Feiertagen hatte Coach Kwasniok im Weihnachtspullover mit Gei\u00dfbock-Motiv aber zun\u00e4chst noch einen besonderen Appell an die Anh\u00e4nger: &#8222;Ich lade alle Fans ein, den Weg mit uns auch in 2026 zu gehen. Es wird ein harter Weg, aber wir sind ready und z\u00e4hlen auf Euch!&#8220;<\/p>\n<p>    Unsere Quellen:<\/p>\n<ul class=\"bulletpoint-list \">\n<li>Sportschau-Interview mit Lukas Kwasniok<\/li>\n<li>Nachrichtenagentur sid<\/li>\n<li>Nachrichtenagentur dpa<\/li>\n<\/ul>\n<p class=\"textabsatz m-ten m-offset-one l-eight l-offset-two columns twelve\"><strong>Sendung: WDR.de<\/strong>, &#8222;Kein vers\u00f6hnlicher Jahresabschluss f\u00fcr K\u00f6ln&#8220;, <strong>21.12.2025<\/strong>, 12.45 Uhr<\/p>\n<p>                                        <a class=\"backlink__link\" href=\"https:\/\/www1.wdr.de\/sport\/fussball\/erste-bundesliga\/nachbericht-fc-koeln-100.html\" rel=\"nofollow noopener\" target=\"_blank\"><\/p>\n<p>                                                <img decoding=\"async\" src=\"https:\/\/images.sportschau.de\/image\/9ef70e2e-6dd6-4b18-afd2-7063c40e8939\/AAABlap_yqU\/AAABmyZDc0k\/original\/lra-wdr-logo-100.svg\" alt=\"Westdeutscher Rundfunk\"\/><\/p>\n<p>                                        <\/a><\/p>\n","protected":false},"excerpt":{"rendered":"Stand: 21.12.2025 13:53 Uhr Nach dem sechsten sieglosen Spiel in Serie verabschiedet sich der 1. FC K\u00f6ln entt\u00e4uscht,&hellip;\n","protected":false},"author":2,"featured_media":662552,"comment_status":"","ping_status":"","sticky":false,"template":"","format":"standard","meta":{"footnotes":""},"categories":[1825],"tags":[623,296,299,29,347,30,16069,7258,225],"class_list":{"0":"post-662551","1":"post","2":"type-post","3":"status-publish","4":"format-standard","5":"has-post-thumbnail","7":"category-berlin","8":"tag-1-fc-koeln","9":"tag-berlin","10":"tag-bundesliga","11":"tag-deutschland","12":"tag-fussball","13":"tag-germany","14":"tag-lukas-kwasniok","15":"tag-union-berlin","16":"tag-wdr"},"share_on_mastodon":{"url":"https:\/\/pubeurope.com\/@de\/115758733547029911","error":""},"_links":{"self":[{"href":"https:\/\/www.europesays.com\/de\/wp-json\/wp\/v2\/posts\/662551","targetHints":{"allow":["GET"]}}],"collection":[{"href":"https:\/\/www.europesays.com\/de\/wp-json\/wp\/v2\/posts"}],"about":[{"href":"https:\/\/www.europesays.com\/de\/wp-json\/wp\/v2\/types\/post"}],"author":[{"embeddable":true,"href":"https:\/\/www.europesays.com\/de\/wp-json\/wp\/v2\/users\/2"}],"replies":[{"embeddable":true,"href":"https:\/\/www.europesays.com\/de\/wp-json\/wp\/v2\/comments?post=662551"}],"version-history":[{"count":0,"href":"https:\/\/www.europesays.com\/de\/wp-json\/wp\/v2\/posts\/662551\/revisions"}],"wp:featuredmedia":[{"embeddable":true,"href":"https:\/\/www.europesays.com\/de\/wp-json\/wp\/v2\/media\/662552"}],"wp:attachment":[{"href":"https:\/\/www.europesays.com\/de\/wp-json\/wp\/v2\/media?parent=662551"}],"wp:term":[{"taxonomy":"category","embeddable":true,"href":"https:\/\/www.europesays.com\/de\/wp-json\/wp\/v2\/categories?post=662551"},{"taxonomy":"post_tag","embeddable":true,"href":"https:\/\/www.europesays.com\/de\/wp-json\/wp\/v2\/tags?post=662551"}],"curies":[{"name":"wp","href":"https:\/\/api.w.org\/{rel}","templated":true}]}}