{"id":662559,"date":"2025-12-21T17:30:17","date_gmt":"2025-12-21T17:30:17","guid":{"rendered":"https:\/\/www.europesays.com\/de\/662559\/"},"modified":"2025-12-21T17:30:17","modified_gmt":"2025-12-21T17:30:17","slug":"arnulf-rainer-mit-96-jahren-verstorben-ein-nachruf-kultur","status":"publish","type":"post","link":"https:\/\/www.europesays.com\/de\/662559\/","title":{"rendered":"Arnulf Rainer mit 96 Jahren verstorben: Ein Nachruf &#8211; Kultur"},"content":{"rendered":"<p data-manual=\"paragraph\" data-schema-org-speakable=\"true\" class=\"css-9njfp7\">Vielleicht muss man das Wort getrennt schreiben, das sich am meisten mit dem Werk von Arnulf Rainer verbindet. Die \u201e\u00dcber-Malungen\u201c, mit denen Rainer bekannt wurde, waren schlie\u00dflich immer auch Reflexionen \u00fcber das Malen. Und das, was da \u00fcbermalt wurde, eigene Bilder, fremde Bilder, Fotos, die waren damit ja nicht weg, sondern die wurden durch die \u00dcbermalung nur noch sehenswerter: So wie wenn jemand mit dem Stift in einem Buch eine besonders wichtige Stelle derma\u00dfen vehement anstreicht, dass sie kaum noch zu lesen ist. Mit Rainers \u00dcbermalungen verhielt es sich also gar nicht so viel anders als mit Hegels ber\u00fchmter Dialektik des \u201eAufhebens\u201c. Und das ist ja schon mal was f\u00fcr jemanden, der ein trotziger Autodidakt war, weil er amtlichen Unterricht im Malen so absto\u00dfend fand.<\/p>\n","protected":false},"excerpt":{"rendered":"Vielleicht muss man das Wort getrennt schreiben, das sich am meisten mit dem Werk von Arnulf Rainer verbindet.&hellip;\n","protected":false},"author":2,"featured_media":662560,"comment_status":"","ping_status":"","sticky":false,"template":"","format":"standard","meta":{"footnotes":""},"categories":[1775],"tags":[135160,1793,147,29,214,30,80,2075,1794,1433,149,215,6296],"class_list":{"0":"post-662559","1":"post","2":"type-post","3":"status-publish","4":"format-standard","5":"has-post-thumbnail","7":"category-kunst-und-design","8":"tag-arnulf-rainer","9":"tag-art-and-design","10":"tag-ausland","11":"tag-deutschland","12":"tag-entertainment","13":"tag-germany","14":"tag-kultur","15":"tag-kunst","16":"tag-kunst-und-design","17":"tag-oesterreich","18":"tag-sueddeutsche-zeitung","19":"tag-unterhaltung","20":"tag-wien"},"share_on_mastodon":{"url":"https:\/\/pubeurope.com\/@de\/115758748293299122","error":""},"_links":{"self":[{"href":"https:\/\/www.europesays.com\/de\/wp-json\/wp\/v2\/posts\/662559","targetHints":{"allow":["GET"]}}],"collection":[{"href":"https:\/\/www.europesays.com\/de\/wp-json\/wp\/v2\/posts"}],"about":[{"href":"https:\/\/www.europesays.com\/de\/wp-json\/wp\/v2\/types\/post"}],"author":[{"embeddable":true,"href":"https:\/\/www.europesays.com\/de\/wp-json\/wp\/v2\/users\/2"}],"replies":[{"embeddable":true,"href":"https:\/\/www.europesays.com\/de\/wp-json\/wp\/v2\/comments?post=662559"}],"version-history":[{"count":0,"href":"https:\/\/www.europesays.com\/de\/wp-json\/wp\/v2\/posts\/662559\/revisions"}],"wp:featuredmedia":[{"embeddable":true,"href":"https:\/\/www.europesays.com\/de\/wp-json\/wp\/v2\/media\/662560"}],"wp:attachment":[{"href":"https:\/\/www.europesays.com\/de\/wp-json\/wp\/v2\/media?parent=662559"}],"wp:term":[{"taxonomy":"category","embeddable":true,"href":"https:\/\/www.europesays.com\/de\/wp-json\/wp\/v2\/categories?post=662559"},{"taxonomy":"post_tag","embeddable":true,"href":"https:\/\/www.europesays.com\/de\/wp-json\/wp\/v2\/tags?post=662559"}],"curies":[{"name":"wp","href":"https:\/\/api.w.org\/{rel}","templated":true}]}}