{"id":662581,"date":"2025-12-21T17:44:30","date_gmt":"2025-12-21T17:44:30","guid":{"rendered":"https:\/\/www.europesays.com\/de\/662581\/"},"modified":"2025-12-21T17:44:30","modified_gmt":"2025-12-21T17:44:30","slug":"dritte-liga-tsv-havelse-und-alemannia-aachen-trennen-sich-im-kellerduell-remis","status":"publish","type":"post","link":"https:\/\/www.europesays.com\/de\/662581\/","title":{"rendered":"Dritte Liga: TSV Havelse und Alemannia Aachen trennen sich im Kellerduell remis"},"content":{"rendered":"<p>            <img loading=\"lazy\" decoding=\"async\" class=\"ts-image\" src=\"https:\/\/www.europesays.com\/de\/wp-content\/uploads\/2025\/12\/havelse-122.jpg\" alt=\"Havelses Marko Ilic\" title=\"Havelses Marko Ilic | picture alliance\/foto2press\"\/><\/p>\n<p class=\"metatextline\">Stand: 21.12.2025 17:07 Uhr<\/p>\n<p class=\"article-head__shorttext\">\n        <strong>Gut 85 Minuten lang herrschte Fu\u00dfball-Magerkost beim Drittliga-Kellerduell zwischen dem TSV Havelse und Alemannia Aachen. Doch dann gab es zwei sp\u00e4te Treffer &#8211; und die Partie zum Hinrundenabschluss endete 1:1 (0:0).<\/strong>\n    <\/p>\n<p class=\"textabsatz m-ten m-offset-one l-eight l-offset-two columns twelve\">Nach z\u00e4hen 86 Minuten schien Havelses Marko Ilic der Lucky Punch am Sonntag gelungen zu sein. Aus knapp 25 Metern schlenzte er den Ball unhaltbar in den rechten Winkel &#8211; ein Traumtor und der dritte Saisontreffer des St\u00fcrmers. Doch Aachen schlug postwendend zur\u00fcck. Der auff\u00e4llige Lars Gindorf steckte im Strafraum zum gerade eingewechselten Kwasi Wriedt durch, der trocken vollstreckte &#8211; das 1:1 und der Endstand.<\/p>\n<p class=\"textabsatz m-ten m-offset-one l-eight l-offset-two columns twelve\">Ein spektakul\u00e4res Ende eines zuvor spielerisch \u00e4u\u00dferst mageren Kellerduells. Denn alles in allem war es alles andere als Feinkost-Fu\u00dfball, den die Zuschauer geboten bekamen. Viele Ungenauigkeiten und schnelle Ballverluste auf beiden Seiten pr\u00e4gten die Begegnung, der schlimm aufgew\u00fchlte und l\u00f6chrige Rasen im Eilenriedestadion in Hannover tat sein \u00dcbriges &#8211; Ballkontrolle und Passspiel litten sp\u00fcrbar.<\/p>\n<p class=\"textabsatz m-ten m-offset-one l-eight l-offset-two columns twelve\">Die Niedersachsen, die ebenso wie ihr Kontrahent k\u00e4mpferisch \u00fcberzeugten, k\u00f6nnen aber optimistisch in das Jahr 2026 starten: Sportlich zeigte die Formkurve zuletzt nach oben. Zwar belegt der Aufsteiger weiterhin einen Abstiegsplatz, doch neun Punkte aus den vergangenen sechs Spielen machen Mut.<\/p>\n<p>                                        <a class=\"backlink__link\" href=\"https:\/\/www.ndr.de\/sport\/fussball\/Dritte-Liga-VfL-Havelse,havelse-146.html\" target=\"_blank\" rel=\"noopener\"><\/p>\n<p>                                                <img decoding=\"async\" src=\"https:\/\/images.sportschau.de\/image\/ca2f654f-8e2c-4fe0-b8ff-6dfa1edc3bd7\/AAABlap_iCs\/AAABmyZDc0k\/original\/lra-ndr-logo-100.svg\" alt=\"Norddeutscher Rundfunk\"\/><\/p>\n<p>                                        <\/a><\/p>\n","protected":false},"excerpt":{"rendered":"Stand: 21.12.2025 17:07 Uhr Gut 85 Minuten lang herrschte Fu\u00dfball-Magerkost beim Drittliga-Kellerduell zwischen dem TSV Havelse und Alemannia&hellip;\n","protected":false},"author":2,"featured_media":662582,"comment_status":"","ping_status":"","sticky":false,"template":"","format":"standard","meta":{"footnotes":""},"categories":[1853],"tags":[995,1424,3364,29,548,663,3934,347,30,13,14,15,1209,12,27050],"class_list":{"0":"post-662581","1":"post","2":"type-post","3":"status-publish","4":"format-standard","5":"has-post-thumbnail","7":"category-aachen","8":"tag-3-liga","9":"tag-aachen","10":"tag-de","11":"tag-deutschland","12":"tag-eu","13":"tag-europa","14":"tag-europe","15":"tag-fussball","16":"tag-germany","17":"tag-headlines","18":"tag-nachrichten","19":"tag-news","20":"tag-nordrhein-westfalen","21":"tag-schlagzeilen","22":"tag-tsv-havelse"},"share_on_mastodon":{"url":"https:\/\/pubeurope.com\/@de\/115758805557412454","error":""},"_links":{"self":[{"href":"https:\/\/www.europesays.com\/de\/wp-json\/wp\/v2\/posts\/662581","targetHints":{"allow":["GET"]}}],"collection":[{"href":"https:\/\/www.europesays.com\/de\/wp-json\/wp\/v2\/posts"}],"about":[{"href":"https:\/\/www.europesays.com\/de\/wp-json\/wp\/v2\/types\/post"}],"author":[{"embeddable":true,"href":"https:\/\/www.europesays.com\/de\/wp-json\/wp\/v2\/users\/2"}],"replies":[{"embeddable":true,"href":"https:\/\/www.europesays.com\/de\/wp-json\/wp\/v2\/comments?post=662581"}],"version-history":[{"count":0,"href":"https:\/\/www.europesays.com\/de\/wp-json\/wp\/v2\/posts\/662581\/revisions"}],"wp:featuredmedia":[{"embeddable":true,"href":"https:\/\/www.europesays.com\/de\/wp-json\/wp\/v2\/media\/662582"}],"wp:attachment":[{"href":"https:\/\/www.europesays.com\/de\/wp-json\/wp\/v2\/media?parent=662581"}],"wp:term":[{"taxonomy":"category","embeddable":true,"href":"https:\/\/www.europesays.com\/de\/wp-json\/wp\/v2\/categories?post=662581"},{"taxonomy":"post_tag","embeddable":true,"href":"https:\/\/www.europesays.com\/de\/wp-json\/wp\/v2\/tags?post=662581"}],"curies":[{"name":"wp","href":"https:\/\/api.w.org\/{rel}","templated":true}]}}