{"id":662591,"date":"2025-12-21T17:50:32","date_gmt":"2025-12-21T17:50:32","guid":{"rendered":"https:\/\/www.europesays.com\/de\/662591\/"},"modified":"2025-12-21T17:50:32","modified_gmt":"2025-12-21T17:50:32","slug":"einsatz-wegen-schlaegerei-mann-verletzt-drei-polizisten-in-gelsenkirchen","status":"publish","type":"post","link":"https:\/\/www.europesays.com\/de\/662591\/","title":{"rendered":"Einsatz wegen Schl\u00e4gerei: Mann verletzt drei Polizisten in Gelsenkirchen"},"content":{"rendered":"<p><b>In einer Gelsenkirchener Gastst\u00e4tte kam es zu einem Angriff auf Polizeibeamte, die wegen einer gemeldeten Schl\u00e4gerei vor Ort waren. Ein alkoholisierter Mann leistete erheblichen Widerstand, verletzte drei Beamte und wurde festgenommen.<\/b><\/p>\n<p>Vorfall in Gelsenkirchener Gastst\u00e4tte<\/p>\n<p>In der Nacht von Samstag, 20. Dezember 2025, auf Sonntag, 21. Dezember 2025, kam es in einer Gastst\u00e4tte in der Altstadt von Gelsenkirchen zu einem Vorfall, bei dem Polizeibeamte angegriffen wurden. Die Einsatzkr\u00e4fte wurden gegen 1.13 Uhr zu der Lokalit\u00e4t gerufen, nachdem dort eine Schl\u00e4gerei gemeldet worden war.<\/p>\n<p>Aggressives Verhalten des Beschuldigten<\/p>\n<p>Der Beschuldigte zeigte sich gegen\u00fcber den eintreffenden Beamten \u00e4u\u00dferst aggressiv. Als die Polizisten versuchten, ihn in Gewahrsam zu nehmen, leistete er erheblichen Widerstand und griff die Beamten mit Tritten und Schl\u00e4gen an. Drei Polizeibeamte erlitten dabei leichte Verletzungen.<\/p>\n<p>Ma\u00dfnahmen und Ermittlungen<\/p>\n<p>Der Mann, der unter Alkoholeinfluss stand, wurde schlie\u00dflich in polizeilichen Gewahrsam gebracht. Dort wurde ihm eine Blutprobe entnommen. Gegen ihn wird nun ein Strafverfahren wegen Widerstands und t\u00e4tlichen Angriffs auf Polizeivollzugsbeamte eingeleitet.<\/p>\n<p>Dieser Beitrag stammt von presseportal.de und wurde mit Hilfe von KI erstellt.<\/p>\n<p>                <a id=\"like-anchor\"\/><\/p>\n<p>                    Dieser Inhalt gef\u00e4llt Ihnen?<\/p>\n<p>Melden Sie sich an, um diesen Inhalt mit \u00abGef\u00e4llt mir\u00bb zu markieren.<\/p>\n<p>            \u00d7<\/p>\n<p>        <a href=\"#\" data-trigger-click-on-space-or-enter=\"\" class=\"button ggm-like-button hollow\" title=\"Gef\u00e4llt mir\" data-open=\"like-conversion-6948336681cc8\"><\/p>\n<p>        <\/a><\/p>\n<p>\n        Gef\u00e4llt <strong>0<\/strong> mal<br \/>\n        0\n    <\/p>\n<p>            <a href=\"https:\/\/www.lokalkompass.de\/essen\/profile-485436\/lokalkompass-blaulicht\" class=\"stop-click-event-propagation\" target=\"_blank\" rel=\"noopener\">    <\/p>\n<p>                                                                            <img class=\"imagecontainer\" decoding=\"auto\" data-aspect-ratio=\"1\" src=\"https:\/\/media04.lokalkompass.de\/user\/2025\/09\/24\/4\/117244_L.webp?1758724678\" style=\"object-position: 43% 47%;\" data-object-position=\"43% 47%\" bad-src=\"data:image\/gif;base64,R0lGODlhAQABAIAAAAAAAP\/\/\/yH5BAEAAAAALAAAAAABAAEAAAIBRAA7\"\/><\/p>\n<p>        <\/a><\/p>\n<p>                    Sie m\u00f6chten diesem Profil folgen?<\/p>\n<p>Verpassen Sie nicht die neuesten Inhalte von diesem Profil: Melden Sie sich an, um neuen Inhalten von Profilen und Orten in Ihrem <strong>pers\u00f6nlichen Feed<\/strong> zu folgen.<\/p>\n<p>            \u00d7<\/p>\n<p>\n            <strong>13<\/strong> folgen diesem Profil\n        <\/p>\n","protected":false},"excerpt":{"rendered":"In einer Gelsenkirchener Gastst\u00e4tte kam es zu einem Angriff auf Polizeibeamte, die wegen einer gemeldeten Schl\u00e4gerei vor Ort&hellip;\n","protected":false},"author":2,"featured_media":662592,"comment_status":"","ping_status":"","sticky":false,"template":"","format":"standard","meta":{"footnotes":""},"categories":[1848],"tags":[3364,29,548,663,3934,3658,30,13,14,15,1209,12],"class_list":{"0":"post-662591","1":"post","2":"type-post","3":"status-publish","4":"format-standard","5":"has-post-thumbnail","7":"category-gelsenkirchen","8":"tag-de","9":"tag-deutschland","10":"tag-eu","11":"tag-europa","12":"tag-europe","13":"tag-gelsenkirchen","14":"tag-germany","15":"tag-headlines","16":"tag-nachrichten","17":"tag-news","18":"tag-nordrhein-westfalen","19":"tag-schlagzeilen"},"share_on_mastodon":{"url":"https:\/\/pubeurope.com\/@de\/115758828450220945","error":""},"_links":{"self":[{"href":"https:\/\/www.europesays.com\/de\/wp-json\/wp\/v2\/posts\/662591","targetHints":{"allow":["GET"]}}],"collection":[{"href":"https:\/\/www.europesays.com\/de\/wp-json\/wp\/v2\/posts"}],"about":[{"href":"https:\/\/www.europesays.com\/de\/wp-json\/wp\/v2\/types\/post"}],"author":[{"embeddable":true,"href":"https:\/\/www.europesays.com\/de\/wp-json\/wp\/v2\/users\/2"}],"replies":[{"embeddable":true,"href":"https:\/\/www.europesays.com\/de\/wp-json\/wp\/v2\/comments?post=662591"}],"version-history":[{"count":0,"href":"https:\/\/www.europesays.com\/de\/wp-json\/wp\/v2\/posts\/662591\/revisions"}],"wp:featuredmedia":[{"embeddable":true,"href":"https:\/\/www.europesays.com\/de\/wp-json\/wp\/v2\/media\/662592"}],"wp:attachment":[{"href":"https:\/\/www.europesays.com\/de\/wp-json\/wp\/v2\/media?parent=662591"}],"wp:term":[{"taxonomy":"category","embeddable":true,"href":"https:\/\/www.europesays.com\/de\/wp-json\/wp\/v2\/categories?post=662591"},{"taxonomy":"post_tag","embeddable":true,"href":"https:\/\/www.europesays.com\/de\/wp-json\/wp\/v2\/tags?post=662591"}],"curies":[{"name":"wp","href":"https:\/\/api.w.org\/{rel}","templated":true}]}}