{"id":662594,"date":"2025-12-21T17:52:12","date_gmt":"2025-12-21T17:52:12","guid":{"rendered":"https:\/\/www.europesays.com\/de\/662594\/"},"modified":"2025-12-21T17:52:12","modified_gmt":"2025-12-21T17:52:12","slug":"manuel-baum-hat-den-negativtrend-beim-fca-gestoppt","status":"publish","type":"post","link":"https:\/\/www.europesays.com\/de\/662594\/","title":{"rendered":"Manuel Baum hat den Negativtrend beim FCA gestoppt"},"content":{"rendered":"<p class=\"mb-6 text-xs md:text-m lg:text-l font-serif group-[.font-sans]:font-sans \">\n    F\u00fcr drei Spiele, so hie\u00df zu Beginn der Mission von Manuel Baum, w\u00fcrde er FCA-Trainer bleiben. Die drei Partien sind absolviert und Baum hat geliefert. Er hat den Negativ-Trend, der sich unter <a href=\"https:\/\/www.augsburger-allgemeine.de\/personen\/aa-sandro-wagner\" target=\"_self\" class=\"underline \" rel=\"noopener\">Sandro Wagner<\/a> eingestellt hat, gestoppt.\n  <\/p>\n<p class=\"mb-6 text-xs md:text-m lg:text-l font-serif group-[.font-sans]:font-sans \">\n    Nicht so sehr auf dem Punktekonto, aber auf dem Spielfeld. Das System, das er dem Team gegen Leverkusen (2:0), Frankfurt (0:1) und Bremen (0:0) mit auf dem Weg gab, passt wieder zu den Spielern. Sollte Baum vorerst als Trainer weitermachen, w\u00e4re es nicht die schlechteste L\u00f6sung.\n  <\/p>\n<p class=\"mb-6 text-xs md:text-m lg:text-l font-serif group-[.font-sans]:font-sans \">\n    Denn es sieht immer mehr danach aus, dass der FCA seine Wunschl\u00f6sung nicht realisieren kann.  Ralph Hasenh\u00fcttl und Pellegrino Matarazzo wurden da immer wieder genannt. Aber auch wenn es ein anderer wird,  er Neue w\u00fcrde eine gute Basis im Abstiegskampf vorfinden. Der wird hart genug, egal, wie der Trainer hei\u00dft.\n  <\/p>\n<ul data-module-id=\"DragDropModule\" class=\"flex flex-wrap justify-start group-[.no-bookmarks]:hidden\">\n<li class=\"mb-3 mr-3\">\n    Robert G\u00f6tz<\/p>\n<p>      Icon Haken im Kreis gesetzt<\/p>\n<p>      Icon Plus im Kreis<\/p>\n<\/li>\n<li class=\"mb-3 mr-3\">\n    Manuel Baum<\/p>\n<p>      Icon Haken im Kreis gesetzt<\/p>\n<p>      Icon Plus im Kreis<\/p>\n<\/li>\n<li class=\"mb-3 mr-3\">\n    FC Augsburg<\/p>\n<p>      Icon Haken im Kreis gesetzt<\/p>\n<p>      Icon Plus im Kreis<\/p>\n<\/li>\n<\/ul>\n","protected":false},"excerpt":{"rendered":"F\u00fcr drei Spiele, so hie\u00df zu Beginn der Mission von Manuel Baum, w\u00fcrde er FCA-Trainer bleiben. Die drei&hellip;\n","protected":false},"author":2,"featured_media":662595,"comment_status":"","ping_status":"","sticky":false,"template":"","format":"standard","meta":{"footnotes":""},"categories":[1846],"tags":[680,772,2420,3364,29,548,663,3934,483,2050,30,13,2375,92758,14,145549,15292,15,7698,15179,12,4667],"class_list":{"0":"post-662594","1":"post","2":"type-post","3":"status-publish","4":"format-standard","5":"has-post-thumbnail","7":"category-augsburg","8":"tag-augsburg","9":"tag-bayern","10":"tag-bremen","11":"tag-de","12":"tag-deutschland","13":"tag-eu","14":"tag-europa","15":"tag-europe","16":"tag-fc-augsburg","17":"tag-frankfurt","18":"tag-germany","19":"tag-headlines","20":"tag-leverkusen","21":"tag-manuel-baum","22":"tag-nachrichten","23":"tag-negativtrend","24":"tag-neuanfang","25":"tag-news","26":"tag-ralph-hasenhuettl","27":"tag-sandro-wagner","28":"tag-schlagzeilen","29":"tag-trainerwechsel"},"share_on_mastodon":{"url":"https:\/\/pubeurope.com\/@de\/115758835002297518","error":""},"_links":{"self":[{"href":"https:\/\/www.europesays.com\/de\/wp-json\/wp\/v2\/posts\/662594","targetHints":{"allow":["GET"]}}],"collection":[{"href":"https:\/\/www.europesays.com\/de\/wp-json\/wp\/v2\/posts"}],"about":[{"href":"https:\/\/www.europesays.com\/de\/wp-json\/wp\/v2\/types\/post"}],"author":[{"embeddable":true,"href":"https:\/\/www.europesays.com\/de\/wp-json\/wp\/v2\/users\/2"}],"replies":[{"embeddable":true,"href":"https:\/\/www.europesays.com\/de\/wp-json\/wp\/v2\/comments?post=662594"}],"version-history":[{"count":0,"href":"https:\/\/www.europesays.com\/de\/wp-json\/wp\/v2\/posts\/662594\/revisions"}],"wp:featuredmedia":[{"embeddable":true,"href":"https:\/\/www.europesays.com\/de\/wp-json\/wp\/v2\/media\/662595"}],"wp:attachment":[{"href":"https:\/\/www.europesays.com\/de\/wp-json\/wp\/v2\/media?parent=662594"}],"wp:term":[{"taxonomy":"category","embeddable":true,"href":"https:\/\/www.europesays.com\/de\/wp-json\/wp\/v2\/categories?post=662594"},{"taxonomy":"post_tag","embeddable":true,"href":"https:\/\/www.europesays.com\/de\/wp-json\/wp\/v2\/tags?post=662594"}],"curies":[{"name":"wp","href":"https:\/\/api.w.org\/{rel}","templated":true}]}}