{"id":662596,"date":"2025-12-21T17:53:12","date_gmt":"2025-12-21T17:53:12","guid":{"rendered":"https:\/\/www.europesays.com\/de\/662596\/"},"modified":"2025-12-21T17:53:12","modified_gmt":"2025-12-21T17:53:12","slug":"jutta-steinruck-kehrt-in-die-spd-zurueck-ludwigshafen","status":"publish","type":"post","link":"https:\/\/www.europesays.com\/de\/662596\/","title":{"rendered":"Jutta Steinruck kehrt in die SPD zur\u00fcck &#8211; Ludwigshafen"},"content":{"rendered":"<p class=\"rhp-dpa-teaser\"><b>Die scheidende Oberb\u00fcrgermeisterin von Ludwigshafen, Jutta Steinruck, kehrt in die SPD zur\u00fcck. Welche Rolle Ministerpr\u00e4sident Schweitzer dabei spielte.<\/b><\/p>\n<p>Ihren Mitgliedsantrag hat sie am Sonntag pers\u00f6nlich an Ministerpr\u00e4sident <a class=\"rtr-entity\" data-rtr-entity=\"Alexander Schweitzer\" data-rtr-id=\"7a1635eee9f7a763db91af12cf13a1ad004f410c\" data-rtr-score=\"148.66743496871914\" data-rtr-etype=\"person\" data-rtr-index=\"0\" href=\"https:\/\/www.rheinpfalz.de\/themen\/alexander-schweitzer?utm_source=rheinpfalz.de&amp;utm_medium=tms&amp;utm_campaign=intext\" target=\"_blank\" rel=\"noopener\">Alexander Schweitzer<\/a> \u00fcbergeben. <a href=\"https:\/\/www.rheinpfalz.de\/lokal\/ludwigshafen_artikel,-parteiaustritt-ob-steinruck-schockt-die-spd-_arid,5537539.html\" target=\"_blank\" class=\"external-link-new-window\" title=\"\" rel=\"noopener\">Steinruck war im Sommer 2023 nach 27 Jahren aus der Partei ausgetreten<\/a> \u2013 aus Kritik an politischen Entscheidungen, die aus ihrer Sicht die Realit\u00e4t einer Stadt wie <a class=\"rtr-entity\" data-rtr-entity=\"Ludwigshafen\" data-rtr-id=\"26b4406521e36b503c690e53e1b9dec3bdb26dfe\" data-rtr-score=\"108.1461969048403\" data-rtr-etype=\"location\" data-rtr-index=\"4\" href=\"https:\/\/www.rheinpfalz.de\/lokal\/ludwigshafen.html?utm_source=rheinpfalz.de&amp;utm_medium=tms&amp;utm_campaign=intext\" target=\"_blank\" rel=\"noopener\">Ludwigshafen<\/a><\/p>\n<p class=\"\">Bitte loggen Sie sich ein um den Artikel im Klartext zu sehen.<\/p>\n<p class=\"\">zu nwige <\/p>\n<p class=\"\">unN  dei   rde ARPHN:LFEIZ  utrAstti raw kein eroliteoamn lpusmI, dnrnsoe ine serh wseutessb .nigalS Ich otwlel ieuthdlc mnche,a ssda seoilhcipt eEstgnduhceinn mlmnacha zu engwi afu die erkkteon gLae rde Kmemounn dun rrieh chnnesMe u.saechn eerdGa dwLfgheiuans bahucrt efizndtfereeri  <\/p>\n","protected":false},"excerpt":{"rendered":"Die scheidende Oberb\u00fcrgermeisterin von Ludwigshafen, Jutta Steinruck, kehrt in die SPD zur\u00fcck. Welche Rolle Ministerpr\u00e4sident Schweitzer dabei spielte.&hellip;\n","protected":false},"author":2,"featured_media":662597,"comment_status":"","ping_status":"","sticky":false,"template":"","format":"standard","meta":{"footnotes":""},"categories":[1845],"tags":[33027,1634,3364,29,548,663,3934,30,13,25474,25476,2096,14,15,16,30446,12,184],"class_list":{"0":"post-662596","1":"post","2":"type-post","3":"status-publish","4":"format-standard","5":"has-post-thumbnail","7":"category-mannheim","8":"tag-alexander-schweitzer","9":"tag-baden-wuerttemberg","10":"tag-de","11":"tag-deutschland","12":"tag-eu","13":"tag-europa","14":"tag-europe","15":"tag-germany","16":"tag-headlines","17":"tag-jutta-steinruck","18":"tag-ludwigshafen","19":"tag-mannheim","20":"tag-nachrichten","21":"tag-news","22":"tag-politik","23":"tag-rheinpfalz","24":"tag-schlagzeilen","25":"tag-spd"},"share_on_mastodon":{"url":"https:\/\/pubeurope.com\/@de\/115758838912360527","error":""},"_links":{"self":[{"href":"https:\/\/www.europesays.com\/de\/wp-json\/wp\/v2\/posts\/662596","targetHints":{"allow":["GET"]}}],"collection":[{"href":"https:\/\/www.europesays.com\/de\/wp-json\/wp\/v2\/posts"}],"about":[{"href":"https:\/\/www.europesays.com\/de\/wp-json\/wp\/v2\/types\/post"}],"author":[{"embeddable":true,"href":"https:\/\/www.europesays.com\/de\/wp-json\/wp\/v2\/users\/2"}],"replies":[{"embeddable":true,"href":"https:\/\/www.europesays.com\/de\/wp-json\/wp\/v2\/comments?post=662596"}],"version-history":[{"count":0,"href":"https:\/\/www.europesays.com\/de\/wp-json\/wp\/v2\/posts\/662596\/revisions"}],"wp:featuredmedia":[{"embeddable":true,"href":"https:\/\/www.europesays.com\/de\/wp-json\/wp\/v2\/media\/662597"}],"wp:attachment":[{"href":"https:\/\/www.europesays.com\/de\/wp-json\/wp\/v2\/media?parent=662596"}],"wp:term":[{"taxonomy":"category","embeddable":true,"href":"https:\/\/www.europesays.com\/de\/wp-json\/wp\/v2\/categories?post=662596"},{"taxonomy":"post_tag","embeddable":true,"href":"https:\/\/www.europesays.com\/de\/wp-json\/wp\/v2\/tags?post=662596"}],"curies":[{"name":"wp","href":"https:\/\/api.w.org\/{rel}","templated":true}]}}