{"id":662604,"date":"2025-12-21T17:57:11","date_gmt":"2025-12-21T17:57:11","guid":{"rendered":"https:\/\/www.europesays.com\/de\/662604\/"},"modified":"2025-12-21T17:57:11","modified_gmt":"2025-12-21T17:57:11","slug":"nicht-der-naechste-papst-duo-bei-tournee-auf-der-jagd","status":"publish","type":"post","link":"https:\/\/www.europesays.com\/de\/662604\/","title":{"rendered":"\u00abNicht der n\u00e4chste Papst\u00bb: Duo bei Tournee auf der Jagd"},"content":{"rendered":"<p>Engelberg (dpa) &#8211; Felix Hoffmann freute sich gleich \u00fcber zwei Podestpl\u00e4tze, Philipp Raimund blickte voller Vorfreude auf das Spektakel nach Weihnachten: Die deutschen Skispringer gehen nach der Generalprobe von Engelberg in der Rolle als J\u00e4ger, aber mit gleich zwei Hoffnungstr\u00e4gern in die kurze Pause vor der Vierschanzentournee.<\/p>\n<p>\u00abZwei K\u00e4mpfer, die sich wirklich durchgebissen haben\u00bb<\/p>\n<p>Anders als in den vergangenen Jahren dreht sich nicht mehr alles um Andreas Wellinger, Karl Geiger oder wie in der Vorsaison um Pius Paschke, sondern um Hoffmann (28 Jahre) und Raimund (25). \u00abDas sind keine neuen Gesichter. Es sind zwei K\u00e4mpfer, die sich wirklich durchgebissen haben. Sie sind hochtalentierte Sportler, die ihre Chance genutzt haben, ganz nach vorne zu gehen\u00bb, beschrieb Bundestrainer Stefan Horngacher sein Spitzenduo.<\/p>\n<p>Sowohl Hoffmann (Pl\u00e4tze zwei und drei) als auch Raimund (zweimal Rang vier) bewiesen in Engelberg, warum mit ihnen auch beim ersten gro\u00dfen H\u00f6hepunkt des Winters zu rechnen sein wird. \u00abSehr cooles Wochenende\u00bb, res\u00fcmierte Hoffmann im ZDF. \u00abWenn es l\u00e4uft, dann l\u00e4uft&#8217;s.\u00bb<\/p>\n<p>Wer folgt auf Hannawald?<\/p>\n<p>Wummernde B\u00e4sse und \u00fcber der Schanze kreisende Hubschrauber gaben den Deutschen in der Schweizer Idylle zumindest akustisch einen Vorgeschmack auf das gesch\u00e4ftige Treiben, das sie ab dem 29. Dezember in Oberstdorf erwartet. \u00dcber allem wird aus deutscher Sicht mal wieder die Frage stehen: Wer folgt auf Sven Hannawald, der als bislang letzter Deutscher im Januar 2002 die Tournee gewann &#8211; und wann?<\/p>\n<p>Der eloquente Raimund ist zwar sportlich bestens aufgelegt und in diesem Winter so konstant wie nie zuvor in der Weltspitze vertreten. Er bem\u00fcht sich trotzdem, die Erwartungen vor Beginn des ersten von drei Saisonh\u00f6hepunkten zu d\u00e4mpfen.<\/p>\n<p>Hoffmann als Mann der leisen T\u00f6ne<\/p>\n<p>Zur Bedeutung der Vierschanzentournee merkte er in seiner typischen Art an: \u00abEs sind f\u00fcr mich vier Einzel-Wettk\u00e4mpfe. Ich sehe die Tournee nicht als das Ding der Welt. Ich sage jetzt nicht: Wenn ich die Tournee gewinne, werde ich der n\u00e4chste Papst.\u00bb Auf seine eigene Frage, ob die Tournee die Welt \u00e4ndere, antwortete er sich selbst: \u00abIch glaube nicht.\u00bb<\/p>\n<p>Sp\u00e4tstarter Hoffmann ist erst recht ein Mann der leisen T\u00f6ne. Als er nach Platz zwei am Samstag seine Interviews absolvierte, dr\u00f6hnte in voller Lautst\u00e4rke \u00abDon&#8217;t stop me now\u00bb von Queen aus den Boxen. Der inhaltliche Kontrast zu Hoffmanns Aussagen h\u00e4tte kaum krasser sein k\u00f6nnen. Als dieser gefragt wurde, ob ihm Oberstdorf auch so gut liege wie Engelberg, sagte Hoffmann nur: \u00abGlaub nicht.\u00bb<\/p>\n<p>Altbekanntes Duo kehrt zur\u00fcck<\/p>\n<p>Als st\u00e4rkster Springer in das Traditionsevent geht der Slowene Domen Prevc. Er kommt mit der Empfehlung von f\u00fcnf Siegen und einem zweiten Platz zuletzt. Die Konkurrenz l\u00e4sst er aktuell regelm\u00e4\u00dfig deutlich hinter sich. Auf die Frage nach dem Favoriten antwortete Horngacher: \u00abDomen nat\u00fcrlich. Er hat sich in die absolute Favoritenrolle geschoben.\u00bb<\/p>\n<p>Mit dem Ausgang weniger zu tun haben d\u00fcrften Wellinger und Geiger, die nach Wettkampfpausen zum Tournee-Start im Allg\u00e4u ins deutsche Aufgebot zur\u00fcckkehren. \u00abDas kann ich jetzt schon sagen: Die sind definitiv in Oberstdorf dabei. Ich nehme sie mit Sicherheit mit, weil es meine beiden besten Springer der letzten Jahre sind\u00bb, betonte Horngacher. F\u00fcr das Duo d\u00fcrfte es zun\u00e4chst darum gehen, die eigene Form zu stabilisieren.<\/p>\n","protected":false},"excerpt":{"rendered":"Engelberg (dpa) &#8211; Felix Hoffmann freute sich gleich \u00fcber zwei Podestpl\u00e4tze, Philipp Raimund blickte voller Vorfreude auf das&hellip;\n","protected":false},"author":2,"featured_media":662605,"comment_status":"","ping_status":"","sticky":false,"template":"","format":"standard","meta":{"footnotes":""},"categories":[1843],"tags":[3364,29,30,984,8970,1209,293,1382,62497,864],"class_list":{"0":"post-662604","1":"post","2":"type-post","3":"status-publish","4":"format-standard","5":"has-post-thumbnail","7":"category-muenster","8":"tag-de","9":"tag-deutschland","10":"tag-germany","11":"tag-international","12":"tag-muenster","13":"tag-nordrhein-westfalen","14":"tag-schweiz","15":"tag-skispringen","16":"tag-weltcup","17":"tag-wintersport"},"share_on_mastodon":{"url":"https:\/\/pubeurope.com\/@de\/115758854712096251","error":""},"_links":{"self":[{"href":"https:\/\/www.europesays.com\/de\/wp-json\/wp\/v2\/posts\/662604","targetHints":{"allow":["GET"]}}],"collection":[{"href":"https:\/\/www.europesays.com\/de\/wp-json\/wp\/v2\/posts"}],"about":[{"href":"https:\/\/www.europesays.com\/de\/wp-json\/wp\/v2\/types\/post"}],"author":[{"embeddable":true,"href":"https:\/\/www.europesays.com\/de\/wp-json\/wp\/v2\/users\/2"}],"replies":[{"embeddable":true,"href":"https:\/\/www.europesays.com\/de\/wp-json\/wp\/v2\/comments?post=662604"}],"version-history":[{"count":0,"href":"https:\/\/www.europesays.com\/de\/wp-json\/wp\/v2\/posts\/662604\/revisions"}],"wp:featuredmedia":[{"embeddable":true,"href":"https:\/\/www.europesays.com\/de\/wp-json\/wp\/v2\/media\/662605"}],"wp:attachment":[{"href":"https:\/\/www.europesays.com\/de\/wp-json\/wp\/v2\/media?parent=662604"}],"wp:term":[{"taxonomy":"category","embeddable":true,"href":"https:\/\/www.europesays.com\/de\/wp-json\/wp\/v2\/categories?post=662604"},{"taxonomy":"post_tag","embeddable":true,"href":"https:\/\/www.europesays.com\/de\/wp-json\/wp\/v2\/tags?post=662604"}],"curies":[{"name":"wp","href":"https:\/\/api.w.org\/{rel}","templated":true}]}}