{"id":662611,"date":"2025-12-21T18:02:12","date_gmt":"2025-12-21T18:02:12","guid":{"rendered":"https:\/\/www.europesays.com\/de\/662611\/"},"modified":"2025-12-21T18:02:12","modified_gmt":"2025-12-21T18:02:12","slug":"mann-wirft-an-der-karlstrasse-in-wuppertal-mit-ziegeln","status":"publish","type":"post","link":"https:\/\/www.europesays.com\/de\/662611\/","title":{"rendered":"Mann wirft an der Karlstra\u00dfe in Wuppertal mit Ziegeln"},"content":{"rendered":"<p class=\"text_ohne_einzug richtext text-em-55 !leading-serif mx-6 desktop:mx-0\">Am Sonntagnachmittag meldet die Polizei einen Einsatz, bei dem ein Mann auf einem Dach angetroffen wurde, von dem er Ziegel war. Eine andere Hausbewohnerin habe demnach die Polizei \u00fcber den Mann informiert. Gemeinsam mit der Feuerwehr r\u00fcckten Beamte aus, um die Lage unter Kontrolle zu bringen. Nach Angaben der Polizei ist der Mann selbstst\u00e4ndig zur\u00fcck in seine Wohnung geklettert. Dort konnte er gesichert und dem Ordnungsdienst \u00fcbergeben werden. Aktuell werde gepr\u00fcft, ob eine zwangsweise Unterbringung in einer psychiatrischen Einrichtung notwendig ist.<\/p>\n<p class=\"richtext text-em-55 !leading-serif mx-6 desktop:mx-0\">Verletzt wurde bei der Aktion niemand. Die Feuerwehr sicherte im Anschluss die losen Dachziegel. F\u00fcr rund 30 Minuten musste die Stra\u00dfe gesperrt werden, auch eine Drehleiter war im Einsatz.<\/p>\n","protected":false},"excerpt":{"rendered":"Am Sonntagnachmittag meldet die Polizei einen Einsatz, bei dem ein Mann auf einem Dach angetroffen wurde, von dem&hellip;\n","protected":false},"author":2,"featured_media":662612,"comment_status":"","ping_status":"","sticky":false,"template":"","format":"standard","meta":{"footnotes":""},"categories":[1840],"tags":[9784,18466,59752,3364,29,588,985,30,1209,4418,154660],"class_list":{"0":"post-662611","1":"post","2":"type-post","3":"status-publish","4":"format-standard","5":"has-post-thumbnail","7":"category-wuppertal","8":"tag-dach","9":"tag-dachpfannen","10":"tag-dachziegel","11":"tag-de","12":"tag-deutschland","13":"tag-einsatz","14":"tag-feuerwehr","15":"tag-germany","16":"tag-nordrhein-westfalen","17":"tag-wuppertal","18":"tag-ziegel"},"share_on_mastodon":{"url":"https:\/\/pubeurope.com\/@de\/115758874302620990","error":""},"_links":{"self":[{"href":"https:\/\/www.europesays.com\/de\/wp-json\/wp\/v2\/posts\/662611","targetHints":{"allow":["GET"]}}],"collection":[{"href":"https:\/\/www.europesays.com\/de\/wp-json\/wp\/v2\/posts"}],"about":[{"href":"https:\/\/www.europesays.com\/de\/wp-json\/wp\/v2\/types\/post"}],"author":[{"embeddable":true,"href":"https:\/\/www.europesays.com\/de\/wp-json\/wp\/v2\/users\/2"}],"replies":[{"embeddable":true,"href":"https:\/\/www.europesays.com\/de\/wp-json\/wp\/v2\/comments?post=662611"}],"version-history":[{"count":0,"href":"https:\/\/www.europesays.com\/de\/wp-json\/wp\/v2\/posts\/662611\/revisions"}],"wp:featuredmedia":[{"embeddable":true,"href":"https:\/\/www.europesays.com\/de\/wp-json\/wp\/v2\/media\/662612"}],"wp:attachment":[{"href":"https:\/\/www.europesays.com\/de\/wp-json\/wp\/v2\/media?parent=662611"}],"wp:term":[{"taxonomy":"category","embeddable":true,"href":"https:\/\/www.europesays.com\/de\/wp-json\/wp\/v2\/categories?post=662611"},{"taxonomy":"post_tag","embeddable":true,"href":"https:\/\/www.europesays.com\/de\/wp-json\/wp\/v2\/tags?post=662611"}],"curies":[{"name":"wp","href":"https:\/\/api.w.org\/{rel}","templated":true}]}}