{"id":662615,"date":"2025-12-21T18:04:16","date_gmt":"2025-12-21T18:04:16","guid":{"rendered":"https:\/\/www.europesays.com\/de\/662615\/"},"modified":"2025-12-21T18:04:16","modified_gmt":"2025-12-21T18:04:16","slug":"top-knipser-onyeka-kein-bekenntnis-zu-bochum-sport","status":"publish","type":"post","link":"https:\/\/www.europesays.com\/de\/662615\/","title":{"rendered":"Top-Knipser Onyeka: Kein Bekenntnis zu Bochum | Sport"},"content":{"rendered":"<p>Nat\u00fcrlich wurde ihm diese Frage zum Abschluss seiner starken Hinrunde gestellt. Doch eine Antwort blieb er schuldig\u2026<\/p>\n<p><b>Top-Knipser Onyeka. Kein klares Bochum-Bekenntnis.<\/b><\/p>\n<p>Beim Heim-2:2 im Jahresfinale gegen Karlsruhe langte Francis Onyeka (18) gleich zweimal zu. Leverkusens Leih-Profi erzielte seine Saison-Tore 5 und 6, ist damit erfolgreichster VfL-Sch\u00fctze. <\/p>\n<p><b>Und definitiv ein Gewinn f\u00fcr das Team von Chefcoach Uwe R\u00f6sler (57), der 18 Punkte aus neun Spielen holte und den VfL vom Tabellenende ins Mittelfeld f\u00fchrte. Wobei der U19-Nationalspieler selbst mit seiner Rolle offenbar nicht ganz so gl\u00fccklich ist. Anders l\u00e4sst sich sein beharrliches Schweigen auf das Bohren, ob sein Schritt vor Saisonbeginn von Bayer \u201eanne Castroper\u201c der richtige gewesen ist, jedenfalls kaum deuten. Onyeka setzte nur ein L\u00e4cheln auf, verkniff sich ansonsten jedes Wort\u2026<\/b><\/p>\n<p><img decoding=\"async\" width=\"992\" height=\"558\" alt=\"Da schl\u00e4gt's im Karlsruher Kasten ein! Francis Onyeka (r.) trifft zum 1:0 f\u00fcr den VfL Bochum\" src=\"https:\/\/www.europesays.com\/de\/wp-content\/uploads\/2025\/12\/86c41ba7acb3a9b2933baeabb16e6afd,8d158e96\"   class=\"landscape\" loading=\"lazy\"\/><\/p>\n<p class=\"fig__caption__text\">Da schl\u00e4gt&#8217;s im Karlsruher Kasten ein! Francis Onyeka (r.) trifft zum 1:0 f\u00fcr den VfL Bochum<\/p>\n<p>Foto: Getty Images<\/p>\n<p>Was haupts\u00e4chlich mit Bochums Zweitklassigkeit zu tun haben d\u00fcrfte. Denn das Offensiv-Talent, das vor seiner Ausleihe lediglich auf zwei Kurz-Eins\u00e4tze f\u00fcr die Werkself \u2013 je einer in Champions League (14 Minuten) und DFB-Pokal (3 Minuten) \u2013 kam, hatte wohl mehr auf die Chance gehofft, sich f\u00fcr Bayer in der Bundesliga beweisen zu k\u00f6nnen. <\/p>\n<p>Auch interessant<\/p>\n<p>Anzeige<\/p>\n<p>Auch interessant<\/p>\n<p>Anzeige<\/p>\n<p>Kann ja noch kommen. Vor allem, wenn Onyeka beim VfL weiter so Vollgas gibt. Ehe er nach dieser Spielzeit zu den Rheinl\u00e4ndern (Vertrag bis 2028) zur\u00fcckkehrt.<\/p>\n<p><b>R\u00f6sler ist jedenfalls froh, ihn derzeit in seinen Reihen zu haben und bedachte seinen Doppelpacker nach Abpfiff mit einem fetten Lob: \u201eFrancis bei\u00dft sich bei uns \u00fcberragend durch, obwohl ihn bereits seit drei Wochen arge H\u00fcftprobleme qu\u00e4len. Gut f\u00fcr ihn und alle, dass nun erst einmal Weihnachtspause ist.\u201c<\/b><\/p>\n<p>In der wird der Pottclub &#8211; Stand jetzt &#8211; keine Verst\u00e4rkungen holen. Zwar hat er unter anderem St. Gallens an Jozo Stanic (26\/BILD berichtete) im Blick. Der w\u00e4re allerdings nur bei eigenen Winter-Abg\u00e4ngen finanzierbar. Daf\u00fcr gibt\u2019s durchaus Kandidaten (etwa Michael Obafemi\/25, Ibrahim Sissoko\/30, Mathis Clairicia\/23 oder Colin Kleine-Bekel\/22) \u2013 aber bislang (noch) keine Interessenten\u2026<\/p>\n","protected":false},"excerpt":{"rendered":"Nat\u00fcrlich wurde ihm diese Frage zum Abschluss seiner starken Hinrunde gestellt. Doch eine Antwort blieb er schuldig\u2026 Top-Knipser&hellip;\n","protected":false},"author":2,"featured_media":662616,"comment_status":"","ping_status":"","sticky":false,"template":"","format":"standard","meta":{"footnotes":""},"categories":[1839],"tags":[5622,7507,3364,29,30,35338,89456,3850,1209,119671,3856,7656,819,7657,45,8173,35337,784],"class_list":{"0":"post-662615","1":"post","2":"type-post","3":"status-publish","4":"format-standard","5":"has-post-thumbnail","7":"category-bochum","8":"tag-bayer-leverkusen","9":"tag-bochum","10":"tag-de","11":"tag-deutschland","12":"tag-germany","13":"tag-hofmann-philipp","14":"tag-holtmann-gerrit","15":"tag-karlsruher-sc","16":"tag-nordrhein-westfalen","17":"tag-roesler-uwe","18":"tag-ruhrgebiet","19":"tag-schuth-joachim","20":"tag-sport-leuchtturm-essen","21":"tag-sport-bild","22":"tag-texttospeech","23":"tag-vfl-bochum","24":"tag-zoller-simon","25":"tag-zweite-bundesliga"},"share_on_mastodon":{"url":"https:\/\/pubeurope.com\/@de\/115758882252102331","error":""},"_links":{"self":[{"href":"https:\/\/www.europesays.com\/de\/wp-json\/wp\/v2\/posts\/662615","targetHints":{"allow":["GET"]}}],"collection":[{"href":"https:\/\/www.europesays.com\/de\/wp-json\/wp\/v2\/posts"}],"about":[{"href":"https:\/\/www.europesays.com\/de\/wp-json\/wp\/v2\/types\/post"}],"author":[{"embeddable":true,"href":"https:\/\/www.europesays.com\/de\/wp-json\/wp\/v2\/users\/2"}],"replies":[{"embeddable":true,"href":"https:\/\/www.europesays.com\/de\/wp-json\/wp\/v2\/comments?post=662615"}],"version-history":[{"count":0,"href":"https:\/\/www.europesays.com\/de\/wp-json\/wp\/v2\/posts\/662615\/revisions"}],"wp:featuredmedia":[{"embeddable":true,"href":"https:\/\/www.europesays.com\/de\/wp-json\/wp\/v2\/media\/662616"}],"wp:attachment":[{"href":"https:\/\/www.europesays.com\/de\/wp-json\/wp\/v2\/media?parent=662615"}],"wp:term":[{"taxonomy":"category","embeddable":true,"href":"https:\/\/www.europesays.com\/de\/wp-json\/wp\/v2\/categories?post=662615"},{"taxonomy":"post_tag","embeddable":true,"href":"https:\/\/www.europesays.com\/de\/wp-json\/wp\/v2\/tags?post=662615"}],"curies":[{"name":"wp","href":"https:\/\/api.w.org\/{rel}","templated":true}]}}