{"id":662638,"date":"2025-12-21T18:17:20","date_gmt":"2025-12-21T18:17:20","guid":{"rendered":"https:\/\/www.europesays.com\/de\/662638\/"},"modified":"2025-12-21T18:17:20","modified_gmt":"2025-12-21T18:17:20","slug":"so-verschiebt-sich-die-muellabfuhr-rund-um-die-feiertage","status":"publish","type":"post","link":"https:\/\/www.europesays.com\/de\/662638\/","title":{"rendered":"So verschiebt sich die M\u00fcllabfuhr rund um die Feiertage"},"content":{"rendered":"<p class=\"text_ohne_einzug richtext text-em-55 !leading-serif mx-6 desktop:mx-0\">  In der Weihnachtszeit steigt auch in <a href=\"https:\/\/rp-online.de\/thema\/moers\/\" rel=\"nofollow noopener\" target=\"_blank\">Moers<\/a> das Abfallaufkommen \u2013 besonders Altpapier f\u00fcllt die blauen Tonnen schnell. Dennoch bittet die Enni darum, kein Altpapier oder Kartonagen neben die Tonnen zu stellen, da die M\u00fcllwerker dies aus Sicherheitsgr\u00fcnden nicht mitnehmen d\u00fcrfen. \u201eDurchn\u00e4sste Kartons rei\u00dfen zudem leicht auseinander und verschandeln das Stadtbild\u201c, sagt Ulrich Kempken, Entsorgungsexperte der Enni Stadt &amp; Service Niederrhein.<\/p>\n<p class=\"richtext text-em-55 !leading-serif mx-6 desktop:mx-0\">Gr\u00f6\u00dfere Mengen Altpapier k\u00f6nnen zwischen den Feiertagen kostenlos am Kreislaufwirtschaftshof abgegeben werden; dieser ist nur an den Weihnachtsfeiertagen, an <a href=\"https:\/\/rp-online.de\/thema\/silvester\/\" rel=\"nofollow noopener\" target=\"_blank\">Silvester<\/a> und <a href=\"https:\/\/rp-online.de\/thema\/neujahr\/\" rel=\"nofollow noopener\" target=\"_blank\">Neujahr<\/a> geschlossen. Auch die Glascontainer werden in dieser Zeit stark frequentiert. Kempken empfiehlt daher, die Entsorgung von Altglas m\u00f6glichst auf den Januar zu verschieben. \u201eSo entspannt sich die Lage schnell, und Containerpl\u00e4tze verwandeln sich nicht in wilde M\u00fcllkippen.\u201c<\/p>\n<p class=\"richtext text-em-55 !leading-serif mx-6 desktop:mx-0\">Die Feiertage wirken sich auch in diesem Jahr auf die Abfuhrtermine f\u00fcr Restabfall, Altpapier, Gelbe S\u00e4cke und Bioabf\u00e4lle aus. Da der erste und zweite Weihnachtsfeiertag sowie Neujahr auf Werktage fallen, muss die Enni einige Touren verschieben \u2013 vor den Weihnachtstagen gibt es eine Vorverlegung.<\/p>\n<p class=\"richtext text-em-55 !leading-serif mx-6 desktop:mx-0\">So kommen die M\u00fcllwerker dort, wo sie am Montag, 22. Dezember, die Tonnen leeren w\u00fcrden, bereits am Samstag, 20. Dezember. Die Touren von Dienstag, 23. Dezember, sind vorverlegt auf Montag, 22. Dezember. Die Touren von <a href=\"https:\/\/rp-online.de\/thema\/heiligabend\/\" rel=\"nofollow noopener\" target=\"_blank\">Heiligabend<\/a>, Mittwoch, 24. Dezember, sind vorverlegt auf Dienstag, 23. Dezember. Die Touren von Donnerstag, 25. Dezember, werden vorverlegt auf Heiligabend, Mittwoch, 24. Dezember.<\/p>\n<p class=\"richtext text-em-55 !leading-serif mx-6 desktop:mx-0\">Nach Weihnachten verschieben sich einige Touren um einen Tag nach hinten: Die Touren von Freitag, 26. Dezember, werden verschoben auf Samstag, 27. Dezember. Die Touren von Silvester, Mittwoch, 31. Dezember, finden regul\u00e4r statt. Statt an Neujahr, Donnerstag, 1. Januar, kommen die M\u00fcllwerker am Freitag, 2. Januar. Die Touren von Freitag, 2. Januar, werden verschoben auf Samstag, 3. Januar.<\/p>\n<p class=\"richtext text-em-55 !leading-serif mx-6 desktop:mx-0\">Kempken r\u00e4t, sich stets im Abfallkalender \u00fcber aktuelle Termine zu informieren. \u201eGerade zum Jahreswechsel kann sich der Abfuhrrhythmus einmalig \u00e4ndern. Beim Bioabfall und den Gelben S\u00e4cken kann es vorkommen, dass zwischen zwei Leerungen statt zwei auch mal drei Wochen liegen.\u201c<\/p>\n<p class=\"richtext text-em-55 !leading-serif mx-6 desktop:mx-0\">Neben dem gedruckten Abfallkalender gibt es auch eine elektronische Version unter <a href=\"http:\/\/www.enni.de\/\" target=\"_blank\" rel=\"nofollow noopener\">www.enni.de<\/a> F\u00fcr Smartphone-Nutzer bietet Enni zudem eine App, die \u00fcber alle Termine informiert.<\/p>\n","protected":false},"excerpt":{"rendered":"In der Weihnachtszeit steigt auch in Moers das Abfallaufkommen \u2013 besonders Altpapier f\u00fcllt die blauen Tonnen schnell. Dennoch&hellip;\n","protected":false},"author":2,"featured_media":662639,"comment_status":"","ping_status":"","sticky":false,"template":"","format":"standard","meta":{"footnotes":""},"categories":[1838],"tags":[18601,55807,3364,29,3715,26801,30,55753,4227,50899,1209,2281,30225,10227,154662,118972],"class_list":{"0":"post-662638","1":"post","2":"type-post","3":"status-publish","4":"format-standard","5":"has-post-thumbnail","7":"category-duisburg","8":"tag-feiertage","9":"tag-altpapier","10":"tag-de","11":"tag-deutschland","12":"tag-duisburg","13":"tag-enni","14":"tag-germany","15":"tag-kempken","16":"tag-muellwerker","17":"tag-neujahr","18":"tag-nordrhein-westfalen","19":"tag-silvester","20":"tag-tonnen","21":"tag-touren","22":"tag-vorverlegt","23":"tag-weihnachtsfeiertag"},"share_on_mastodon":{"url":"","error":""},"_links":{"self":[{"href":"https:\/\/www.europesays.com\/de\/wp-json\/wp\/v2\/posts\/662638","targetHints":{"allow":["GET"]}}],"collection":[{"href":"https:\/\/www.europesays.com\/de\/wp-json\/wp\/v2\/posts"}],"about":[{"href":"https:\/\/www.europesays.com\/de\/wp-json\/wp\/v2\/types\/post"}],"author":[{"embeddable":true,"href":"https:\/\/www.europesays.com\/de\/wp-json\/wp\/v2\/users\/2"}],"replies":[{"embeddable":true,"href":"https:\/\/www.europesays.com\/de\/wp-json\/wp\/v2\/comments?post=662638"}],"version-history":[{"count":0,"href":"https:\/\/www.europesays.com\/de\/wp-json\/wp\/v2\/posts\/662638\/revisions"}],"wp:featuredmedia":[{"embeddable":true,"href":"https:\/\/www.europesays.com\/de\/wp-json\/wp\/v2\/media\/662639"}],"wp:attachment":[{"href":"https:\/\/www.europesays.com\/de\/wp-json\/wp\/v2\/media?parent=662638"}],"wp:term":[{"taxonomy":"category","embeddable":true,"href":"https:\/\/www.europesays.com\/de\/wp-json\/wp\/v2\/categories?post=662638"},{"taxonomy":"post_tag","embeddable":true,"href":"https:\/\/www.europesays.com\/de\/wp-json\/wp\/v2\/tags?post=662638"}],"curies":[{"name":"wp","href":"https:\/\/api.w.org\/{rel}","templated":true}]}}