{"id":662644,"date":"2025-12-21T18:20:44","date_gmt":"2025-12-21T18:20:44","guid":{"rendered":"https:\/\/www.europesays.com\/de\/662644\/"},"modified":"2025-12-21T18:20:44","modified_gmt":"2025-12-21T18:20:44","slug":"effektiver-fcn-duepiert-hannover-96","status":"publish","type":"post","link":"https:\/\/www.europesays.com\/de\/662644\/","title":{"rendered":"Effektiver FCN d\u00fcpiert Hannover 96"},"content":{"rendered":"<p><strong><br \/>\n           Fu\u00dfball paradox: Hannover dominiert lange im Max-Morlock-Stadion. FCN-Torwart Reichert verhindert Schlimmeres f\u00fcr den Club, der die Partie aus dem Nichts dreht.<br \/>\n          <\/strong>\n          <\/p>\n<p>Ein bis kurz vor der Pause klar unterlegener 1. FC N\u00fcrnberg hat mit eiskalter Effektivit\u00e4t und gro\u00dfer Moral Hannover 96 den Jahresausklang in der 2. Fu\u00dfball-Bundesliga vermiest. N\u00fcrnbergs Trainer Miroslav Klose konnte nach einem Doppelschlag von Rafael Lubach (44. Minute) und Mohamed Zoma (49.) zum Hinrunden-Ende am Spielfeldrand ausgelassen ein 2:1 (1:1) bejubeln.\u00a0<\/p>\n<p>Der Club biss sich nach einer Grippewelle unter der Woche in das Heimspiel und sprang mit 22 Punkten auf Platz acht. Hannover (29 Z\u00e4hler) verpasste es dagegen nach dem hochverdienten F\u00fchrungstor von Benjamin K\u00e4llman (19.) den direkten Kontakt zur Spitzengruppe zu bewahren.<\/p>\n<p>FCN legt sich Punkte unter den Baum &#8211; Weihnachten auf Platz 8<\/p>\n<p>Dabei war es spielerisch erst ein Klassenunterschied, den die 34.022 Zuschauer im Max-Morlock-Stadion erlebten. Die G\u00e4ste-Elf von Trainer Christian Titz dominierte und erspielte sich etliche M\u00f6glichkeiten. Das Problem: Nur Torj\u00e4ger K\u00e4llman traf per Nachschuss. Ansonsten verhinderte der herausragende Torwart Jan Reichert mehrfach Schlimmeres f\u00fcr die N\u00fcrnberger.\u00a0<\/p>\n<p><img decoding=\"async\" loading=\"lazy\" src=\"https:\/\/www.europesays.com\/de\/wp-content\/uploads\/2025\/12\/4468056_1-fc-nuernberg-hannover-96_artikel-detail-bild-748_1Fi0IR_GoHiPh.jpg\" alt=\"1. FC N\u00fcrnberg - Hannover 96\" title=\"1. FC N\u00fcrnberg - Hannover 96\" width=\"748\" height=\"421\"\/><\/p>\n<p>        <b>1. FC N\u00fcrnberg &#8211; Hannover 96<\/b><\/p>\n<p>Mohamed Ali Zoma vom 1.FC N\u00fcrnberg (l) jubelt mit Berkay Yilmaz (l) und Papa Demba Diop nach seinem Tor zum 2:1 f\u00fcr N\u00fcrnberg.<\/p>\n<p>                Daniel L\u00f6b\/dpa<\/p>\n<p>    <a class=\"icon-zoom-in ifimages button\" style=\"width:32px\" onclick=\"document.querySelector('#bild_4468056').click();\"><\/p>\n<p>          <\/a><\/p>\n<p>Diese traten ohne die Leistungstr\u00e4ger Adam Markhiev (Gelb-Sperre) und Juliuan Justvan (krank) bis zur Pause nur einmal gef\u00e4hrlich in Aktion. Und prompt stand es 1:1. Einen langen Ball von Fabio Gruber verl\u00e4ngerte Adriano Grimaldi mit dem Kopf. Lubach traf entschlossen aus 17 Metern.\u00a0<\/p>\n<p>Und der nun pl\u00f6tzliche wache und energische Club legte nach. Zoma entwischte auf dem rechten Fl\u00fcgel Gegenspieler Ime Okon und vollendete seinen Sololauf mit einem Lupfer \u00fcber Hannovers Torwart Nahuel Noll hinweg. Das Spiel war gedreht. Und Hannover hatte keine Antwort mehr.<\/p>\n<p>\nVorschaubild: \u00a9 Daniel L\u00f6b\/dpa<\/p>\n","protected":false},"excerpt":{"rendered":"Fu\u00dfball paradox: Hannover dominiert lange im Max-Morlock-Stadion. FCN-Torwart Reichert verhindert Schlimmeres f\u00fcr den Club, der die Partie aus&hellip;\n","protected":false},"author":2,"featured_media":662645,"comment_status":"","ping_status":"","sticky":false,"template":"","format":"standard","meta":{"footnotes":""},"categories":[1837],"tags":[772,3364,29,30,3783],"class_list":{"0":"post-662644","1":"post","2":"type-post","3":"status-publish","4":"format-standard","5":"has-post-thumbnail","7":"category-nuernberg","8":"tag-bayern","9":"tag-de","10":"tag-deutschland","11":"tag-germany","12":"tag-nuernberg"},"share_on_mastodon":{"url":"https:\/\/pubeurope.com\/@de\/115758945193870065","error":""},"_links":{"self":[{"href":"https:\/\/www.europesays.com\/de\/wp-json\/wp\/v2\/posts\/662644","targetHints":{"allow":["GET"]}}],"collection":[{"href":"https:\/\/www.europesays.com\/de\/wp-json\/wp\/v2\/posts"}],"about":[{"href":"https:\/\/www.europesays.com\/de\/wp-json\/wp\/v2\/types\/post"}],"author":[{"embeddable":true,"href":"https:\/\/www.europesays.com\/de\/wp-json\/wp\/v2\/users\/2"}],"replies":[{"embeddable":true,"href":"https:\/\/www.europesays.com\/de\/wp-json\/wp\/v2\/comments?post=662644"}],"version-history":[{"count":0,"href":"https:\/\/www.europesays.com\/de\/wp-json\/wp\/v2\/posts\/662644\/revisions"}],"wp:featuredmedia":[{"embeddable":true,"href":"https:\/\/www.europesays.com\/de\/wp-json\/wp\/v2\/media\/662645"}],"wp:attachment":[{"href":"https:\/\/www.europesays.com\/de\/wp-json\/wp\/v2\/media?parent=662644"}],"wp:term":[{"taxonomy":"category","embeddable":true,"href":"https:\/\/www.europesays.com\/de\/wp-json\/wp\/v2\/categories?post=662644"},{"taxonomy":"post_tag","embeddable":true,"href":"https:\/\/www.europesays.com\/de\/wp-json\/wp\/v2\/tags?post=662644"}],"curies":[{"name":"wp","href":"https:\/\/api.w.org\/{rel}","templated":true}]}}