{"id":662673,"date":"2025-12-21T18:37:13","date_gmt":"2025-12-21T18:37:13","guid":{"rendered":"https:\/\/www.europesays.com\/de\/662673\/"},"modified":"2025-12-21T18:37:13","modified_gmt":"2025-12-21T18:37:13","slug":"liederhalle-stuttgart-das-tatort-duo-auf-den-spuren-eines-geizhalses","status":"publish","type":"post","link":"https:\/\/www.europesays.com\/de\/662673\/","title":{"rendered":"Liederhalle Stuttgart: Das Tatort-Duo auf den Spuren eines Geizhalses"},"content":{"rendered":"<p>Miroslav Nemec und Udo Wachtveitl haben Charles Dickens Weihnachtsgeschichte zur Musik von Libor \u0160\u00edma gelesen.<\/p>\n<p>Ein ausgestreckter Arm reckt sich auf die B\u00fchne, h\u00e4lt ein Gl\u00f6ckchen, der zweite Arm taucht auf und schl\u00e4gt es. Die Musikerinnen sind schon auf ihren Pl\u00e4tzen, stehen auf leuchtenden, flachen Podesten, haben sich die gro\u00dfen, wei\u00dfen Fl\u00fcgel von Engeln umgeschnallt. Und zwei Herren erscheinen, mit wei\u00dfem Haar, beide gekleidet in kurze, altert\u00fcmliche M\u00e4ntel: Miroslav Nemec und <a href=\"https:\/\/www.stuttgarter-nachrichten.de\/thema\/Udo_Wachtveitl\" title=\"Udo Wachtveitl\" class=\"art_thema\" rel=\"nofollow noopener\" target=\"_blank\">Udo Wachtveitl<\/a> sind da, am Samstagabend in der <a href=\"https:\/\/www.stuttgarter-nachrichten.de\/thema\/Liederhalle\" title=\"Liederhalle\" class=\"art_thema\" rel=\"nofollow noopener\" target=\"_blank\">Liederhalle<\/a>, um jene <a href=\"https:\/\/www.stuttgarter-nachrichten.de\/thema\/Weihnachtsgeschichte\" title=\"Weihnachtsgeschichte\" class=\"art_thema\" rel=\"nofollow noopener\" target=\"_blank\">Weihnachtsgeschichte<\/a> vorzutragen, die fast so bekannt ist wie die vom Kind in der Krippe. <\/p>\n<p>\u201eA Christmas Carol\u201c, ver\u00f6ffentlicht am 19. Dezember 1843, wurde <a href=\"https:\/\/www.stuttgarter-nachrichten.de\/inhalt.mit-harry-potter-star-cast-fuer-eine-weihnachtsgeschichte-steht.871ac410-3c30-40ed-a123-599c66193d6d.html\" target=\"_blank\" rel=\"nofollow noopener\">unz\u00e4hlige Male adaptiert<\/a>, lieferte die Vorlage f\u00fcr Kino-, Fernseh-, Animationsfilme, Musicals, B\u00fchnenst\u00fccke, H\u00f6rspiele. Albert Finney, George C. Scott, Bill Murray, Patrick Stewart, Jim Carrey, Kermit, der Frosch, und viele andere spielten den Geizhals Ebenezer Scrooge. Dagobert, raffgieriger Onkel von Donald, tr\u00e4gt im Original den Namen Scrooge McDuck. <\/p>\n<p>Nun also \u00fcbernehmen Nemec und Wachtveitl den Fall. Die beiden Schauspieler sind bekannt in den Rollen der M\u00fcnchner <a href=\"https:\/\/www.stuttgarter-nachrichten.de\/thema\/Tatort\" title=\"Tatort\" class=\"art_thema\" rel=\"nofollow noopener\" target=\"_blank\">Tatort<\/a>-Kommissare Ivo Batic und Franz Leitmayr. Im neuen Jahr werden sie sich, nach ihrer 100. Tatort-Folge, vom Publikum verabschieden. Ihre \u201eWeihnachtsgeschichte\u201c mag wie ein Abschiedsgeschenk anmuten, wurde von ihnen jedoch vor neun Jahren zum ersten Mal gespielt. <\/p>\n<p>Libor \u0160\u00edma, Solo-Fagottist des Radio-Sinfonieorchesters Stuttgart, Saxofonist und Komponist, schrieb dem Duo die Musik zur Geschichte auf den Leib. Das Streichensemble umspielt die Erz\u00e4hlung sanft oder dramatisch, l\u00e4sst Erinnerungen an Weihnachtslieder aufklingen, zaubert finster melancholische Stimmung: \u201eDer Nebel\u201c, spricht Miroslav Nemec, \u201ewar so dicht, dass die gegen\u00fcberliegenden H\u00e4user nur noch Schemen waren.\u201c <\/p>\n<p>Eine Stadt voller Finsternis und Armut <\/p>\n<p>Das ist London, zur Zeit des Charles Dickens: Eine Stadt voller Finsternis und Armut. Geht der Geizhals, gef\u00fchrt von seinen Geistern, durch die winterlichen Stra\u00dfen, sieht man im Hintergrund der B\u00fchne vage Hausfassaden leuchten. Sonst verzichtet die Inszenierung auf Effekte, setzt ganz auf die Musik und die Pers\u00f6nlichkeit der Rezitatoren.<\/p>\n<p>Charles Dickens erz\u00e4hlt von Scrooge, dem bitteren alten Mann, der sein Geld z\u00e4hlt und das Fest verachtet. Am Weihnachtsabend wird er sich wandeln, zum guten und spendablen Menschen, nachdem der Geist seines fr\u00fcheren Gesch\u00e4ftspartners Marley und die drei Geister der Weihnacht ihm vor Augen f\u00fchrten, wie verfehlt sein bisheriges Leben war.<\/p>\n<p>Miroslav Nemec ist Scrooge. Martin M\u00fchleis, Regisseur, B\u00fchnenbildner und Autor der Textfassung des Lesest\u00fccks, l\u00e4sst ihn in der ersten Person erz\u00e4hlen. Udo Wachtveitl derweil wechselt die Rollen, spielt Scrooges Neffen Fred, den Angestellten Bob Cratchit, vor allem aber die drei Geister. Auch er spricht oft in der ersten Person, tritt manchmal aus seiner Rolle heraus, wendet die Weihnachtsgeschichte ins Komische. <\/p>\n<p>Das <a href=\"https:\/\/www.stuttgarter-nachrichten.de\/inhalt.kritik-am-tatort-in-der-ard-wer-in-aller-welt-hat-diesen-tatort-zusammen-gedengelt.4445c835-b479-43cf-8486-91b1aac36c2a.html\" target=\"_blank\" rel=\"nofollow noopener\">Zusammenspiel des vertrauten Duos <\/a>tritt mehr und mehr vergn\u00fcglich in den Vordergrund. Nemec, erst noch ganz der grantige Fels in der Brandung, beginnt zu wanken, zu erweichen. Man sieht ihn, tief schlafend auf seinem Pult. Wachtveitl tritt auf, als forscher, gesch\u00e4ftiger Geist der gegenw\u00e4rtigen Weihnacht, zeigt ihm die Menschen, die vergn\u00fcgt sind, obschon arm, und feiern. Und schlie\u00dflich ist da der Geist der k\u00fcnftigen Weihnacht, ein finsterer Gesell eigentlich, eisig und stumm \u2013 Udo Wachtveitl hat sich ein schwarzes Tuch \u00fcber den Kopf gelegt und irrt blind, stolpernd, umher, springt von der B\u00fchne, verschwindet. <\/p>\n<p> Konventionell, aber mit viel Liebe erz\u00e4hlt <\/p>\n<p>Miroslav Nemec und Udo Wachtveitl erz\u00e4hlen ihre Geistergeschichte zur Weihnachtszeit konventionell, aber mit viel Liebe zu ihren Figuren, zum Erz\u00e4hlen selbst. Eine Wandlung des Menschen scheint im 21. Jahrhundert fast noch unwahrscheinlicher, als zur Zeit des Charles Dickens \u2013 aber es ist Weihnachten und Wunschtr\u00e4ume zumindest sind gestattet, auch in Stuttgart. <\/p>\n","protected":false},"excerpt":{"rendered":"Miroslav Nemec und Udo Wachtveitl haben Charles Dickens Weihnachtsgeschichte zur Musik von Libor \u0160\u00edma gelesen. Ein ausgestreckter Arm&hellip;\n","protected":false},"author":2,"featured_media":662674,"comment_status":"","ping_status":"","sticky":false,"template":"","format":"standard","meta":{"footnotes":""},"categories":[1830],"tags":[1634,114115,3364,29,30,80,154680,25044,29617,1441,218,29615,142018],"class_list":{"0":"post-662673","1":"post","2":"type-post","3":"status-publish","4":"format-standard","5":"has-post-thumbnail","7":"category-stuttgart","8":"tag-baden-wuerttemberg","9":"tag-charles-dickens","10":"tag-de","11":"tag-deutschland","12":"tag-germany","13":"tag-kultur","14":"tag-libor-sima","15":"tag-liederhalle","16":"tag-miroslav-nemec","17":"tag-stuttgart","18":"tag-tatort","19":"tag-udo-wachtveitl","20":"tag-weihnachtsgeschichte"},"share_on_mastodon":{"url":"https:\/\/pubeurope.com\/@de\/115759012029014863","error":""},"_links":{"self":[{"href":"https:\/\/www.europesays.com\/de\/wp-json\/wp\/v2\/posts\/662673","targetHints":{"allow":["GET"]}}],"collection":[{"href":"https:\/\/www.europesays.com\/de\/wp-json\/wp\/v2\/posts"}],"about":[{"href":"https:\/\/www.europesays.com\/de\/wp-json\/wp\/v2\/types\/post"}],"author":[{"embeddable":true,"href":"https:\/\/www.europesays.com\/de\/wp-json\/wp\/v2\/users\/2"}],"replies":[{"embeddable":true,"href":"https:\/\/www.europesays.com\/de\/wp-json\/wp\/v2\/comments?post=662673"}],"version-history":[{"count":0,"href":"https:\/\/www.europesays.com\/de\/wp-json\/wp\/v2\/posts\/662673\/revisions"}],"wp:featuredmedia":[{"embeddable":true,"href":"https:\/\/www.europesays.com\/de\/wp-json\/wp\/v2\/media\/662674"}],"wp:attachment":[{"href":"https:\/\/www.europesays.com\/de\/wp-json\/wp\/v2\/media?parent=662673"}],"wp:term":[{"taxonomy":"category","embeddable":true,"href":"https:\/\/www.europesays.com\/de\/wp-json\/wp\/v2\/categories?post=662673"},{"taxonomy":"post_tag","embeddable":true,"href":"https:\/\/www.europesays.com\/de\/wp-json\/wp\/v2\/tags?post=662673"}],"curies":[{"name":"wp","href":"https:\/\/api.w.org\/{rel}","templated":true}]}}