{"id":662694,"date":"2025-12-21T18:48:21","date_gmt":"2025-12-21T18:48:21","guid":{"rendered":"https:\/\/www.europesays.com\/de\/662694\/"},"modified":"2025-12-21T18:48:21","modified_gmt":"2025-12-21T18:48:21","slug":"deutsche-bahn-gibt-reisetipps-fuer-die-naechsten-tage","status":"publish","type":"post","link":"https:\/\/www.europesays.com\/de\/662694\/","title":{"rendered":"Deutsche Bahn gibt Reisetipps f\u00fcr die n\u00e4chsten Tage"},"content":{"rendered":"<p class=\"tspAGen tspAGeo\">Das erste Wochenende des Weihnachtsreiseverkehrs ist nach Einsch\u00e4tzung der <a href=\"https:\/\/www.tagesspiegel.de\/politik\/wunsche-mir-gesunden-standort-patriotismus-klingbeil-rugt-deutsche-bahn-fur-kauf-von-chinesischen-e-bussen-scharf-15069491.html?icid=in-text-link_15071845\" class=\"link link--internal\" data-gtm-class=\"article-text-link\" data-gtm-val=\"internal\" target=\"_blank\" rel=\"noopener\">Deutschen Bahn<\/a> gr\u00f6\u00dftenteils reibungslos verlaufen. \u201eIn den Z\u00fcgen und an den Bahnh\u00f6fen <strong>kam es erwartungsgem\u00e4\u00df zu einem etwas erh\u00f6hten Reiseaufkommen<\/strong>\u201c, sagte ein Bahnsprecher in Berlin auf Anfrage. \u201eDer Verkehr lief weitestgehend stabil, auch dank eines hohen Sitzplatzangebots und vielen p\u00fcnktlich zum Fahrplanwechsel fertiggestellten Bauprojekten.\u201c<\/p>\n<p class=\"tspAGen\">Wegen eines Softwarefehlers kam es allerdings seit Samstagabend zu einer St\u00f6rung der Reservierungsanzeigen in ICE- und IC-Z\u00fcgen, wie es weiter hie\u00df. Der Fehler sei behoben worden, seit dem Vormittag seien Reservierungen in den Z\u00fcgen wieder normal angezeigt worden. <strong>\u201eUnsere IT-Fachleute arbeiten derzeit an der Fehleranalyse\u201c<\/strong>, so der Sprecher. \u201eF\u00fcr die Unannehmlichkeiten bitten wir unsere Fahrg\u00e4ste um Entschuldigung.\u201c<\/p>\n<p class=\"tspAGen\"><strong>F\u00fcr die n\u00e4chsten Tage gibt die Bahn noch einige Tipps<\/strong>, nicht zuletzt f\u00fcr Kurzentschlossene. \u201eGerade rund um die Feiertage empfiehlt die DB allen Fahrg\u00e4sten, die mit einem Ticket ohne Zugbindung reisen, sich vor der Fahrt \u00fcber die Auslastungsanzeige auf bahn.de und in der App DB Navigator zu informieren\u201c, so der Sprecher. \u201eDie Auslastungsanzeige zeigt an, wie stark nachgefragt einzelne Z\u00fcge sind.\u201c<\/p>\n<p> Mehr zur Deutschen Bahn <a href=\"https:\/\/www.tagesspiegel.de\/politik\/winterfrieden-bei-der-bahn-warum-die-gdl-vorerst-auf-streiks-verzichtet--und-was-das-fur-reisende-bedeutet-15056238.html?icid=topic-list_15071845___\" data-gtm-class=\"article-mzt-link\" data-hydrate-fingerprint=\"09740a54944caac75fd2c0c63fd5c5df\" data-hydrate-props=\"{&amp;escapedquot;element&amp;escapedquot;:{&amp;escapedquot;type&amp;escapedquot;:&amp;escapedquot;relatedContent&amp;escapedquot;,&amp;escapedquot;fieldMap&amp;escapedquot;:{},&amp;escapedquot;relation&amp;escapedquot;:{&amp;escapedquot;fields&amp;escapedquot;:{&amp;escapedquot;isPaid&amp;escapedquot;:null},&amp;escapedquot;href&amp;escapedquot;:&amp;escapedquot;\/politik\/winterfrieden-bei-der-bahn-warum-die-gdl-vorerst-auf-streiks-verzichtet--und-was-das-fur-reisende-bedeutet-15056238.html&amp;escapedquot;,&amp;escapedquot;teaserTitle&amp;escapedquot;:{&amp;escapedquot;kicker&amp;escapedquot;:&amp;escapedquot;Winterfrieden bei der Bahn&amp;escapedquot;,&amp;escapedquot;headline&amp;escapedquot;:&amp;escapedquot;Warum die GDL vorerst auf Streiks verzichtet \u2013 und was das f\u00fcr Reisende bedeutet&amp;escapedquot;},&amp;escapedquot;id&amp;escapedquot;:&amp;escapedquot;15056238&amp;escapedquot;,&amp;escapedquot;type&amp;escapedquot;:&amp;escapedquot;story&amp;escapedquot;},&amp;escapedquot;isPartOfList&amp;escapedquot;:true,&amp;escapedquot;topicListType&amp;escapedquot;:&amp;escapedquot;topic-list&amp;escapedquot;},&amp;escapedquot;showArrow&amp;escapedquot;:true}\" data-hydrate-slots=\"{&#039;default&#039;:[]}\" class=\"tspBTll\" target=\"_blank\" rel=\"noopener\">Winterfrieden bei der Bahn Warum die GDL vorerst auf Streiks verzichtet \u2013 und was das f\u00fcr Reisende bedeutet <\/a><a href=\"https:\/\/www.tagesspiegel.de\/politik\/finanzierung-unklar-mehrere-bahnprojekte-rund-um-berlin-stehen-auf-der-kippe-15068407.html?icid=topic-list_15071845___\" data-gtm-class=\"article-mzt-link\" data-hydrate-fingerprint=\"09740a54944caac75fd2c0c63fd5c5df\" data-hydrate-props=\"{&amp;escapedquot;element&amp;escapedquot;:{&amp;escapedquot;type&amp;escapedquot;:&amp;escapedquot;relatedContent&amp;escapedquot;,&amp;escapedquot;fieldMap&amp;escapedquot;:{},&amp;escapedquot;relation&amp;escapedquot;:{&amp;escapedquot;fields&amp;escapedquot;:{&amp;escapedquot;isPaid&amp;escapedquot;:true},&amp;escapedquot;href&amp;escapedquot;:&amp;escapedquot;\/politik\/finanzierung-unklar-mehrere-bahnprojekte-rund-um-berlin-stehen-auf-der-kippe-15068407.html&amp;escapedquot;,&amp;escapedquot;teaserTitle&amp;escapedquot;:{&amp;escapedquot;kicker&amp;escapedquot;:&amp;escapedquot;Finanzierung unklar&amp;escapedquot;,&amp;escapedquot;headline&amp;escapedquot;:&amp;escapedquot;Mehrere Bahnprojekte in und um Berlin stehen auf der Kippe&amp;escapedquot;},&amp;escapedquot;id&amp;escapedquot;:&amp;escapedquot;15068407&amp;escapedquot;,&amp;escapedquot;type&amp;escapedquot;:&amp;escapedquot;story&amp;escapedquot;},&amp;escapedquot;isPartOfList&amp;escapedquot;:true,&amp;escapedquot;topicListType&amp;escapedquot;:&amp;escapedquot;topic-list&amp;escapedquot;},&amp;escapedquot;showArrow&amp;escapedquot;:true}\" data-hydrate-slots=\"{&#039;default&#039;:[]}\" class=\"tspBTll\" target=\"_blank\" rel=\"noopener\">Finanzierung unklar Mehrere Bahnprojekte in und um Berlin stehen auf der Kippe <\/a><a href=\"https:\/\/www.tagesspiegel.de\/politik\/wunsche-mir-gesunden-standort-patriotismus-klingbeil-rugt-deutsche-bahn-fur-kauf-von-chinesischen-e-bussen-scharf-15069491.html?icid=topic-list_15071845___\" data-gtm-class=\"article-mzt-link\" data-hydrate-fingerprint=\"09740a54944caac75fd2c0c63fd5c5df\" data-hydrate-props=\"{&amp;escapedquot;element&amp;escapedquot;:{&amp;escapedquot;type&amp;escapedquot;:&amp;escapedquot;relatedContent&amp;escapedquot;,&amp;escapedquot;fieldMap&amp;escapedquot;:{},&amp;escapedquot;relation&amp;escapedquot;:{&amp;escapedquot;fields&amp;escapedquot;:{&amp;escapedquot;isPaid&amp;escapedquot;:null},&amp;escapedquot;href&amp;escapedquot;:&amp;escapedquot;\/politik\/wunsche-mir-gesunden-standort-patriotismus-klingbeil-rugt-deutsche-bahn-fur-kauf-von-chinesischen-e-bussen-scharf-15069491.html&amp;escapedquot;,&amp;escapedquot;teaserTitle&amp;escapedquot;:{&amp;escapedquot;kicker&amp;escapedquot;:&amp;escapedquot;\u201eW\u00fcnsche mir gesunden Standort-Patriotismus\u201c&amp;escapedquot;,&amp;escapedquot;headline&amp;escapedquot;:&amp;escapedquot;Klingbeil r\u00fcgt Deutsche Bahn f\u00fcr Kauf von chinesischen E-Bussen scharf&amp;escapedquot;},&amp;escapedquot;id&amp;escapedquot;:&amp;escapedquot;15069491&amp;escapedquot;,&amp;escapedquot;type&amp;escapedquot;:&amp;escapedquot;story&amp;escapedquot;},&amp;escapedquot;isPartOfList&amp;escapedquot;:true,&amp;escapedquot;topicListType&amp;escapedquot;:&amp;escapedquot;topic-list&amp;escapedquot;},&amp;escapedquot;showArrow&amp;escapedquot;:true}\" data-hydrate-slots=\"{&#039;default&#039;:[]}\" class=\"tspBTll\" target=\"_blank\" rel=\"noopener\">\u201eW\u00fcnsche mir gesunden Standort-Patriotismus\u201c Klingbeil r\u00fcgt Deutsche Bahn f\u00fcr Kauf von chinesischen E-Bussen scharf <\/a><\/p>\n<p class=\"tspAGen\">Noch vergleichsweise wenig ausgelastete und damit in der Regel <strong>preiswertere Verbindungen gebe es vor allem abseits der Hauptreisezeiten<\/strong> \u2013 also eher am fr\u00fchen Morgen und sp\u00e4teren Abend. In jedem Falle sei es ratsam, einen Sitzplatz zu reservieren. (dpa)<\/p>\n","protected":false},"excerpt":{"rendered":"Das erste Wochenende des Weihnachtsreiseverkehrs ist nach Einsch\u00e4tzung der Deutschen Bahn gr\u00f6\u00dftenteils reibungslos verlaufen. \u201eIn den Z\u00fcgen und&hellip;\n","protected":false},"author":2,"featured_media":662695,"comment_status":"","ping_status":"","sticky":false,"template":"","format":"standard","meta":{"footnotes":""},"categories":[1825],"tags":[1941,1939,296,1937,2030,29,30,1940,1938,601,12289],"class_list":{"0":"post-662694","1":"post","2":"type-post","3":"status-publish","4":"format-standard","5":"has-post-thumbnail","7":"category-berlin","8":"tag-aktuelle-nachrichten-aus-berlin","9":"tag-aktuelle-news-aus-berlin","10":"tag-berlin","11":"tag-berlin-news","12":"tag-deutsche-bahn","13":"tag-deutschland","14":"tag-germany","15":"tag-nachrichten-aus-berlin","16":"tag-news-aus-berlin","17":"tag-verkehr","18":"tag-weihnachten"},"share_on_mastodon":{"url":"","error":""},"_links":{"self":[{"href":"https:\/\/www.europesays.com\/de\/wp-json\/wp\/v2\/posts\/662694","targetHints":{"allow":["GET"]}}],"collection":[{"href":"https:\/\/www.europesays.com\/de\/wp-json\/wp\/v2\/posts"}],"about":[{"href":"https:\/\/www.europesays.com\/de\/wp-json\/wp\/v2\/types\/post"}],"author":[{"embeddable":true,"href":"https:\/\/www.europesays.com\/de\/wp-json\/wp\/v2\/users\/2"}],"replies":[{"embeddable":true,"href":"https:\/\/www.europesays.com\/de\/wp-json\/wp\/v2\/comments?post=662694"}],"version-history":[{"count":0,"href":"https:\/\/www.europesays.com\/de\/wp-json\/wp\/v2\/posts\/662694\/revisions"}],"wp:featuredmedia":[{"embeddable":true,"href":"https:\/\/www.europesays.com\/de\/wp-json\/wp\/v2\/media\/662695"}],"wp:attachment":[{"href":"https:\/\/www.europesays.com\/de\/wp-json\/wp\/v2\/media?parent=662694"}],"wp:term":[{"taxonomy":"category","embeddable":true,"href":"https:\/\/www.europesays.com\/de\/wp-json\/wp\/v2\/categories?post=662694"},{"taxonomy":"post_tag","embeddable":true,"href":"https:\/\/www.europesays.com\/de\/wp-json\/wp\/v2\/tags?post=662694"}],"curies":[{"name":"wp","href":"https:\/\/api.w.org\/{rel}","templated":true}]}}