{"id":662696,"date":"2025-12-21T18:49:13","date_gmt":"2025-12-21T18:49:13","guid":{"rendered":"https:\/\/www.europesays.com\/de\/662696\/"},"modified":"2025-12-21T18:49:13","modified_gmt":"2025-12-21T18:49:13","slug":"mehrere-verletzte-nach-schlaegerei-vor-kneipe-in-neukoelln","status":"publish","type":"post","link":"https:\/\/www.europesays.com\/de\/662696\/","title":{"rendered":"Mehrere Verletzte nach Schl\u00e4gerei vor Kneipe in Neuk\u00f6lln"},"content":{"rendered":"<p class=\"tspAGen tspAGeo\">Bei einer gewaltsamen Auseinandersetzung vor einem Lokal <a href=\"https:\/\/www.tagesspiegel.de\/berlin\/bezirke\/neukoelln\/\" target=\"_blank\" rel=\"noopener\" class=\"link link--external\" data-gtm-class=\"article-text-link\" data-gtm-val=\"external\" aria-describedby=\"message-target-blank\">in Berlin-Rudow<\/a> sind mehrere Menschen verletzt worden. Laut Polizei hielten sich am Samstagabend etwa <strong>30 schwarz gekleidete Fu\u00dfballfans<\/strong> in der Kneipe in der Neuk\u00f6llner Stra\u00dfe auf und riefen Parolen.\u00a0<\/p>\n<p class=\"tspAGen\">Sp\u00e4ter geriet ein 46-J\u00e4hriger vor dem Lokal mit einigen Personen aus der Gruppe in Streit und wurde gemeinsam mit einem 43-J\u00e4hrigen, der ihm helfen wollte, attackiert. Beide M\u00e4nner erlitten durch Schl\u00e4ge und Tritte sowie Angriffe mit einem Bierkrug und einer Flasche Verletzungen und kamen in ein Krankenhaus.\u00a0<\/p>\n<p> Mehr zum Thema: <a href=\"https:\/\/www.tagesspiegel.de\/berlin\/bezirke\/pankow\/burostuhl-blockiert-auto-schlupfloch-wer-hat-die-luckenhafte-poller-sperre-in-prenzlauer-berg-gestopft-15056649.html?icid=topic-list_15071656___\" data-gtm-class=\"article-mzt-link\" data-hydrate-fingerprint=\"09740a54944caac75fd2c0c63fd5c5df\" data-hydrate-props=\"{&amp;escapedquot;element&amp;escapedquot;:{&amp;escapedquot;type&amp;escapedquot;:&amp;escapedquot;relatedContent&amp;escapedquot;,&amp;escapedquot;fieldMap&amp;escapedquot;:{},&amp;escapedquot;relation&amp;escapedquot;:{&amp;escapedquot;fields&amp;escapedquot;:{&amp;escapedquot;isPaid&amp;escapedquot;:true},&amp;escapedquot;href&amp;escapedquot;:&amp;escapedquot;\/berlin\/bezirke\/pankow\/burostuhl-blockiert-auto-schlupfloch-wer-hat-die-luckenhafte-poller-sperre-in-prenzlauer-berg-gestopft-15056649.html&amp;escapedquot;,&amp;escapedquot;teaserTitle&amp;escapedquot;:{&amp;escapedquot;kicker&amp;escapedquot;:&amp;escapedquot;B\u00fcrostuhl blockiert Auto-Schlupfloch&amp;escapedquot;,&amp;escapedquot;headline&amp;escapedquot;:&amp;escapedquot;Wer hat die l\u00fcckenhafte Poller-Sperre in Prenzlauer Berg gestopft?&amp;escapedquot;},&amp;escapedquot;id&amp;escapedquot;:&amp;escapedquot;15056649&amp;escapedquot;,&amp;escapedquot;type&amp;escapedquot;:&amp;escapedquot;story&amp;escapedquot;},&amp;escapedquot;isPartOfList&amp;escapedquot;:true,&amp;escapedquot;topicListType&amp;escapedquot;:&amp;escapedquot;topic-list&amp;escapedquot;},&amp;escapedquot;showArrow&amp;escapedquot;:true}\" data-hydrate-slots=\"{&#039;default&#039;:[]}\" class=\"tspBTll\" target=\"_blank\" rel=\"noopener\">B\u00fcrostuhl blockiert Auto-Schlupfloch Wer hat die l\u00fcckenhafte Poller-Sperre in Prenzlauer Berg gestopft? <\/a><a href=\"https:\/\/www.tagesspiegel.de\/berlin\/sie-haben-uns-vermutlich-das-leben-gerettet-angeklagte-linksradikale-bedanken-sich-bei-berliner-polizisten-15053777.html?icid=topic-list_15071656___\" data-gtm-class=\"article-mzt-link\" data-hydrate-fingerprint=\"09740a54944caac75fd2c0c63fd5c5df\" data-hydrate-props=\"{&amp;escapedquot;element&amp;escapedquot;:{&amp;escapedquot;type&amp;escapedquot;:&amp;escapedquot;relatedContent&amp;escapedquot;,&amp;escapedquot;fieldMap&amp;escapedquot;:{},&amp;escapedquot;relation&amp;escapedquot;:{&amp;escapedquot;fields&amp;escapedquot;:{&amp;escapedquot;isPaid&amp;escapedquot;:true},&amp;escapedquot;href&amp;escapedquot;:&amp;escapedquot;\/berlin\/sie-haben-uns-vermutlich-das-leben-gerettet-angeklagte-linksradikale-bedanken-sich-bei-berliner-polizisten-15053777.html&amp;escapedquot;,&amp;escapedquot;teaserTitle&amp;escapedquot;:{&amp;escapedquot;kicker&amp;escapedquot;:&amp;escapedquot;\u201eSie haben uns vermutlich das Leben gerettet\u201c&amp;escapedquot;,&amp;escapedquot;headline&amp;escapedquot;:&amp;escapedquot;Angeklagte Linksradikale bedanken sich bei Berliner Polizisten&amp;escapedquot;},&amp;escapedquot;id&amp;escapedquot;:&amp;escapedquot;15053777&amp;escapedquot;,&amp;escapedquot;type&amp;escapedquot;:&amp;escapedquot;story&amp;escapedquot;},&amp;escapedquot;isPartOfList&amp;escapedquot;:true,&amp;escapedquot;topicListType&amp;escapedquot;:&amp;escapedquot;topic-list&amp;escapedquot;},&amp;escapedquot;showArrow&amp;escapedquot;:true}\" data-hydrate-slots=\"{&#039;default&#039;:[]}\" class=\"tspBTll\" target=\"_blank\" rel=\"noopener\">\u201eSie haben uns vermutlich das Leben gerettet\u201c Angeklagte Linksradikale bedanken sich bei Berliner Polizisten <\/a><a href=\"https:\/\/www.tagesspiegel.de\/berlin\/wie-steht-es-um-das-queere-leben-in-berlin-es-gibt-kieze-in-die-traust-du-dich-als-schwuler-nicht-mehr-15043620.html?icid=topic-list_15071656___\" data-gtm-class=\"article-mzt-link\" data-hydrate-fingerprint=\"09740a54944caac75fd2c0c63fd5c5df\" data-hydrate-props=\"{&amp;escapedquot;element&amp;escapedquot;:{&amp;escapedquot;type&amp;escapedquot;:&amp;escapedquot;relatedContent&amp;escapedquot;,&amp;escapedquot;fieldMap&amp;escapedquot;:{},&amp;escapedquot;relation&amp;escapedquot;:{&amp;escapedquot;fields&amp;escapedquot;:{&amp;escapedquot;isPaid&amp;escapedquot;:true},&amp;escapedquot;href&amp;escapedquot;:&amp;escapedquot;\/berlin\/wie-steht-es-um-das-queere-leben-in-berlin-es-gibt-kieze-in-die-traust-du-dich-als-schwuler-nicht-mehr-15043620.html&amp;escapedquot;,&amp;escapedquot;teaserTitle&amp;escapedquot;:{&amp;escapedquot;kicker&amp;escapedquot;:&amp;escapedquot;Wie steht es um das queere Leben in Berlin?&amp;escapedquot;,&amp;escapedquot;headline&amp;escapedquot;:&amp;escapedquot;\u201eEs gibt Kieze, in die traust Du Dich als Schwuler nicht mehr\u201c&amp;escapedquot;},&amp;escapedquot;id&amp;escapedquot;:&amp;escapedquot;15043620&amp;escapedquot;,&amp;escapedquot;type&amp;escapedquot;:&amp;escapedquot;story&amp;escapedquot;},&amp;escapedquot;isPartOfList&amp;escapedquot;:true,&amp;escapedquot;topicListType&amp;escapedquot;:&amp;escapedquot;topic-list&amp;escapedquot;},&amp;escapedquot;showArrow&amp;escapedquot;:true}\" data-hydrate-slots=\"{&#039;default&#039;:[]}\" class=\"tspBTll\" target=\"_blank\" rel=\"noopener\">Wie steht es um das queere Leben in Berlin? \u201eEs gibt Kieze, in die traust Du Dich als Schwuler nicht mehr\u201c <\/a><\/p>\n<p class=\"tspAGen\">Zwei weitere Personen, die helfen wollten, wurden ebenfalls attackiert, eine davon musste anschlie\u00dfend ambulant behandelt werden. Polizeikr\u00e4fte nahmen drei alkoholisierte Tatverd\u00e4chtige im Alter von 26, 27 und 33 Jahren vorl\u00e4ufig fest. Gegen sie wird nun wegen besonders schweren Landfriedensbruchs ermittelt. (Tsp)<\/p>\n","protected":false},"excerpt":{"rendered":"Bei einer gewaltsamen Auseinandersetzung vor einem Lokal in Berlin-Rudow sind mehrere Menschen verletzt worden. Laut Polizei hielten sich&hellip;\n","protected":false},"author":2,"featured_media":662697,"comment_status":"","ping_status":"","sticky":false,"template":"","format":"standard","meta":{"footnotes":""},"categories":[1825],"tags":[296,29,980,30,682,121,4908],"class_list":{"0":"post-662696","1":"post","2":"type-post","3":"status-publish","4":"format-standard","5":"has-post-thumbnail","7":"category-berlin","8":"tag-berlin","9":"tag-deutschland","10":"tag-festnahme","11":"tag-germany","12":"tag-koerperverletzung","13":"tag-polizei","14":"tag-polizeieinsatz"},"share_on_mastodon":{"url":"https:\/\/pubeurope.com\/@de\/115759059215296631","error":""},"_links":{"self":[{"href":"https:\/\/www.europesays.com\/de\/wp-json\/wp\/v2\/posts\/662696","targetHints":{"allow":["GET"]}}],"collection":[{"href":"https:\/\/www.europesays.com\/de\/wp-json\/wp\/v2\/posts"}],"about":[{"href":"https:\/\/www.europesays.com\/de\/wp-json\/wp\/v2\/types\/post"}],"author":[{"embeddable":true,"href":"https:\/\/www.europesays.com\/de\/wp-json\/wp\/v2\/users\/2"}],"replies":[{"embeddable":true,"href":"https:\/\/www.europesays.com\/de\/wp-json\/wp\/v2\/comments?post=662696"}],"version-history":[{"count":0,"href":"https:\/\/www.europesays.com\/de\/wp-json\/wp\/v2\/posts\/662696\/revisions"}],"wp:featuredmedia":[{"embeddable":true,"href":"https:\/\/www.europesays.com\/de\/wp-json\/wp\/v2\/media\/662697"}],"wp:attachment":[{"href":"https:\/\/www.europesays.com\/de\/wp-json\/wp\/v2\/media?parent=662696"}],"wp:term":[{"taxonomy":"category","embeddable":true,"href":"https:\/\/www.europesays.com\/de\/wp-json\/wp\/v2\/categories?post=662696"},{"taxonomy":"post_tag","embeddable":true,"href":"https:\/\/www.europesays.com\/de\/wp-json\/wp\/v2\/tags?post=662696"}],"curies":[{"name":"wp","href":"https:\/\/api.w.org\/{rel}","templated":true}]}}