{"id":662700,"date":"2025-12-21T18:51:19","date_gmt":"2025-12-21T18:51:19","guid":{"rendered":"https:\/\/www.europesays.com\/de\/662700\/"},"modified":"2025-12-21T18:51:19","modified_gmt":"2025-12-21T18:51:19","slug":"wegner-ruft-nach-boellerverbot-berliner-polizei-will-sich-silvester-randalierer-vorknoepfen","status":"publish","type":"post","link":"https:\/\/www.europesays.com\/de\/662700\/","title":{"rendered":"Wegner ruft nach B\u00f6llerverbot: Berliner Polizei will sich Silvester-Randalierer vorkn\u00f6pfen"},"content":{"rendered":"<p>Wegner ruft nach B\u00f6llerverbotBerliner Polizei will sich Silvester-Randalierer vorkn\u00f6pfen<\/p>\n<p>21.12.2025, 15:22 Uhr <\/p>\n<p>Artikel anh\u00f6ren(03:52 min)<\/p>\n<p><img decoding=\"async\" class=\"Image_img__fQCi0 Image_Img_16_9__4BLfH widget-picture-inline_maximizable__t_E7h\" loading=\"eager\" fetchpriority=\"high\" src=\"https:\/\/www.europesays.com\/de\/wp-content\/uploads\/2025\/12\/Zum-Jahreswechsel-wird-vor-dem-Brandenburger-Tor-ein-riesiges-Feuerwerk-abgefeuert.webp.webp\" alt=\"Zum-Jahreswechsel-wird-vor-dem-Brandenburger-Tor-ein-riesiges-Feuerwerk-abgefeuert\"\/>Die Polizei in der Hauptstadt bereite sich bereits seit Monaten auf den Einsatz rund um den Jahreswechsel vor. (Foto: picture alliance\/dpa)TeilenFolgen auf:<a href=\"https:\/\/www.whatsapp.com\/channel\/0029Va5cdVJD8SDp5YZgYF01\" title=\"Auf WhatsApp folgen\" target=\"_blank\" rel=\"nofollow noopener\"><img decoding=\"async\" src=\"https:\/\/www.n-tv.de\/socialIcons\/whatsapp.svg\" alt=\"whatsapp\" class=\"ArticleShare_icon__FsrC2\"\/><\/a><a href=\"https:\/\/news.google.com\/publications\/CAAiEPMdif5mpRNxiLOeUpHCwwsqFAgKIhDzHYn-ZqUTcYiznlKRwsML?hl=de&amp;gl=DE&amp;ceid=DE%3Ade\" title=\"Auf Google News folgen\" target=\"_blank\" rel=\"nofollow noopener\"><img decoding=\"async\" src=\"https:\/\/www.n-tv.de\/socialIcons\/google.svg\" alt=\"whatsapp\" class=\"ArticleShare_icon__FsrC2\"\/><\/a><\/p>\n<p class=\"Typography_text-m__XI0da Typography_weight-bold__uT6mq storyline_lead_text_leadtext__q_wg8\">Der Jahreswechsel war in der Hauptstadt zuletzt auch von Gewalt gepr\u00e4gt. Berlin will in der kommenden Silvesternacht h\u00e4rter durchgreifen. Unterdessen kommt es bereits vor Neujahr in Sachsen-Anhalt zu einer Verletzung durch einen illegalen B\u00f6ller.<\/p>\n<p class=\"Typography_text-default__P3otY Typography_weight-normal__pqUbH storyline_paragraph_p__qSR5N\">Illegale Kugelbomben, Angriffe auf Einsatzkr\u00e4fte, brennende Wohnungen: Berlins Regierender B\u00fcrgermeister Kai Wegner k\u00fcndigt in der Hauptstadt ein konsequenteres Vorgehen der Polizei gegen Silvester-Randalierer an. &#8222;Wer Krawall macht und Straftaten begeht, wird den Rechtsstaat konsequent zu sp\u00fcren bekommen&#8220;, sagte der CDU-Politiker. &#8222;Uns ist wichtig: Jeder kann fr\u00f6hlich feiern, jeder kann Spa\u00df haben. Aber wenn es zu Straftaten kommt, wird die Polizei wie in den vergangenen Jahren sehr konsequent und sehr robust einschreiten.&#8220;<\/p>\n<p class=\"Typography_text-default__P3otY Typography_weight-normal__pqUbH storyline_paragraph_p__qSR5N\">Die Berliner Polizei bereite sich seit Monaten auf den Einsatz rund um Silvester vor, sei sehr gut aufgestellt und werde im Stadtbild sehr pr\u00e4sent sein. &#8222;Wir werden alles unternehmen, damit diese Nacht eine friedliche und fr\u00f6hliche Silvesternacht wird, in der wir das neue Jahr begr\u00fc\u00dfen&#8220;, sagte Wegner. &#8222;Viele Polizistinnen und Polizisten werden im Einsatz sein und daf\u00fcr sorgen, dass einige wenige Menschen die Silvesternacht nicht f\u00fcr Randale oder schwere Straftaten missbrauchen.&#8220;<\/p>\n<p>Wegner f\u00fcr bundesweites Feuerwerksverkaufsverbot<\/p>\n<p class=\"Typography_text-default__P3otY Typography_weight-normal__pqUbH storyline_paragraph_p__qSR5N\">Wer Kugelbomben oder andere illegale Pyrotechnik in Menschenmengen oder Richtung Polizei und Einsatzkr\u00e4fte werfe, begehe Straftaten, so Wegner. &#8222;Ich hoffe, dass diese Straftaten verhindert werden k\u00f6nnen.&#8220; Sicherheitsbeh\u00f6rden h\u00e4tten in den vergangenen Wochen schon gro\u00dfe Mengen illegaler Pyrotechnik sicherstellen k\u00f6nnen. &#8222;Die Strategie der Polizei geht also auf &#8211; und ist eine Warnung an alle, die illegale Pyrotechnik nach Berlin bringen und verkaufen wollen.&#8220;<\/p>\n<p class=\"Typography_text-default__P3otY Typography_weight-normal__pqUbH storyline_paragraph_p__qSR5N\">Zur Debatte um ein B\u00f6llerverbot in Deutschland sagte Wegner: &#8222;Ein B\u00f6llerverbot funktioniert nur, wenn es ein allgemeines Verkaufsverbot gibt.&#8220; Ein solches Verbot nur in Berlin h\u00e4tte aus seiner Sicht zur Folge, dass Menschen Pyrotechnik im Nachbarland Brandenburg kaufen. &#8222;Es m\u00fcsste also ein Feuerwerksverkaufsverbot in ganz Deutschland geben. Daf\u00fcr gibt es unter den Bundesl\u00e4ndern allerdings keine Mehrheit.&#8220;<\/p>\n<p class=\"Typography_text-default__P3otY Typography_weight-normal__pqUbH storyline_paragraph_p__qSR5N\">Berlin werbe vor diesem Hintergrund weiter f\u00fcr mehr Regulierung auf Bundes- wie auch auf europ\u00e4ischer Ebene. Wegner erinnerte daran, dass Kugelbomben schon heute verboten seien. &#8222;Wir m\u00fcssen also daf\u00fcr sorgen, gemeinsam mit unseren europ\u00e4ischen Partnern, dass Kugelbomben und andere illegale Pyrotechnik gar nicht mehr verkauft werden d\u00fcrfen &#8211; egal in welchem Land.&#8220;<\/p>\n<p>Unf\u00e4lle mit illegalen B\u00f6llern<\/p>\n<p class=\"Typography_text-default__P3otY Typography_weight-normal__pqUbH storyline_paragraph_p__qSR5N\">Alle Jahre wieder gef\u00e4hrden Randalierer in Berlin zum Jahreswechsel andere Menschen mit gef\u00e4hrlichem Feuerwerk, setzen Wohnungen in Brand oder greifen Polizei oder Rettungskr\u00e4fte mit B\u00f6llern an. In der Silvesternacht 2024\/25 waren mehrere Menschen durch illegale Kugelbomben schwer verletzt worden, zudem entstand durch die Wucht der Detonationen teils hoher Sachschaden an Geb\u00e4uden. Kugelbomben d\u00fcrfen nur von professionellen Feuerwerkern gekauft und abgeschossen werden.<\/p>\n<p class=\"Typography_text-default__P3otY Typography_weight-normal__pqUbH storyline_paragraph_p__qSR5N\">Bereits vor Silvester kam es in Sachsen-Anhalt zu einem schweren Unfall mit einem nicht zugelassenen B\u00f6ller: Wie die Polizei in Stendal mitteilte, z\u00fcndete ein 14-J\u00e4hriger in Gommern einen Feuerwerksk\u00f6rper, der zun\u00e4chst nicht detonierte. Ein 13-j\u00e4hriges M\u00e4dchen nahm den B\u00f6ller daraufhin in die Hand. In diesem Moment explodierte dieser und f\u00fcgte ihr schwere Verletzungen zu. Das M\u00e4dchen wurde zur weiteren Behandlung in ein Krankenhaus gebracht.<\/p>\n<p class=\"Typography_text-s__wu_cm Typography_weight-normal__pqUbH Typography_color-darkgrey__sZEnP article-detail-footer_source__KslPc\">Quelle: ntv.de, bho\/dpa\/AFP<\/p>\n","protected":false},"excerpt":{"rendered":"Wegner ruft nach B\u00f6llerverbotBerliner Polizei will sich Silvester-Randalierer vorkn\u00f6pfen 21.12.2025, 15:22 Uhr Artikel anh\u00f6ren(03:52 min) Die Polizei in&hellip;\n","protected":false},"author":2,"featured_media":662701,"comment_status":"","ping_status":"","sticky":false,"template":"","format":"standard","meta":{"footnotes":""},"categories":[1825],"tags":[296,60948,29,30,984,2384,121,2281],"class_list":{"0":"post-662700","1":"post","2":"type-post","3":"status-publish","4":"format-standard","5":"has-post-thumbnail","7":"category-berlin","8":"tag-berlin","9":"tag-boellerverbot","10":"tag-deutschland","11":"tag-germany","12":"tag-international","13":"tag-kai-wegner","14":"tag-polizei","15":"tag-silvester"},"share_on_mastodon":{"url":"https:\/\/pubeurope.com\/@de\/115759068611081823","error":""},"_links":{"self":[{"href":"https:\/\/www.europesays.com\/de\/wp-json\/wp\/v2\/posts\/662700","targetHints":{"allow":["GET"]}}],"collection":[{"href":"https:\/\/www.europesays.com\/de\/wp-json\/wp\/v2\/posts"}],"about":[{"href":"https:\/\/www.europesays.com\/de\/wp-json\/wp\/v2\/types\/post"}],"author":[{"embeddable":true,"href":"https:\/\/www.europesays.com\/de\/wp-json\/wp\/v2\/users\/2"}],"replies":[{"embeddable":true,"href":"https:\/\/www.europesays.com\/de\/wp-json\/wp\/v2\/comments?post=662700"}],"version-history":[{"count":0,"href":"https:\/\/www.europesays.com\/de\/wp-json\/wp\/v2\/posts\/662700\/revisions"}],"wp:featuredmedia":[{"embeddable":true,"href":"https:\/\/www.europesays.com\/de\/wp-json\/wp\/v2\/media\/662701"}],"wp:attachment":[{"href":"https:\/\/www.europesays.com\/de\/wp-json\/wp\/v2\/media?parent=662700"}],"wp:term":[{"taxonomy":"category","embeddable":true,"href":"https:\/\/www.europesays.com\/de\/wp-json\/wp\/v2\/categories?post=662700"},{"taxonomy":"post_tag","embeddable":true,"href":"https:\/\/www.europesays.com\/de\/wp-json\/wp\/v2\/tags?post=662700"}],"curies":[{"name":"wp","href":"https:\/\/api.w.org\/{rel}","templated":true}]}}