{"id":662706,"date":"2025-12-21T18:54:12","date_gmt":"2025-12-21T18:54:12","guid":{"rendered":"https:\/\/www.europesays.com\/de\/662706\/"},"modified":"2025-12-21T18:54:12","modified_gmt":"2025-12-21T18:54:12","slug":"arnulf-rainer-uebermalungs-kuenstler-arnulf-rainer-ist-tot","status":"publish","type":"post","link":"https:\/\/www.europesays.com\/de\/662706\/","title":{"rendered":"Arnulf Rainer: \u00dcbermalungs-K\u00fcnstler Arnulf Rainer ist tot"},"content":{"rendered":"<p class=\"paragraph article__item\">Der \u00f6sterreichische Maler Arnulf Rainer<br \/>\n ist im Alter von 96 Jahren gestorben. Der K\u00fcnstler, der vor allem durch<br \/>\n seine \u00dcbermalungen von Gem\u00e4lden und Fotos ber\u00fchmt wurde, starb bereits<br \/>\nam Donnerstag im Bundesland Ober\u00f6sterreich. Dies best\u00e4tigte das seiner<br \/>\nKunst gewidmete Arnulf Rainer Museum in Baden bei Wien der Nachrichtenagentur dpa am Sonntag.\n<\/p>\n<p class=\"paragraph article__item\">Arnulf Rainer<br \/>\nwurde am 8. Dezember 1929 in Baden bei Wien geboren. Er war Autodidakt.<br \/>\nEr wurde zwar an zwei Kunsthochschulen angenommen, doch schon nach<br \/>\nkurzer Zeit verlie\u00df er diese wieder.\u00a0\n<\/p>\n<p class=\"paragraph article__item\">In den 1970er-Jahren nahm Rainer<br \/>\n an der documenta 6 teil und vertrat \u00d6sterreich bei der <a href=\"https:\/\/www.zeit.de\/2025\/26\/kathleen-reinhardt-kunstbiennale-venedig-deutscher-pavillon-ostdeutsch\" class=\"\" target=\"_blank\" rel=\"nofollow noopener\">Biennale<\/a> von<br \/>\nVenedig. 2006 erhielt er als erster nichtspanischer K\u00fcnstler den<br \/>\nArag\u00f3n-Goya-Preis f\u00fcr sein umfangreiches Lebenswerk. Es umfasst unter<br \/>\nanderem \u00fcbermalte Totenmasken sowie \u00fcbermalte Fotos der Bombenabw\u00fcrfe<br \/>\nvon Hiroshima und Nagasaki.\n<\/p>\n<p class=\"paragraph article__item\">Ralph Gleis, Direktor des Wiener Museums <a href=\"https:\/\/www.zeit.de\/politik\/2020-01\/albrecht-duerer-albertina-wien-diversitaet\" class=\"\" target=\"_blank\" rel=\"nofollow noopener\">Albertina<\/a>, w\u00fcrdigte Rainer als einen &#8222;der bedeutendsten \u00f6sterreichischen K\u00fcnstler unserer Zeit&#8220;. &#8222;Rainer war bekannt f\u00fcr seine F\u00e4higkeit, Emotionen und Intensit\u00e4t durch abstrakte Formen und expressive Gesten auszudr\u00fccken&#8220;, sagte Gleis.\n<\/p>\n<p>            Kondolenzbuch<\/p>\n<p class=\"paragraph article__item\">Liebe Leserinnen und Leser,<br \/>im Kommentarbereich dieses Artikels wollen wir Ihnen mit einem    Kondolenzbuch die M\u00f6glichkeit geben, Ihre Erinnerungen und Gedanken zu  teilen. Die Wahrung der Piet\u00e4t ist uns bei   Todesf\u00e4llen wichtig,  weswegen alle Kommentare vor der Ver\u00f6ffentlichung   gepr\u00fcft werden.\n<\/p>\n<p>            \u00d6sterreich        <\/p>\n<p>Mehr zum Thema<\/p>\n<p>                <a href=\"https:\/\/www.zeit.de\/kultur\/kunst\/2024-02\/guenter-brus-tot\" data-ct-label=\"Wiener Aktionismus: \u00d6sterreichischer K\u00fcnstler G\u00fcnter Brus ist tot\" rel=\"nofollow noopener\" target=\"_blank\"><\/p>\n<p>                        Wiener Aktionismus:<br \/>\n                        \u00d6sterreichischer K\u00fcnstler G\u00fcnter Brus ist tot<\/p>\n<p>                <\/a><\/p>\n<p>                <a href=\"https:\/\/www.zeit.de\/2025\/52\/jack-falkner-soelden-tirol-oetztal-tourismus-bergbahnen\" data-ct-label=\"Jack Falkner: Wem geh\u00f6ren die Alpen?\" rel=\"nofollow noopener\" target=\"_blank\"><\/p>\n<p>        Z+ (abopflichtiger Inhalt);<\/p>\n<p>    Jack Falkner:<br \/>\n                        Wem geh\u00f6ren die Alpen?<\/p>\n<p>                <\/a><\/p>\n<p>                <a href=\"https:\/\/www.zeit.de\/2025\/45\/lebensqualitaet-oesterreich-debattenkultur-sozialpolitik-umwelt\" data-ct-label=\"Lebensqualit\u00e4t in \u00d6sterreich: \u00d6sterreich, aber neu\" rel=\"nofollow noopener\" target=\"_blank\"><\/p>\n<p>        Z+ (abopflichtiger Inhalt);<\/p>\n<p>    Lebensqualit\u00e4t in \u00d6sterreich:<br \/>\n                        \u00d6sterreich, aber neu<\/p>\n<p>                <\/a><\/p>\n","protected":false},"excerpt":{"rendered":"Der \u00f6sterreichische Maler Arnulf Rainer ist im Alter von 96 Jahren gestorben. Der K\u00fcnstler, der vor allem durch&hellip;\n","protected":false},"author":2,"featured_media":662707,"comment_status":"","ping_status":"","sticky":false,"template":"","format":"standard","meta":{"footnotes":""},"categories":[1775],"tags":[135160,1793,29,214,30,80,1794,154682,215,6296],"class_list":{"0":"post-662706","1":"post","2":"type-post","3":"status-publish","4":"format-standard","5":"has-post-thumbnail","7":"category-kunst-und-design","8":"tag-arnulf-rainer","9":"tag-art-and-design","10":"tag-deutschland","11":"tag-entertainment","12":"tag-germany","13":"tag-kultur","14":"tag-kunst-und-design","15":"tag-uebermalung","16":"tag-unterhaltung","17":"tag-wien"},"share_on_mastodon":{"url":"https:\/\/pubeurope.com\/@de\/115759078643970474","error":""},"_links":{"self":[{"href":"https:\/\/www.europesays.com\/de\/wp-json\/wp\/v2\/posts\/662706","targetHints":{"allow":["GET"]}}],"collection":[{"href":"https:\/\/www.europesays.com\/de\/wp-json\/wp\/v2\/posts"}],"about":[{"href":"https:\/\/www.europesays.com\/de\/wp-json\/wp\/v2\/types\/post"}],"author":[{"embeddable":true,"href":"https:\/\/www.europesays.com\/de\/wp-json\/wp\/v2\/users\/2"}],"replies":[{"embeddable":true,"href":"https:\/\/www.europesays.com\/de\/wp-json\/wp\/v2\/comments?post=662706"}],"version-history":[{"count":0,"href":"https:\/\/www.europesays.com\/de\/wp-json\/wp\/v2\/posts\/662706\/revisions"}],"wp:featuredmedia":[{"embeddable":true,"href":"https:\/\/www.europesays.com\/de\/wp-json\/wp\/v2\/media\/662707"}],"wp:attachment":[{"href":"https:\/\/www.europesays.com\/de\/wp-json\/wp\/v2\/media?parent=662706"}],"wp:term":[{"taxonomy":"category","embeddable":true,"href":"https:\/\/www.europesays.com\/de\/wp-json\/wp\/v2\/categories?post=662706"},{"taxonomy":"post_tag","embeddable":true,"href":"https:\/\/www.europesays.com\/de\/wp-json\/wp\/v2\/tags?post=662706"}],"curies":[{"name":"wp","href":"https:\/\/api.w.org\/{rel}","templated":true}]}}