{"id":662720,"date":"2025-12-21T19:03:16","date_gmt":"2025-12-21T19:03:16","guid":{"rendered":"https:\/\/www.europesays.com\/de\/662720\/"},"modified":"2025-12-21T19:03:16","modified_gmt":"2025-12-21T19:03:16","slug":"the-coalition-verspricht-gears-of-war-e-day-wird-unser-ambitioniertestes-spiel-aller-zeiten","status":"publish","type":"post","link":"https:\/\/www.europesays.com\/de\/662720\/","title":{"rendered":"The Coalition verspricht: Gears of War: E-Day wird &#8222;unser ambitioniertestes Spiel aller Zeiten&#8220;"},"content":{"rendered":"<p>The Coalition verfolgt mit dem kommenden <a href=\"https:\/\/www.eurogamer.de\/games\/gears-of-war-e-day\" rel=\"nofollow noopener\" target=\"_blank\">Gears of War: E-Day<\/a> gro\u00dfe Ziel und will nicht weniger als sein bislang &#8222;ambitioniertes Spiel&#8220; abliefern.<\/p>\n<p><strong>Gears of War: E-Day<\/strong><\/p>\n<ul>\n<li>Genre: Third-Person-Shooter<\/li>\n<li>Plattform: PC, Xbox Series X\/S<\/li>\n<li>Release: 2026<\/li>\n<li>Entwickler \/ Publisher: The Coalition, People Can Fly\/ Xbox Game Studios<\/li>\n<\/ul>\n<p>Das schreibt Studioleiter Mike Crump in einer Botschaft an die Fans zum Jahresende.<\/p>\n<p>Gears of War: E-Day mit gro\u00dfen Ambitionen<\/p>\n<p>Es ist eine von mehreren Botschaften zum Abschluss des Jahres, die Xbox im Rahmen eines <a href=\"https:\/\/news.xbox.com\/en-us\/2025\/12\/18\/xbox-bethesda-blizzard-activision-king-2025-games-thank-you\/\" target=\"_blank\" rel=\"nofollow noopener\">Blogbeitrags<\/a> ver\u00f6ffentlicht hat.<\/p>\n<p>Hinzu kommt nat\u00fcrlich, dass Gears of War im kommenden Jahr seinen 20. Geburtstag feiert, insofern gibt es auch Anlass zum Feiern.<\/p>\n<p>&#8222;N\u00e4chstes Jahr feiern wir das 20-j\u00e4hrige Jubil\u00e4um von Gears of War, und wir k\u00f6nnten uns keine bessere Art des Feierns vorstellen als die Ver\u00f6ffentlichung von Gears of War: E-Day&#8220;, schreibt Crump.<\/p>\n<p>&#8222;Dies ist unser bisher ambitioniertestes Spiel, komplett von Grund auf in der Unreal Engine 5 entwickelt, um sich wie Gears anzuf\u00fchlen und sich wie ein neues Spiel zu spielen. Es ist eine R\u00fcckkehr zu unseren Wurzeln, denn Marcus und Dom stellen sich zum ersten Mal den Locust.&#8220;<\/p>\n<p>&#8222;Es ist der perfekte Einstieg in das Gears-Universum, und wir freuen uns darauf, n\u00e4chstes Jahr mehr dar\u00fcber zu berichten&#8220;, betont er.<\/p>\n<p>Zuletzt hatte Xbox bereits im Rahmen eines <a href=\"https:\/\/www.eurogamer.de\/xbox-werbung-bestatigt-gears-of-war-e-day-fur-2026\" rel=\"nofollow noopener\" target=\"_blank\">Game Pass-Werbespots best\u00e4tigt, dass Gears of War: E-Day f\u00fcr 2026 geplant ist<\/a>.<\/p>\n<p>&#8222;Vierzehn Jahre vor Gears of War kehren die Kriegshelden Marcus Fenix und Dom Santiago nach Hause zur\u00fcck, um sich einem neuen Albtraum zu stellen: der Locust-Horde&#8220;, hei\u00dft es zum Spiel, zu dem bislang noch nicht allzu viel bekannt ist. &#8222;Diese unterirdischen Monster, grotesk und unerbittlich, brechen von unten aus und belagern die Menschheit selbst. Gears of War: E-Day wurde von Grund auf mit der Unreal Engine 5 entwickelt und bietet eine beispiellose Grafiktreue.&#8220;<\/p>\n<p>Bislang wissen wir, dass Gears of War: E-Day f\u00fcr Xbox Series X\/S und PC erscheinen soll. Es gab aber auch schon <a href=\"https:\/\/www.eurogamer.de\/gears-of-war-e-day-und-state-of-decay-3-laut-bericht-fur-die-ps5-geplant\" rel=\"nofollow noopener\" target=\"_blank\">Ger\u00fcchte \u00fcber eine geplante PS5-Portierung<\/a>, was wiederum angesichts der derzeitigen Strategie von Xbox keine gro\u00dfe \u00dcberraschung w\u00e4re.<\/p>\n<p><img loading=\"lazy\" decoding=\"async\" alt=\"\" src=\"https:\/\/www.europesays.com\/de\/wp-content\/uploads\/2025\/12\/679ca4a09c974cb8bb5fc8f9891693dc.gif\" height=\"1\" width=\"1\"\/><\/p>\n","protected":false},"excerpt":{"rendered":"The Coalition verfolgt mit dem kommenden Gears of War: E-Day gro\u00dfe Ziel und will nicht weniger als sein&hellip;\n","protected":false},"author":2,"featured_media":662721,"comment_status":"","ping_status":"","sticky":false,"template":"","format":"standard","meta":{"footnotes":""},"categories":[135],"tags":[29,30,190,189,194,191,193,192],"class_list":{"0":"post-662720","1":"post","2":"type-post","3":"status-publish","4":"format-standard","5":"has-post-thumbnail","7":"category-wissenschaft-technik","8":"tag-deutschland","9":"tag-germany","10":"tag-science","11":"tag-science-technology","12":"tag-technik","13":"tag-technology","14":"tag-wissenschaft","15":"tag-wissenschaft-technik"},"share_on_mastodon":{"url":"https:\/\/pubeurope.com\/@de\/115759115382566948","error":""},"_links":{"self":[{"href":"https:\/\/www.europesays.com\/de\/wp-json\/wp\/v2\/posts\/662720","targetHints":{"allow":["GET"]}}],"collection":[{"href":"https:\/\/www.europesays.com\/de\/wp-json\/wp\/v2\/posts"}],"about":[{"href":"https:\/\/www.europesays.com\/de\/wp-json\/wp\/v2\/types\/post"}],"author":[{"embeddable":true,"href":"https:\/\/www.europesays.com\/de\/wp-json\/wp\/v2\/users\/2"}],"replies":[{"embeddable":true,"href":"https:\/\/www.europesays.com\/de\/wp-json\/wp\/v2\/comments?post=662720"}],"version-history":[{"count":0,"href":"https:\/\/www.europesays.com\/de\/wp-json\/wp\/v2\/posts\/662720\/revisions"}],"wp:featuredmedia":[{"embeddable":true,"href":"https:\/\/www.europesays.com\/de\/wp-json\/wp\/v2\/media\/662721"}],"wp:attachment":[{"href":"https:\/\/www.europesays.com\/de\/wp-json\/wp\/v2\/media?parent=662720"}],"wp:term":[{"taxonomy":"category","embeddable":true,"href":"https:\/\/www.europesays.com\/de\/wp-json\/wp\/v2\/categories?post=662720"},{"taxonomy":"post_tag","embeddable":true,"href":"https:\/\/www.europesays.com\/de\/wp-json\/wp\/v2\/tags?post=662720"}],"curies":[{"name":"wp","href":"https:\/\/api.w.org\/{rel}","templated":true}]}}