{"id":662724,"date":"2025-12-21T19:05:21","date_gmt":"2025-12-21T19:05:21","guid":{"rendered":"https:\/\/www.europesays.com\/de\/662724\/"},"modified":"2025-12-21T19:05:21","modified_gmt":"2025-12-21T19:05:21","slug":"epstein-files-us-justizministerium-rechtfertigt-loeschung-von-epstein-dateien","status":"publish","type":"post","link":"https:\/\/www.europesays.com\/de\/662724\/","title":{"rendered":"Epstein-Files: US-Justizministerium rechtfertigt L\u00f6schung von Epstein-Dateien"},"content":{"rendered":"<p class=\"paragraph article__item\">Die pl\u00f6tzliche L\u00f6schung von mehr als einem Dutzend Dateien aus den<a href=\"https:\/\/www.zeit.de\/politik\/ausland\/2025-12\/epstein-files-jeffrey-epstein-dokumente-clinton-trump-veroeffentlichung\" class=\"\" target=\"_blank\" rel=\"noopener\"> online ver\u00f6ffentlichten Epstein-Akten<\/a> ist nach Angaben des <a class=\"rtr-entity\" href=\"https:\/\/www.zeit.de\/thema\/justizministerium-der-vereinigten-staaten\" target=\"_blank\" rel=\"noopener\">US-Justizministeriums<\/a> auf Bitten von Betroffenen erfolgt. Die entfernten Fotos zeigten potenzielle Opfer des verstorbenen <a href=\"https:\/\/www.zeit.de\/thema\/jeffrey-epstein\" class=\"\" target=\"_blank\" rel=\"noopener\">Sexualstraft\u00e4ters Jeffrey Epstein<\/a>, die zuvor nicht identifiziert worden seien, sagte der stellvertretende Justizminister Todd Blanche bei NBC News. Die L\u00f6schung sei vor dem Hintergrund laufender Ermittlungen erfolgt. Blanche k\u00fcndigte an, dass die Dateien wieder \u00f6ffentlich zug\u00e4nglich gemacht werden, nannte jedoch keinen Zeitpunkt.\u00a0\n<\/p>\n<p class=\"paragraph article__item\">Zuvor hatte das Ministerium auf Druck der \u00d6ffentlichkeit einen umfangreichen Datensatz mit Tausenden Dokumenten und Fotos online gestellt, von denen viele geschw\u00e4rzt waren. <a href=\"https:\/\/www.zeit.de\/politik\/ausland\/2025-12\/usa-jeffrey-epstein-neue-akten-kritik-gxe\" class=\"\" target=\"_blank\" rel=\"noopener\">Bereits das brachte dem Ministerium viel Kritik ein<\/a>. Kurz darauf wiesen US-Demokraten im Kongress darauf hin, dass einzelne Dateien offenbar entfernt worden waren. Darunter befand sich auch ein Foto, das den heutigen US-Pr\u00e4sidenten Donald Trump mit seiner Frau Melania in Begleitung von Epstein und dessen langj\u00e4hriger Vertrauten Ghislaine Maxwell zeigt.\n<\/p>\n<p>        L\u00f6schung sei nicht politisch motiviert        <\/p>\n<p class=\"paragraph article__item\">Blanche <a href=\"https:\/\/www.zeit.de\/politik\/ausland\/2025-12\/usa-epstein-akten-donald-trump-us-justizministerium\" class=\"\" target=\"_blank\" rel=\"noopener\">wies Spekulationen zur\u00fcck<\/a>, <a href=\"https:\/\/www.zeit.de\/politik\/ausland\/2025-12\/jeffrey-epstein-aktenfreigabe-datensatz-demokraten\" class=\"\" target=\"_blank\" rel=\"noopener\">wonach die L\u00f6schung politisch motiviert gewesen sei<\/a>. Die Akten enthielten keine bearbeiteten Informationen zu Pr\u00e4sident Donald Trump, au\u00dfer in F\u00e4llen, in denen gesetzliche Vorschriften wie der Schutz von Missbrauchsopfern oder das Anwaltsgeheimnis eine Schw\u00e4rzung erforderten.\n<\/p>\n<p class=\"paragraph article__item\">Eine Stichprobe der Deutschen Presse-Agentur ergab, dass eine neuere Version des ersten Datensatzes vom Samstag mindestens 16 Dateien weniger umfasste als eine vorherige Version des Archivs vom Freitagnachmittag. Neben dem Foto, das laut Demokraten fehlt, sind in der neueren Version auch bestimmte Aufnahmen eines Raumes mit einer Massageliege nicht mehr enthalten.\n<\/p>\n<p class=\"paragraph article__item\">Das US-Justizministerium hat am Freitag <a href=\"https:\/\/www.zeit.de\/politik\/ausland\/2025-12\/jeffrey-epstein-neue-dokumente-veroeffentlicht\" class=\"\" target=\"_blank\" rel=\"noopener\">Tausende von Unterlagen im Zusammenhang<\/a> mit den Ermittlungen wegen Sexhandels gegen den Finanzier <a class=\"rtr-entity\" href=\"https:\/\/www.zeit.de\/thema\/jeffrey-epstein\" target=\"_blank\" rel=\"noopener\">Jeffrey Epstein<\/a> und seine Komplizin Ghislaine Maxwell ver\u00f6ffentlicht. Die Ver\u00f6ffentlichung erfolgte am letzten Tag der 30-t\u00e4gigen Frist, die durch das Gesetz zur Transparenz der Epstein-Akten (Epstein Files Transparency Act) vorgeschrieben ist.\n<\/p>\n<p>            Epstein-Files        <\/p>\n<p>Mehr zum Thema<\/p>\n<p>                <a href=\"https:\/\/www.zeit.de\/politik\/ausland\/2025-12\/freigabe-epstein-akten-veroeffentlichung-us-justizministerium\" data-ct-label=\"Freigabe der Epstein-Akten: Die US-Regierung verschleiert weiter\" target=\"_blank\" rel=\"noopener\"><\/p>\n<p>        Z+ (abopflichtiger Inhalt);<\/p>\n<p>    Freigabe der Epstein-Akten:<br \/>\n                        Die US-Regierung verschleiert weiter<\/p>\n<p>                <\/a><\/p>\n<p>                <a href=\"https:\/\/www.zeit.de\/politik\/ausland\/2025-12\/epstein-files-jeffrey-epstein-dokumente-clinton-trump-veroeffentlichung\" data-ct-label=\"Epstein-Files: Was \u00fcber die Epstein-Akten bekannt ist\" target=\"_blank\" rel=\"noopener\"><\/p>\n<p>                        Epstein-Files:<br \/>\n                        Was \u00fcber die Epstein-Akten bekannt ist<\/p>\n<p>                <\/a><\/p>\n<p>                <a href=\"https:\/\/www.zeit.de\/politik\/ausland\/2025-11\/epstein-affaere-donald-trump-emails-akten-faq\" data-ct-label=\"Epstein-Akten: Wie eng war diese Freundschaft wirklich?\" target=\"_blank\" rel=\"noopener\"><\/p>\n<p>        Z+ (abopflichtiger Inhalt);<\/p>\n<p>    Epstein-Akten:<br \/>\n                        Wie eng war diese Freundschaft wirklich?<\/p>\n<p>                <\/a><\/p>\n","protected":false},"excerpt":{"rendered":"Die pl\u00f6tzliche L\u00f6schung von mehr als einem Dutzend Dateien aus den online ver\u00f6ffentlichten Epstein-Akten ist nach Angaben des&hellip;\n","protected":false},"author":2,"featured_media":662725,"comment_status":"","ping_status":"","sticky":false,"template":"","format":"standard","meta":{"footnotes":""},"categories":[3],"tags":[154697,13,23542,65245,56703,71153,14,15,16,12,82976,10,8,9,11,103,104],"class_list":{"0":"post-662724","1":"post","2":"type-post","3":"status-publish","4":"format-standard","5":"has-post-thumbnail","7":"category-welt","8":"tag-epstein-files","9":"tag-headlines","10":"tag-jeffrey-epstein","11":"tag-justizminister","12":"tag-justizministerium-der-vereinigten-staaten","13":"tag-loeschung","14":"tag-nachrichten","15":"tag-news","16":"tag-politik","17":"tag-schlagzeilen","18":"tag-todd-blanche","19":"tag-top-news","20":"tag-top-meldungen","21":"tag-topmeldungen","22":"tag-topnews","23":"tag-welt","24":"tag-world"},"share_on_mastodon":{"url":"https:\/\/pubeurope.com\/@de\/115759121981495664","error":""},"_links":{"self":[{"href":"https:\/\/www.europesays.com\/de\/wp-json\/wp\/v2\/posts\/662724","targetHints":{"allow":["GET"]}}],"collection":[{"href":"https:\/\/www.europesays.com\/de\/wp-json\/wp\/v2\/posts"}],"about":[{"href":"https:\/\/www.europesays.com\/de\/wp-json\/wp\/v2\/types\/post"}],"author":[{"embeddable":true,"href":"https:\/\/www.europesays.com\/de\/wp-json\/wp\/v2\/users\/2"}],"replies":[{"embeddable":true,"href":"https:\/\/www.europesays.com\/de\/wp-json\/wp\/v2\/comments?post=662724"}],"version-history":[{"count":0,"href":"https:\/\/www.europesays.com\/de\/wp-json\/wp\/v2\/posts\/662724\/revisions"}],"wp:featuredmedia":[{"embeddable":true,"href":"https:\/\/www.europesays.com\/de\/wp-json\/wp\/v2\/media\/662725"}],"wp:attachment":[{"href":"https:\/\/www.europesays.com\/de\/wp-json\/wp\/v2\/media?parent=662724"}],"wp:term":[{"taxonomy":"category","embeddable":true,"href":"https:\/\/www.europesays.com\/de\/wp-json\/wp\/v2\/categories?post=662724"},{"taxonomy":"post_tag","embeddable":true,"href":"https:\/\/www.europesays.com\/de\/wp-json\/wp\/v2\/tags?post=662724"}],"curies":[{"name":"wp","href":"https:\/\/api.w.org\/{rel}","templated":true}]}}