{"id":662726,"date":"2025-12-21T19:06:18","date_gmt":"2025-12-21T19:06:18","guid":{"rendered":"https:\/\/www.europesays.com\/de\/662726\/"},"modified":"2025-12-21T19:06:18","modified_gmt":"2025-12-21T19:06:18","slug":"braende-in-flensburg-kripo-ermittelt-wegen-brandstiftung","status":"publish","type":"post","link":"https:\/\/www.europesays.com\/de\/662726\/","title":{"rendered":"Br\u00e4nde in Flensburg: Kripo ermittelt wegen Brandstiftung"},"content":{"rendered":"<p>\n                Stand: 21.12.2025 17:07 Uhr<\/p>\n<p>                    <a href=\"https:\/\/www.europesays.com\/de\/wp-content\/uploads\/2025\/12\/feuerwehr-652.webp\" class=\"zoomimage\" title=\"Bild vergr\u00f6\u00dfern\"><\/p>\n<p>        <img decoding=\"async\" src=\"https:\/\/www.europesays.com\/de\/wp-content\/uploads\/2025\/12\/feuerwehr-652.webp\" alt=\"Ein Feuerwehrauto steht in einer Stra\u00dfen in Flensburg.\" title=\"Die Einsatzkr\u00e4fte r\u00fcckten mit einem Gro\u00dfaufgebot an.  | Benjamin Nolte\" class=\"responsive\" loading=\"lazy\"\/><\/p>\n<p>                    <\/a><\/p>\n<p>                    Die Einsatzkr\u00e4fte r\u00fcckten mit einem Gro\u00dfaufgebot an. <\/p>\n<p class=\"\">Bei mehreren Br\u00e4nden in <a href=\"https:\/\/www.ndr.de\/nachrichten\/schleswig-holstein\/Flensburg-Nachrichten-Hintergruende-und-Videos,flensburg6034.html\" title=\"Flensburg - Aktuelle Nachrichten und Videos\" target=\"_blank\" rel=\"noopener\">Flensburg<\/a> sind am Sonntagmorgen mehrere Menschen schwer verletzt worden. Um kurz vor halb acht gingen fast zeitgleich Notrufe zu mehreren Br\u00e4nden ein. Zun\u00e4chst standen in einem Hinterhaus in der Harrisleer Stra\u00dfe Reifen in Flammen. Das Feuer griff dann auf das Treppenhaus \u00fcber. F\u00fcnf Menschen wurden hier laut Polizei verletzt. Ein 35-J\u00e4hriger, eine 25-J\u00e4hrige und ein zweij\u00e4hriges Kind erlitten schwere Verletzungen, so die Polizei.<\/p>\n<p>    Brennender Kinderwagen in der Nachbarschaft<\/p>\n<p class=\"\">Zeitgleich wurde ein brennender Kinderwagen an einem Mehrfamilienhaus in der nahe gelegenen Apenrader Stra\u00dfe entdeckt. Hier gab es keine Verletzten. In einem angrenzenden Haus kam es zu einem dritten Brand. Ein unbekannter Gegenstand stand im Treppenhaus in Flammen. Auch hier wurden f\u00fcnf Menschen verletzt, eine 23-j\u00e4hrige Person erlitt laut Polizei schwere Brandverletzungen. Insgesamt 30 Menschen evakuierten die Einsatzkr\u00e4fte aus den betroffenen Mehrfamilienh\u00e4usern. Mittlerweile sind die Feuer gel\u00f6scht. Die Kriminalpolizei ermittelt &#8211; und geht von Brandstiftung aus.<\/p>\n<p class=\"\">Sie pr\u00fcft laut Kripo auch einen Zusammenhang mit \u00e4hnlichen Vorf\u00e4llen vor rund zwei Wochen. Am 6. Dezember waren ebenfalls am fr\u00fchen Morgen in der Gegend mehrere Br\u00e4nde gemeldet worden.<\/p>\n<p>        <img decoding=\"async\" src=\"https:\/\/www.europesays.com\/de\/wp-content\/uploads\/2025\/12\/1766158578_115_nachrichtenkompakt132.webp\" alt=\"Grafik: Eine Sprechblase, in der die Kontur des Landes Schleswig-Holstein abgebildet ist.\" title=\"Grafik: Eine Sprechblase, in der die Kontur des Landes Schleswig-Holstein abgebildet ist. | NDR\" class=\"responsive\" loading=\"lazy\"\/><\/p>\n<p>\n                                    2 Min<\/p>\n<p>Die Reporter berichten von den nordfriesischen Inseln und Halligen, der Marsch, der Geest bis \u00fcber das \u00f6stliche H\u00fcgelland mit seinen Fjorden &#8211; jeden Werktag um 09.30 und 16.30 Uhr.<\/p>\n<p>Dieses Thema im Programm:<\/p>\n<p>                NDR 1 Welle Nord | Nachrichten f\u00fcr Schleswig-Holstein | 21.12.2025 | 16:00 Uhr<\/p>\n","protected":false},"excerpt":{"rendered":"Stand: 21.12.2025 17:07 Uhr Die Einsatzkr\u00e4fte r\u00fcckten mit einem Gro\u00dfaufgebot an. Bei mehreren Br\u00e4nden in Flensburg sind am&hellip;\n","protected":false},"author":2,"featured_media":662727,"comment_status":"","ping_status":"","sticky":false,"template":"","format":"standard","meta":{"footnotes":""},"categories":[2],"tags":[2919,29,987,2085,30,13,12182,14,15,12,30968,10,8,9,11],"class_list":{"0":"post-662726","1":"post","2":"type-post","3":"status-publish","4":"format-standard","5":"has-post-thumbnail","7":"category-deutschland","8":"tag-brand","9":"tag-deutschland","10":"tag-feuer","11":"tag-flensburg","12":"tag-germany","13":"tag-headlines","14":"tag-mehrfamilienhaus","15":"tag-nachrichten","16":"tag-news","17":"tag-schlagzeilen","18":"tag-schwer-verletzt","19":"tag-top-news","20":"tag-top-meldungen","21":"tag-topmeldungen","22":"tag-topnews"},"share_on_mastodon":{"url":"https:\/\/pubeurope.com\/@de\/115759127287406318","error":""},"_links":{"self":[{"href":"https:\/\/www.europesays.com\/de\/wp-json\/wp\/v2\/posts\/662726","targetHints":{"allow":["GET"]}}],"collection":[{"href":"https:\/\/www.europesays.com\/de\/wp-json\/wp\/v2\/posts"}],"about":[{"href":"https:\/\/www.europesays.com\/de\/wp-json\/wp\/v2\/types\/post"}],"author":[{"embeddable":true,"href":"https:\/\/www.europesays.com\/de\/wp-json\/wp\/v2\/users\/2"}],"replies":[{"embeddable":true,"href":"https:\/\/www.europesays.com\/de\/wp-json\/wp\/v2\/comments?post=662726"}],"version-history":[{"count":0,"href":"https:\/\/www.europesays.com\/de\/wp-json\/wp\/v2\/posts\/662726\/revisions"}],"wp:featuredmedia":[{"embeddable":true,"href":"https:\/\/www.europesays.com\/de\/wp-json\/wp\/v2\/media\/662727"}],"wp:attachment":[{"href":"https:\/\/www.europesays.com\/de\/wp-json\/wp\/v2\/media?parent=662726"}],"wp:term":[{"taxonomy":"category","embeddable":true,"href":"https:\/\/www.europesays.com\/de\/wp-json\/wp\/v2\/categories?post=662726"},{"taxonomy":"post_tag","embeddable":true,"href":"https:\/\/www.europesays.com\/de\/wp-json\/wp\/v2\/tags?post=662726"}],"curies":[{"name":"wp","href":"https:\/\/api.w.org\/{rel}","templated":true}]}}