{"id":662760,"date":"2025-12-21T19:24:19","date_gmt":"2025-12-21T19:24:19","guid":{"rendered":"https:\/\/www.europesays.com\/de\/662760\/"},"modified":"2025-12-21T19:24:19","modified_gmt":"2025-12-21T19:24:19","slug":"arminia-splitter-kania-leihe-in-die-3-liga-geldstrafe-fuer-pyrotechnik","status":"publish","type":"post","link":"https:\/\/www.europesays.com\/de\/662760\/","title":{"rendered":"Arminia-Splitter: Kania-Leihe in die 3. Liga? \u2013 Geldstrafe f\u00fcr Pyrotechnik"},"content":{"rendered":"<p id=\"absatz1\" class=\"em_text\">Bielefeld. Dass Julian Kania den DSC Arminia in der Winterpause verlassen wird, gilt als wahrscheinlich. Nun k\u00f6nnte es einen Interessenten f\u00fcr den St\u00fcrmer, der \u00fcber die Rolle des Ersatzspielers nicht hinauskommt, geben. Zudem werden die Bielefelder vom DFB mal wieder zur Kasse gebeten.<\/p>\n<p id=\"absatz2\" class=\"em_text\">Einem Bericht der \u201eNeuen Osnabr\u00fccker Zeitung\u201c zufolge ist der VfL Osnabr\u00fcck auf der Suche nach einem neuen Angreifer. Die \u201eNOZ\u201c bringt in diesem Zusammenhang den Namen Julian Kania ins Gespr\u00e4ch. Demzufolge k\u00f6nnte der 24-J\u00e4hrige beim Trainingsauftakt der Niedersachsen am 4. Januar bereits mit von der Partie sein.<\/p>\n<p id=\"absatz3\" class=\"em_text\">In Bielefeld hat Kania unter Trainer Mitch Kniat einen ganz schweren Stand. Zwar kommt der ehemalige N\u00fcrnberger auf zw\u00f6lf Eins\u00e4tze in der laufenden Zweitligasaison. Kania geh\u00f6rte aber nur einmal zur Anfangsformation. Beim j\u00fcngsten <a href=\"https:\/\/www.nw.de\/sport\/fussball\/dsc_arminia_bielefeld\/24237294_Arminia-holt-bei-der-Rueckkehr-ins-Olympiastadion-ein-Last-Second-Remis-gegen-Hertha.html\" target=\"_blank\" rel=\"noopener\">1:1 bei Hertha BSC<\/a> wurde er in der 83. Minute eingewechselt. Sein einziges Saisontor gelang ihm am ersten Spieltag beim 5:1-Erfolg \u00fcber Fortuna D\u00fcsseldorf per Elfmeter.<\/p>\n<p>\n        \u00d7\n    <\/p>\n<p>\n            Sie erhalten in wenigen Minuten eine E-Mail zur Best\u00e4tigung Ihrer Anmeldung.\n        <\/p>\n<p>Erst danach ist diese abgeschlossen.<\/p>\n<p>Bitte pr\u00fcfen Sie auch den Spam-Ordner.<\/p>\n<p>\n        \u00d7\n    <\/p>\n<p>\n            Sie haben bisher Ihre E-Mail-Adresse noch nicht best\u00e4tigt.\n        <\/p>\n<p>Erst danach ist diese abgeschlossen.<\/p>\n<p>Bitte pr\u00fcfen Sie auch den Spam-Ordner.<\/p>\n<p>\n        \u00d7\n    <\/p>\n<p>\n            Es ist einen Fehler aufgetreten\n        <\/p>\n<p>Bei Fragen hilft unser Newsletter-Support<\/p>\n<p> Newsletter<\/p>\n<p> DSC Arminia Bielefeld<\/p>\n<p>W\u00f6chentlich alle News rund um Arminia Bielefeld.<\/p>\n<p>                Jetzt anmelden<\/p>\n<p>14 Tore in der Aufstiegssaison<\/p>\n<p class=\"em_text\">In der abgelaufenen Drittligaspielzeit war Kania mit 14 Treffern Arminias erfolgreichster Torsch\u00fctze. Doch auch da hatte er unter Kniat nicht zum absoluten Stammpersonal gez\u00e4hlt.<\/p>\n<p id=\"absatz5\"><b class=\"bold\">Nach Plan oder mit Gl\u00fcck?<\/b> <a href=\"https:\/\/Nach%20Plan%20oder%20mit%20Gl\u00fcck?%20Wie%20Arminia-Colonel%20Kniat%20das%20Remis%20in%20Berlin%20sieht\">Wie Arminia-Colonel Kniat das Remis in Berlin sieht<\/a><\/p>\n<p id=\"absatz6\" class=\"em_text\">Kanias Vertrag beim DSC ist nach Angaben des Internetportals transfermarkt.de bis Juni 2027 g\u00fcltig. Ihn an den Aufstiegsaspiranten VfL Osnabr\u00fcck (Tabellensechster), der am Samstag daheim dem VfB Stuttgart II 1:2 unterlag, zu verleihen, k\u00f6nnte f\u00fcr alle drei Parteien sinnvoll sein. Arminia br\u00e4uchte dann allerdings Ersatz, da es dem Kader der Ostwestfalen an Mittelst\u00fcrmern mangelt.<\/p>\n<p>Arminia muss 13.500 Euro zahlen<\/p>\n<p id=\"absatz7\" class=\"em_text\">Wegen des unsportlichen Verhaltens der eigenen Fans muss der DSC Arminia eine Geldstrafe in H\u00f6he von 13.500 Euro zahlen. Das hat das Sportgericht des Deutschen Fu\u00dfball-Bundes (DFB) entschieden.<\/p>\n<p>        <a href=\"https:\/\/www.nw.de\/_em_daten\/_cache\/image\/1xRDhlVms3Mk03Y3o2VzVYUUVVNzVjY3V5V08zQ2xwZGZ2OEY1aTVQeG1lNnY5ZWFqOEZVMWNTbkt0d0NVTWhuK2xCbGdId3FGZVF3QnloS2xkZXhFSXlhZFRXYUlFRmhtaFl5aDVJZWVjdms9\/251221-1928-749891369.jpg\" class=\"nw-article-image\" title=\"Beim Gastspiel in Darmstadt haben die Fans des DSC Arminia Bielefeld reichlich pyrotechnisches Material verbrannt.\" data-glightbox=\"type: image; description: Beim Gastspiel in Darmstadt haben die Fans des DSC Arminia Bielefeld reichlich pyrotechnisches Material verbrannt.  | \u00a9 Teresa Kroeger\/RHR-FOTO \" target=\"_blank\" rel=\"noopener\"><br \/>\n            <img decoding=\"async\" src=\"https:\/\/www.europesays.com\/de\/wp-content\/uploads\/2025\/12\/251221-1928-749891369.jpg\" class=\"nw-img-fluid nw-w-full nw-lazy nw-rounded-t-md\" alt=\"Beim Gastspiel in Darmstadt haben die Fans des DSC Arminia Bielefeld reichlich pyrotechnisches Material verbrannt. - \u00a9 Teresa Kroeger\/RHR-FOTO\" data-format=\"16:9\"\/><br \/>\n        <\/a><\/p>\n<p>                Beim Gastspiel in Darmstadt haben die Fans des DSC Arminia Bielefeld reichlich pyrotechnisches Material verbrannt.<br \/>\n                                    | \u00a9 Teresa Kroeger\/RHR-FOTO<\/p>\n<p id=\"absatz8\" class=\"em_text\">Die Anh\u00e4nger hatten beim Zweitligaspiel bei Darmstadt 98 (1. November 2025) reichlich pyrotechnisches Material verbrannt. Die Bielefelder k\u00f6nnen 4.500 Euro der Gesamtstrafe f\u00fcr eigene sicherheitstechnische oder gewaltpr\u00e4ventive Ma\u00dfnahmen verwenden.<\/p>\n<p id=\"absatz9\"><b class=\"bold\">Kommentar:<\/b> <a href=\"https:\/\/www.nw.de\/nachrichten\/meinung\/24238137_Arminia-Lage-zur-Winterpause-Ohne-Verstaerkungen-geraet-das-Saisonziel-massiv-in-Gefahr.html\" target=\"_blank\" rel=\"noopener\">Arminia-Lage zur Winterpause: Ohne Verst\u00e4rkungen ger\u00e4t das Saisonziel massiv in Gefahr<\/a> <\/p>\n","protected":false},"excerpt":{"rendered":"Bielefeld. Dass Julian Kania den DSC Arminia in der Winterpause verlassen wird, gilt als wahrscheinlich. Nun k\u00f6nnte es&hellip;\n","protected":false},"author":2,"featured_media":662761,"comment_status":"","ping_status":"","sticky":false,"template":"","format":"standard","meta":{"footnotes":""},"categories":[1841],"tags":[2368,1605,3364,29,481,12432,3926,30,24478,734,2381,2380,1613,2373,154705,750,1411,1209,8108,4279,15615,34402],"class_list":{"0":"post-662760","1":"post","2":"type-post","3":"status-publish","4":"format-standard","5":"has-post-thumbnail","7":"category-bielefeld","8":"tag-arminia-bielefeld","9":"tag-bielefeld","10":"tag-de","11":"tag-deutschland","12":"tag-dfb","13":"tag-dsc-arminia","14":"tag-geldstrafe","15":"tag-germany","16":"tag-julian-kania","17":"tag-meta_artikelklasse_nachricht","18":"tag-meta_copyrights_rgowl_freier_mitarbeiter","19":"tag-meta_themen_arminia_bielefeld","20":"tag-meta_userneeds_informieremich","21":"tag-mitch-kniat","22":"tag-neue-osnabrcker-zeitung","23":"tag-neue-oz","24":"tag-niedersachsen","25":"tag-nordrhein-westfalen","26":"tag-pyrotechnik","27":"tag-serie_nlarminia","28":"tag-vfl-osnabrck","29":"tag-winterpause"},"share_on_mastodon":{"url":"https:\/\/pubeurope.com\/@de\/115759197577523645","error":""},"_links":{"self":[{"href":"https:\/\/www.europesays.com\/de\/wp-json\/wp\/v2\/posts\/662760","targetHints":{"allow":["GET"]}}],"collection":[{"href":"https:\/\/www.europesays.com\/de\/wp-json\/wp\/v2\/posts"}],"about":[{"href":"https:\/\/www.europesays.com\/de\/wp-json\/wp\/v2\/types\/post"}],"author":[{"embeddable":true,"href":"https:\/\/www.europesays.com\/de\/wp-json\/wp\/v2\/users\/2"}],"replies":[{"embeddable":true,"href":"https:\/\/www.europesays.com\/de\/wp-json\/wp\/v2\/comments?post=662760"}],"version-history":[{"count":0,"href":"https:\/\/www.europesays.com\/de\/wp-json\/wp\/v2\/posts\/662760\/revisions"}],"wp:featuredmedia":[{"embeddable":true,"href":"https:\/\/www.europesays.com\/de\/wp-json\/wp\/v2\/media\/662761"}],"wp:attachment":[{"href":"https:\/\/www.europesays.com\/de\/wp-json\/wp\/v2\/media?parent=662760"}],"wp:term":[{"taxonomy":"category","embeddable":true,"href":"https:\/\/www.europesays.com\/de\/wp-json\/wp\/v2\/categories?post=662760"},{"taxonomy":"post_tag","embeddable":true,"href":"https:\/\/www.europesays.com\/de\/wp-json\/wp\/v2\/tags?post=662760"}],"curies":[{"name":"wp","href":"https:\/\/api.w.org\/{rel}","templated":true}]}}