{"id":662772,"date":"2025-12-21T19:31:49","date_gmt":"2025-12-21T19:31:49","guid":{"rendered":"https:\/\/www.europesays.com\/de\/662772\/"},"modified":"2025-12-21T19:31:49","modified_gmt":"2025-12-21T19:31:49","slug":"lok-report-vereinigte-staaten-abrupter-stopp-eines-cable-cars-in-san-francisco","status":"publish","type":"post","link":"https:\/\/www.europesays.com\/de\/662772\/","title":{"rendered":"LOK Report &#8211; Vereinigte Staaten: Abrupter Stopp eines Cable Cars in San Francisco"},"content":{"rendered":"<p><img decoding=\"async\" src=\"https:\/\/www.europesays.com\/de\/wp-content\/uploads\/2025\/12\/sf1.jpg\" alt=\"sf1\" style=\"margin: 3px;\"\/><img decoding=\"async\" src=\"https:\/\/www.europesays.com\/de\/wp-content\/uploads\/2025\/12\/sf2.jpg\" alt=\"sf2\" style=\"margin: 3px;\"\/><br \/>Fotos San Francisco fire department.<\/p>\n<p>Mehr als ein Dutzend Menschen wurden verletzt, als ein Cable Car in\u00a0San Francisco abrupt zum Stehen kam. F\u00fcnfzehn Menschen erlitten leichte bis mittelschwere Verletzungen. Zwei von ihnen wurden sofort in Krankenh\u00e4user gebracht, elf weitere wurden wegen &#8222;leichter Schmerzen&#8220; behandelt.<\/p>\n<p>&#8222;Die Sicherheit unserer Fahrg\u00e4ste in allen Muni-Fahrzeugen hat f\u00fcr uns weiterhin oberste Priorit\u00e4t. Wir werden die Einzelheiten des Vorfalls umfassend untersuchen, um die Sicherheit in den Cable Cars auch weiterhin zu gew\u00e4hrleisten&#8220;, erkl\u00e4rte die Betreibergesellschaft San Francisco Municipal Transportation Agency (SFMTA).<\/p>\n<p>Die Feuerwehr teilte ABC7 mit, dass m\u00f6glicherweise ein Gegenstand auf den Cable Car geworfen wurde, was den abrupten Stopp verursachte. Die Beh\u00f6rden haben noch keine offiziellen Informationen zu den Umst\u00e4nden des Vorfalls ver\u00f6ffentlicht.<\/p>\n<p>Die Cable Cars sind eine gro\u00dfe Touristenattraktion und wurden in einem <a href=\"https:\/\/www.youtube.com\/watch?v=r6DUwMnDxEs&amp;list=RDr6DUwMnDxEs&amp;start_radio=1\" target=\"_blank\" rel=\"noopener\">Lied von\u00a0Tony Bennett<\/a>\u00a0verewigt, in dem es darum geht, sein Herz in San Francisco zu verlieren. Das Lied war ein Riesenerfolg, und Bennett kehrte oft in die Stadt zur\u00fcck. Die Fahrg\u00e4ste der Cable Cars tragen keine Sicherheitsgurte und h\u00e4ngen sich oft aus den teilweise offenen Wagen heraus.<\/p>\n<p>Die Cable Cars wurden in San Francisco erstmals in den 1870er Jahren in Betrieb genommen und in den 1960er Jahren zum National Historic Landmark erkl\u00e4rt. Heute gibt es in der Stadt drei Cable-Car-Linien.<\/p>\n<p>J\u00f6rn Fries, WKZ, Quelle AP, San Francisco fire department<\/p>\n","protected":false},"excerpt":{"rendered":"Fotos San Francisco fire department. Mehr als ein Dutzend Menschen wurden verletzt, als ein Cable Car in\u00a0San Francisco&hellip;\n","protected":false},"author":2,"featured_media":662773,"comment_status":"","ping_status":"","sticky":false,"template":"","format":"standard","meta":{"footnotes":""},"categories":[3977],"tags":[331,332,4031,4033,13,2776,2264,14,15,4032,12,2332,4017,4018,4016,64,4019,4020,601],"class_list":{"0":"post-662772","1":"post","2":"type-post","3":"status-publish","4":"format-standard","5":"has-post-thumbnail","7":"category-usa","8":"tag-aktuelle-nachrichten","9":"tag-aktuelle-news","10":"tag-eisenbahn","11":"tag-ferroviaire","12":"tag-headlines","13":"tag-logistik","14":"tag-museum","15":"tag-nachrichten","16":"tag-news","17":"tag-railways","18":"tag-schlagzeilen","19":"tag-transport","20":"tag-united-states","21":"tag-united-states-of-america","22":"tag-us","23":"tag-usa","24":"tag-vereinigte-staaten","25":"tag-vereinigte-staaten-von-amerika","26":"tag-verkehr"},"share_on_mastodon":{"url":"https:\/\/pubeurope.com\/@de\/115759229292822985","error":""},"_links":{"self":[{"href":"https:\/\/www.europesays.com\/de\/wp-json\/wp\/v2\/posts\/662772","targetHints":{"allow":["GET"]}}],"collection":[{"href":"https:\/\/www.europesays.com\/de\/wp-json\/wp\/v2\/posts"}],"about":[{"href":"https:\/\/www.europesays.com\/de\/wp-json\/wp\/v2\/types\/post"}],"author":[{"embeddable":true,"href":"https:\/\/www.europesays.com\/de\/wp-json\/wp\/v2\/users\/2"}],"replies":[{"embeddable":true,"href":"https:\/\/www.europesays.com\/de\/wp-json\/wp\/v2\/comments?post=662772"}],"version-history":[{"count":0,"href":"https:\/\/www.europesays.com\/de\/wp-json\/wp\/v2\/posts\/662772\/revisions"}],"wp:featuredmedia":[{"embeddable":true,"href":"https:\/\/www.europesays.com\/de\/wp-json\/wp\/v2\/media\/662773"}],"wp:attachment":[{"href":"https:\/\/www.europesays.com\/de\/wp-json\/wp\/v2\/media?parent=662772"}],"wp:term":[{"taxonomy":"category","embeddable":true,"href":"https:\/\/www.europesays.com\/de\/wp-json\/wp\/v2\/categories?post=662772"},{"taxonomy":"post_tag","embeddable":true,"href":"https:\/\/www.europesays.com\/de\/wp-json\/wp\/v2\/tags?post=662772"}],"curies":[{"name":"wp","href":"https:\/\/api.w.org\/{rel}","templated":true}]}}