{"id":66278,"date":"2025-04-27T20:33:11","date_gmt":"2025-04-27T20:33:11","guid":{"rendered":"https:\/\/www.europesays.com\/de\/66278\/"},"modified":"2025-04-27T20:33:11","modified_gmt":"2025-04-27T20:33:11","slug":"feuer-in-hamburger-fluechtlingsunterkunft-fuenf-verletzte-ndr-de-nachrichten","status":"publish","type":"post","link":"https:\/\/www.europesays.com\/de\/66278\/","title":{"rendered":"Feuer in Hamburger Fl\u00fcchtlingsunterkunft: F\u00fcnf Verletzte | NDR.de &#8211; Nachrichten"},"content":{"rendered":"<p>\nStand: 27.04.2025 21:28 Uhr\n<\/p>\n<p class=\"preface\">Die Hamburger Feuerwehr ist am Sonntagabend zu einem gr\u00f6\u00dferen Einsatz nach Langenhorn ausger\u00fcckt. Dort stand das Dach einer Wohnunterkunft f\u00fcr Gefl\u00fcchtete in Flammen.<\/p>\n<p>Betroffen war ein zweist\u00f6ckiges Geb\u00e4ude von F\u00f6rdern und Wohnen im Jugendparkweg. Als die ersten Feuerwehrleute am Einsatzort ankamen, zog dunkler Rauch aus dem Dach des Hauses.<\/p>\n<p>Probleme mit der Wasserversorgung<\/p>\n<p>Vor Ort hatte die Feuerwehr offenbar Probleme mit der Wasserversorgung &#8211; die sei zun\u00e4chst &#8222;schwierig&#8220; gewesen, hie\u00df es vom Lagedienst der Feuerwehr. Wegen der \u00f6rtlichen N\u00e4he r\u00fcckte auch die Flughafenfeuerwehr an &#8211; mit zus\u00e4tzlichem Wasser. Das sei wichtig gewesen, so die Feuerwehr.<\/p>\n<p>F\u00fcnf Menschen verletzt<\/p>\n<p>Rettungskr\u00e4fte brachten die Bewohnerinnen und Bewohner der Unterkunft in Sicherheit. Sie untersuchten insgesamt 25 Menschen. Vier von ihnen mussten behandelt werden, weil sie Rauchgas eingeatmet hatten. Eine Person kam verletzt ins Krankenhaus.<\/p>\n<p>Geb\u00e4ude unbewohnbar<\/p>\n<p>Nach gut einer Stunde war das Feuer gel\u00f6scht. Das Geb\u00e4ude im Jugendparkweg wurde durch das Feuer so stark besch\u00e4digt, dass es unbewohnbar ist. Die Bewohnerinnen und Bewohner wurden in anderen Geb\u00e4uden untergebracht. Wie genau das Feuer ausbrach, ermittelt nun die Polizei.<\/p>\n<p>Dieses Thema im Programm:<\/p>\n<p>NDR 90,3 |<br \/>\nNDR 90,3 Aktuell |<br \/>\n28.04.2025 | 06:00 Uhr<\/p>\n<p><img decoding=\"async\" src=\"https:\/\/www.europesays.com\/de\/wp-content\/uploads\/2025\/03\/ndr_printlogo.gif\" alt=\"NDR Logo\" title=\"NDR Logo\"\/><\/p>\n","protected":false},"excerpt":{"rendered":"Stand: 27.04.2025 21:28 Uhr Die Hamburger Feuerwehr ist am Sonntagabend zu einem gr\u00f6\u00dferen Einsatz nach Langenhorn ausger\u00fcckt. Dort&hellip;\n","protected":false},"author":2,"featured_media":66279,"comment_status":"","ping_status":"","sticky":false,"template":"","format":"standard","meta":{"footnotes":""},"categories":[1826],"tags":[29,441,30,692,29541,438,439,440,83,684],"class_list":{"0":"post-66278","1":"post","2":"type-post","3":"status-publish","4":"format-standard","5":"has-post-thumbnail","7":"category-hamburg","8":"tag-deutschland","9":"tag-fernsehen","10":"tag-germany","11":"tag-hamburg","12":"tag-hamburg-langenhorn-fluechtlingsunterkunft-feuer-brand","13":"tag-ndr","14":"tag-norddeutscher-rundfunk","15":"tag-norddeutschland","16":"tag-radio","17":"tag-tv"},"share_on_mastodon":{"url":"https:\/\/pubeurope.com\/@de\/114411838079152799","error":""},"_links":{"self":[{"href":"https:\/\/www.europesays.com\/de\/wp-json\/wp\/v2\/posts\/66278","targetHints":{"allow":["GET"]}}],"collection":[{"href":"https:\/\/www.europesays.com\/de\/wp-json\/wp\/v2\/posts"}],"about":[{"href":"https:\/\/www.europesays.com\/de\/wp-json\/wp\/v2\/types\/post"}],"author":[{"embeddable":true,"href":"https:\/\/www.europesays.com\/de\/wp-json\/wp\/v2\/users\/2"}],"replies":[{"embeddable":true,"href":"https:\/\/www.europesays.com\/de\/wp-json\/wp\/v2\/comments?post=66278"}],"version-history":[{"count":0,"href":"https:\/\/www.europesays.com\/de\/wp-json\/wp\/v2\/posts\/66278\/revisions"}],"wp:featuredmedia":[{"embeddable":true,"href":"https:\/\/www.europesays.com\/de\/wp-json\/wp\/v2\/media\/66279"}],"wp:attachment":[{"href":"https:\/\/www.europesays.com\/de\/wp-json\/wp\/v2\/media?parent=66278"}],"wp:term":[{"taxonomy":"category","embeddable":true,"href":"https:\/\/www.europesays.com\/de\/wp-json\/wp\/v2\/categories?post=66278"},{"taxonomy":"post_tag","embeddable":true,"href":"https:\/\/www.europesays.com\/de\/wp-json\/wp\/v2\/tags?post=66278"}],"curies":[{"name":"wp","href":"https:\/\/api.w.org\/{rel}","templated":true}]}}