{"id":662822,"date":"2025-12-21T20:05:17","date_gmt":"2025-12-21T20:05:17","guid":{"rendered":"https:\/\/www.europesays.com\/de\/662822\/"},"modified":"2025-12-21T20:05:17","modified_gmt":"2025-12-21T20:05:17","slug":"2228-fuer-den-tvb-stuttgart-gibt-es-im-letzten-heimspiel-nichts-zu-holen-tvb-stuttgart-news-aus-der-handball-bundesliga","status":"publish","type":"post","link":"https:\/\/www.europesays.com\/de\/662822\/","title":{"rendered":"22:28 \u2013 f\u00fcr den TVB Stuttgart gibt es im letzten Heimspiel nichts zu holen &#8211; TVB Stuttgart: News aus der Handball-Bundesliga"},"content":{"rendered":"<p><strong>Stuttgart.<\/strong> Im letzten Heimspiel in diesem Kalenderjahr hat es f\u00fcr den Handball-Erstligisten TVB Stuttgart nichts zu holen gegeben: Vor 6212 Zuschauern in der ausverkauften Porsche-Arena musste er sich dem starken VfL Gummersbach  mit 22:28 (11:15) beugen. Das Team von Trainer Misha Kaufmann biss sich an der Deckung des Tabellensechsten die Z\u00e4hne aus. Der beste Stuttgarter am Sonntagnachmittag stand im Kasten: Der Torh\u00fcter Mateusz Kornecki parierte 13 W\u00fcrfe in den 45 Minuten,<\/p>\n","protected":false},"excerpt":{"rendered":"Stuttgart. Im letzten Heimspiel in diesem Kalenderjahr hat es f\u00fcr den Handball-Erstligisten TVB Stuttgart nichts zu holen gegeben:&hellip;\n","protected":false},"author":2,"featured_media":662823,"comment_status":"","ping_status":"","sticky":false,"template":"","format":"standard","meta":{"footnotes":""},"categories":[1830],"tags":[1634,3364,29,30,1391,7403,51891,120540,74607,1441,7401],"class_list":{"0":"post-662822","1":"post","2":"type-post","3":"status-publish","4":"format-standard","5":"has-post-thumbnail","7":"category-stuttgart","8":"tag-baden-wuerttemberg","9":"tag-de","10":"tag-deutschland","11":"tag-germany","12":"tag-handball","13":"tag-handball-bundesliga","14":"tag-misha-kaufmann","15":"tag-rems-murr-handball","16":"tag-rems-murr-sport","17":"tag-stuttgart","18":"tag-tvb-stuttgart"},"share_on_mastodon":{"url":"https:\/\/pubeurope.com\/@de\/115759357914955797","error":""},"_links":{"self":[{"href":"https:\/\/www.europesays.com\/de\/wp-json\/wp\/v2\/posts\/662822","targetHints":{"allow":["GET"]}}],"collection":[{"href":"https:\/\/www.europesays.com\/de\/wp-json\/wp\/v2\/posts"}],"about":[{"href":"https:\/\/www.europesays.com\/de\/wp-json\/wp\/v2\/types\/post"}],"author":[{"embeddable":true,"href":"https:\/\/www.europesays.com\/de\/wp-json\/wp\/v2\/users\/2"}],"replies":[{"embeddable":true,"href":"https:\/\/www.europesays.com\/de\/wp-json\/wp\/v2\/comments?post=662822"}],"version-history":[{"count":0,"href":"https:\/\/www.europesays.com\/de\/wp-json\/wp\/v2\/posts\/662822\/revisions"}],"wp:featuredmedia":[{"embeddable":true,"href":"https:\/\/www.europesays.com\/de\/wp-json\/wp\/v2\/media\/662823"}],"wp:attachment":[{"href":"https:\/\/www.europesays.com\/de\/wp-json\/wp\/v2\/media?parent=662822"}],"wp:term":[{"taxonomy":"category","embeddable":true,"href":"https:\/\/www.europesays.com\/de\/wp-json\/wp\/v2\/categories?post=662822"},{"taxonomy":"post_tag","embeddable":true,"href":"https:\/\/www.europesays.com\/de\/wp-json\/wp\/v2\/tags?post=662822"}],"curies":[{"name":"wp","href":"https:\/\/api.w.org\/{rel}","templated":true}]}}