{"id":662853,"date":"2025-12-21T20:24:27","date_gmt":"2025-12-21T20:24:27","guid":{"rendered":"https:\/\/www.europesays.com\/de\/662853\/"},"modified":"2025-12-21T20:24:27","modified_gmt":"2025-12-21T20:24:27","slug":"er-ist-frisch-verliebt-und-es-fuehlt-sich-echt-an","status":"publish","type":"post","link":"https:\/\/www.europesays.com\/de\/662853\/","title":{"rendered":"Er ist frisch verliebt und es \u201ef\u00fchlt sich echt an\u201d"},"content":{"rendered":"<p>Seine Neue ist 20 Jahre j\u00fcnger\u201eF\u00fchlt sich echt an\u201d: Marc Terenzi frisch verliebt! <img alt=\"p678 vb k+ Marc Terenzi, Fashion Event - Playa de Palma\" fetchpriority=\"high\" width=\"940\" height=\"529\" decoding=\"async\" data-nimg=\"1\" class=\"Image_image__SdgLQ Picture_image__vGN9W\" style=\"color:transparent\"   src=\"https:\/\/www.europesays.com\/de\/wp-content\/uploads\/2025\/12\/p678-vb-kplus-marc-terenzi-fashion-event-playa-de-palma.webp.webp\"\/><\/p>\n<p>Marc Terenzi ist wieder verliebt! (Archivbild)<\/p>\n<p>www.imago-images.de, IMAGO\/nicepix.world, IMAGO<\/p>\n<p>21. Dezember 2025 um 17:11 Uhr<\/p>\n<p class=\"AnnotatedMarkup_paragraph__IUT9l\"><strong>Sie spielt Schach und Poker!<\/strong><br \/>\u00dcberraschung zum Jahresende! Marc Terenzi (47) ist seit Sommer wieder in festen H\u00e4nden. Im Interview mit der Bild schw\u00e4rmt er von seiner neuen Partnerin Priscilla, die wie er auf Mallorca lebt.<\/p>\n<p>Marc Terenzi ist seit 27. Juni mit Priscilla liiert<\/p>\n<p class=\"AnnotatedMarkup_paragraph__IUT9l\">Nach seiner turbulenten Beziehung mit <a href=\"https:\/\/www.rtl.de\/themen\/personen\/verena-kerth-t4415.html\" target=\"_blank\" rel=\"noopener\">Verena Kerth<\/a> (44) ist <a href=\"https:\/\/www.rtl.de\/themen\/personen\/marc-terenzi-t7585.html\" target=\"_blank\" rel=\"noopener\">Marc Terenzi<\/a> (47) wieder vergeben.<strong> \u201eWas mich selbst \u00fcberrascht hat &#8211; ich war \u00fcberhaupt nicht auf der Suche\u201d<\/strong>, verriet der Musiker im Interview mit der Bild<strong>.<\/strong> \u201eIch hatte mir sogar gesagt, ich bleibe erst mal allein.\u201d Doch dann begegnete er Model und Immobilienmaklerin Priscilla DiLaura (26).<\/p>\n<p class=\"AnnotatedMarkup_paragraph__IUT9l\"><strong>Lese-Tipp: <\/strong><a href=\"https:\/\/www.rtl.de\/unterhaltung\/stars\/summer-terenzi-sarah-conners-tochter-feiert-red-carpet-debuet-bei-youtube-awards-id30069776.html\" target=\"_self\" rel=\"noopener\">Ihre Eltern kennt ganz Deutschland! Promi-Tochter kaum wiederzuerkennen<\/a><\/p>\n<p class=\"AnnotatedMarkup_paragraph__IUT9l\">Laut Bild lernte sich das Paar im Mai kennen und ist seit Terenzis Geburtstag am 27. Juni in einer Beziehung. In dem Interview beschreibt Terenzi seine Partnerin als \u201eklug, elegant und unglaublich diszipliniert\u201d. <strong>Er k\u00f6nne bei ihr \u201eeinfach ich sein \u2013 auch mit meinen ADHS-Momenten. Sie versteht mich, ist geduldig und bringt mich runter.<\/strong>\u201d Es f\u00fchle sich \u201eehrlich und echt an\u201d.<\/p>\n<p>Video-Tipp: Emotionales Wiedersehen! Marc Terenzi ist wieder mit Sohn Brady (10) vereintAnzeige:<\/p>\n<p>Empfehlungen unserer Partner<\/p>\n<p>Priscilla: Marc ist ein \u201eabsoluter Traummann\u201d<\/p>\n<p class=\"AnnotatedMarkup_paragraph__IUT9l\">Terenzi, der im vergangenen Jahr wegen Alkoholproblemen in einer Berliner Suchtklinik war und einen Neustart auf Mallorca wagt, baue sich sein Leben gerade \u201eSchritt f\u00fcr Schritt neu auf. <strong>Mit ihr an meiner Seite kann ich mich auf das Wesentliche konzentrieren: Familie, Liebe, Musik, Karriere &#8211; und wirkliches Leben.<\/strong>\u201d<\/p>\n<p class=\"AnnotatedMarkup_paragraph__IUT9l\">Dabei will der S\u00e4nger auch vergangene Beziehungen hinter sich lassen und alles anders machen. \u201eIch lasse die Dinge einfach entstehen, ohne Druck und ohne Plan im Kopf.\u201d <strong>Ein gro\u00dfer Pluspunkt f\u00fcr ihn: Seine neue Freundin trinkt grunds\u00e4tzlich keinen Alkohol<\/strong>. \u201eDas passt perfekt zu dem Leben, das ich mir heute aufgebaut habe.\u201d<\/p>\n<p class=\"AnnotatedMarkup_paragraph__IUT9l\"><strong>Lese-Tipp: <\/strong><a href=\"https:\/\/www.rtl.de\/unterhaltung\/stars\/marc-terenzi-so-widersteht-er-sogar-am-ballermann-jeder-versuchung-id4332288.html\" target=\"_self\" rel=\"noopener\">Wie Marc Terenzi am Ballermann der Versuchung trotzt<\/a><\/p>\n<p><img alt=\"Ich bin ein Star - Holt mich hier raus!\" fetchpriority=\"auto\" loading=\"lazy\" width=\"615\" height=\"346\" decoding=\"async\" data-nimg=\"1\" class=\"Image_image__SdgLQ RtlPlusContent_image__Gbn0N\" style=\"color:transparent\"   src=\"https:\/\/www.europesays.com\/de\/wp-content\/uploads\/2025\/12\/1766348667_571_ich-bin-ein-star-holt-mich-hier-raus.webp.webp\"\/><\/p>\n<p class=\"AnnotatedMarkup_paragraph__IUT9l\">Und auch seine Partnerin hat nur Gutes \u00fcber ihn zu berichten. <strong>\u201eMarc ist ein echter Gentleman\u201d<\/strong>, erkl\u00e4rte sie der \u201eBild\u201d. Mit seinem Humor bringe er sie jeden Tag zum Lachen, \u201eund seine Kreativit\u00e4t sowie seine liebevolle Art machen ihn zu meinem absoluten Traummann\u201d. (spotonnews\/ajo)<\/p>\n<p class=\"AnnotatedMarkup_paragraph__IUT9l\">Verwendete Quellen: Spot On News<\/p>\n","protected":false},"excerpt":{"rendered":"Seine Neue ist 20 Jahre j\u00fcnger\u201eF\u00fchlt sich echt an\u201d: Marc Terenzi frisch verliebt! Marc Terenzi ist wieder verliebt!&hellip;\n","protected":false},"author":2,"featured_media":662854,"comment_status":"","ping_status":"","sticky":false,"template":"","format":"standard","meta":{"footnotes":""},"categories":[1772],"tags":[6789,1619,1801,29,154723,143739,214,30,12196,143737,8321,474,13269,1779,810,143738,5276,2045,12,5275,215,49919,143736],"class_list":{"0":"post-662853","1":"post","2":"type-post","3":"status-publish","4":"format-standard","5":"has-post-thumbnail","7":"category-musik","8":"tag-alkohol","9":"tag-beziehung","10":"tag-celebrities","11":"tag-deutschland","12":"tag-dschungelcamp-2017","13":"tag-ems_unterhaltung_stars","14":"tag-entertainment","15":"tag-germany","16":"tag-ich-bin-ein-star-holt-mich-hier-raus","17":"tag-klatsch-und-tratsch","18":"tag-liebe","19":"tag-mallorca","20":"tag-marc-terenzi","21":"tag-music","22":"tag-musik","23":"tag-promi-news-aktuell","24":"tag-promi-news","25":"tag-promis","26":"tag-schlagzeilen","27":"tag-star-news","28":"tag-unterhaltung","29":"tag-verena-kerth","30":"tag-vip-news"},"share_on_mastodon":{"url":"https:\/\/pubeurope.com\/@de\/115759433649761794","error":""},"_links":{"self":[{"href":"https:\/\/www.europesays.com\/de\/wp-json\/wp\/v2\/posts\/662853","targetHints":{"allow":["GET"]}}],"collection":[{"href":"https:\/\/www.europesays.com\/de\/wp-json\/wp\/v2\/posts"}],"about":[{"href":"https:\/\/www.europesays.com\/de\/wp-json\/wp\/v2\/types\/post"}],"author":[{"embeddable":true,"href":"https:\/\/www.europesays.com\/de\/wp-json\/wp\/v2\/users\/2"}],"replies":[{"embeddable":true,"href":"https:\/\/www.europesays.com\/de\/wp-json\/wp\/v2\/comments?post=662853"}],"version-history":[{"count":0,"href":"https:\/\/www.europesays.com\/de\/wp-json\/wp\/v2\/posts\/662853\/revisions"}],"wp:featuredmedia":[{"embeddable":true,"href":"https:\/\/www.europesays.com\/de\/wp-json\/wp\/v2\/media\/662854"}],"wp:attachment":[{"href":"https:\/\/www.europesays.com\/de\/wp-json\/wp\/v2\/media?parent=662853"}],"wp:term":[{"taxonomy":"category","embeddable":true,"href":"https:\/\/www.europesays.com\/de\/wp-json\/wp\/v2\/categories?post=662853"},{"taxonomy":"post_tag","embeddable":true,"href":"https:\/\/www.europesays.com\/de\/wp-json\/wp\/v2\/tags?post=662853"}],"curies":[{"name":"wp","href":"https:\/\/api.w.org\/{rel}","templated":true}]}}