{"id":662867,"date":"2025-12-21T20:31:18","date_gmt":"2025-12-21T20:31:18","guid":{"rendered":"https:\/\/www.europesays.com\/de\/662867\/"},"modified":"2025-12-21T20:31:18","modified_gmt":"2025-12-21T20:31:18","slug":"mercosur-abkommen-steht-auf-der-kippe-grimm-scheitern-haette-katastrophale-folgen-politik","status":"publish","type":"post","link":"https:\/\/www.europesays.com\/de\/662867\/","title":{"rendered":"Mercosur-Abkommen steht auf der Kippe \u2013 Grimm: Scheitern h\u00e4tte \u201ekatastrophale Folgen\u201c | Politik"},"content":{"rendered":"<p>Br\u00fcssel (Belgien) \u2013 <b>Nach mehr als einem Vierteljahrhundert Verhandlungen droht das Mercosur-Freihandelsabkommen zwischen der EU und s\u00fcdamerikanischen Staaten zu scheitern.<\/b><\/p>\n<p><a href=\"https:\/\/www.bild.de\/politik\/unterzeichnung-erst-im-januar-von-der-leyen-verschiebt-mercosur-abkommen-69445a0bf6fc544dba9accb5\" rel=\"nofollow noopener\" class=\"text-link\" target=\"_blank\">Am Donnerstagabend einigten sich die EU-Staats- und Regierungschefs darauf, die geplante Unterzeichnung des Abkommens auf Januar zu verschieben<\/a>. Ausschlaggebend: Widerstand von Frankreichs Pr\u00e4sident Emmanuel Macron (48) und Italiens Ministerpr\u00e4sidentin Giorgia Meloni\u00a0(48). Sie verweigerten eine sofortige Unterzeichnung wegen innenpolitischen Widerstands in den beiden L\u00e4ndern. Bundeskanzler Friedrich Merz (70, CDU), der noch auf eine Entscheidung in dieser Woche gedr\u00e4ngt hatte, blieb damit erfolglos.<\/p>\n<p>Kern des Widerstands sind vor allem die Bef\u00fcrchtungen europ\u00e4ischer Landwirte vor zus\u00e4tzlicher Konkurrenz aus Lateinamerika, etwa bei Rindfleisch und Milchprodukten. Fachleute bewerten diese Sorgen jedoch als \u00fcberzogen. Das Abkommen enth\u00e4lt zahlreiche Sicherungsmechanismen \u2013 von begrenzten Importquoten \u00fcber lange \u00dcbergangsfristen bis zu finanziellen Ausgleichsma\u00dfnahmen.<\/p>\n<p>Das Abkommen zwischen der EU und den Mercosur-Staaten Brasilien, Argentinien, Uruguay und Paraguay sowie dem beitretenden Bolivien w\u00fcrde eine Mega-Freihandelszone mit mehr als 720 Millionen Menschen schaffen. Sie st\u00fcnde f\u00fcr rund ein F\u00fcnftel der globalen Wirtschaftsleistung und \u00fcber 31 Prozent der weltweiten Warenexporte. Der Name Mercosur leitet sich von \u201eMercado Com\u00fan del Sur\u201c (Gemeinsamer Markt des S\u00fcdens) ab.<\/p>\n<p>Ein Scheitern h\u00e4tte \u201ekatastrophale Folgen\u201c<\/p>\n<p>Die \u00d6konomin und Wirtschaftsweise Prof. Veronika Grimm (54, TU N\u00fcrnberg) warnt in BILD vor den verheerenden Folgen, sollte das Abkommen nun scheitern. \u201eOhne Freihandel w\u00e4chst der Druck auf die deutsche und europ\u00e4ische Wirtschaft weiter\u201c, erkl\u00e4rt sie gegen\u00fcber BILD. Mehr Wettbewerb f\u00fcr einzelne Branchen rechtfertige nicht das Scheitern eines wirtschaftlich essenziellen Projekts, so die Expertin. Grimm warnt: \u201eWenn die EU diesen Deal jetzt nicht \u00fcber die B\u00fchne bringt, drohen katastrophale Folgen.\u201c<\/p>\n<p><img decoding=\"async\" width=\"992\" height=\"558\" alt=\"\u00d6konomin und Wirtschaftsweise Prof. Veronika Grimm (54, TU N\u00fcrnberg) spricht sich deutlich f\u00fcr das Freihandelsabkommen zwischen der EU und den Mercosur-Staaten aus\" src=\"https:\/\/www.europesays.com\/de\/wp-content\/uploads\/2025\/12\/84d324e77da5117ab453ba39f430657e,ae2a2cc5\"   class=\"landscape\" loading=\"lazy\"\/><\/p>\n<p class=\"fig__caption__text\">\u00d6konomin und Wirtschaftsweise Prof. Veronika Grimm (54, TU N\u00fcrnberg) spricht sich deutlich f\u00fcr das Freihandelsabkommen zwischen der EU und den Mercosur-Staaten aus <\/p>\n<p>Foto: IMAGO\/IPON<\/p>\n<p>Deal muss gelingen, \u201esonst schaufeln wir uns hier unser eigenes Grab\u201c<\/p>\n<p>Das Abkommen w\u00fcrde hohe Z\u00f6lle abbauen und neue M\u00e4rkte \u00f6ffnen. Grimm sieht darin eine zentrale Chance f\u00fcr die deutsche Exportindustrie \u2013 insbesondere in einer Phase, in der wichtige Absatzm\u00e4rkte wie China und die USA zunehmend wegbrechen. \u201eWir sind dringend darauf angewiesen, den Handel mit den Mercosur-Staaten zu intensivieren\u201c, sagt Grimm.<\/p>\n<p>Profitieren w\u00fcrden vor allem die Automobil- und Maschinenbauindustrie, sowie die Pharma- und Chemiebranche. Aber auch europ\u00e4ische Landwirte h\u00e4tten Vorteile: Wein, K\u00e4se, Bier oder verarbeitete Lebensmittel aus der EU k\u00f6nnten deutlich g\u00fcnstiger nach S\u00fcdamerika exportiert werden.<\/p>\n<p>Grimm appelliert daher an die Staats- und Regierungschefs der EU, die politische Blockade aufzugeben und das Abkommen z\u00fcgig zu verabschieden. \u201eWir d\u00fcrfen diesen Deal nicht riskieren\u201c, warnt sie. \u201eSonst schaufeln wir uns hier unser eigenes Grab.\u201c<\/p>\n<p>Mehr zum Thema<\/p>\n<p><b>Zur Person<\/b><\/p>\n<p><b>Prof. Veronika Grimm<\/b> z\u00e4hlt zu den wichtigsten Wirtschaftsexpertinnen Deutschlands. Sie lehrt Volkswirtschaft an der TU N\u00fcrnberg (Spezialgebiet: Energie) und ist Aufsichtsr\u00e4tin von Siemens Energy. Seit 2020 ist sie eines von f\u00fcnf Mitgliedern im Sachverst\u00e4ndigenrat zur Begutachtung der gesamtwirtschaftlichen Entwicklung, den sogenannten Wirtschaftsweisen.<\/p>\n","protected":false},"excerpt":{"rendered":"Br\u00fcssel (Belgien) \u2013 Nach mehr als einem Vierteljahrhundert Verhandlungen droht das Mercosur-Freihandelsabkommen zwischen der EU und s\u00fcdamerikanischen Staaten&hellip;\n","protected":false},"author":2,"featured_media":662868,"comment_status":"","ping_status":"","sticky":false,"template":"","format":"standard","meta":{"footnotes":""},"categories":[3],"tags":[5697,109459,1356,158,614,13,10318,76235,14,15,12,45,10,8,9,11,10316,103,104,211],"class_list":{"0":"post-662867","1":"post","2":"type-post","3":"status-publish","4":"format-standard","5":"has-post-thumbnail","7":"category-welt","8":"tag-brasilien","9":"tag-da-silva-luiz-inacio-lula","10":"tag-emmanuel-macron","11":"tag-europaeische-union","12":"tag-freihandelsabkommen","13":"tag-headlines","14":"tag-meloni-giorgia","15":"tag-mercosur","16":"tag-nachrichten","17":"tag-news","18":"tag-schlagzeilen","19":"tag-texttospeech","20":"tag-top-news","21":"tag-top-meldungen","22":"tag-topmeldungen","23":"tag-topnews","24":"tag-von-der-leyen-ursula","25":"tag-welt","26":"tag-world","27":"tag-zoelle"},"share_on_mastodon":{"url":"https:\/\/pubeurope.com\/@de\/115759461340590862","error":""},"_links":{"self":[{"href":"https:\/\/www.europesays.com\/de\/wp-json\/wp\/v2\/posts\/662867","targetHints":{"allow":["GET"]}}],"collection":[{"href":"https:\/\/www.europesays.com\/de\/wp-json\/wp\/v2\/posts"}],"about":[{"href":"https:\/\/www.europesays.com\/de\/wp-json\/wp\/v2\/types\/post"}],"author":[{"embeddable":true,"href":"https:\/\/www.europesays.com\/de\/wp-json\/wp\/v2\/users\/2"}],"replies":[{"embeddable":true,"href":"https:\/\/www.europesays.com\/de\/wp-json\/wp\/v2\/comments?post=662867"}],"version-history":[{"count":0,"href":"https:\/\/www.europesays.com\/de\/wp-json\/wp\/v2\/posts\/662867\/revisions"}],"wp:featuredmedia":[{"embeddable":true,"href":"https:\/\/www.europesays.com\/de\/wp-json\/wp\/v2\/media\/662868"}],"wp:attachment":[{"href":"https:\/\/www.europesays.com\/de\/wp-json\/wp\/v2\/media?parent=662867"}],"wp:term":[{"taxonomy":"category","embeddable":true,"href":"https:\/\/www.europesays.com\/de\/wp-json\/wp\/v2\/categories?post=662867"},{"taxonomy":"post_tag","embeddable":true,"href":"https:\/\/www.europesays.com\/de\/wp-json\/wp\/v2\/tags?post=662867"}],"curies":[{"name":"wp","href":"https:\/\/api.w.org\/{rel}","templated":true}]}}