{"id":662875,"date":"2025-12-21T20:35:41","date_gmt":"2025-12-21T20:35:41","guid":{"rendered":"https:\/\/www.europesays.com\/de\/662875\/"},"modified":"2025-12-21T20:35:41","modified_gmt":"2025-12-21T20:35:41","slug":"tsv-havelse-und-alemannia-aachen-trennen-sich-im-kellerduell-remis","status":"publish","type":"post","link":"https:\/\/www.europesays.com\/de\/662875\/","title":{"rendered":"TSV Havelse und Alemannia Aachen trennen sich im Kellerduell remis"},"content":{"rendered":"<p>\n                Stand: 21.12.2025 17:07 Uhr<\/p>\n<p class=\"preface\">Gut 85 Minuten lang herrschte Fu\u00dfball-Magerkost beim Drittliga-Kellerduell zwischen dem TSV Havelse und Alemannia Aachen. Doch dann gab es zwei sp\u00e4te Treffer &#8211; und die Partie zum Hinrundenabschluss endete 1:1 (0:0).<\/p>\n<p class=\"\">Nach z\u00e4hen 86 Minuten schien Havelses Marko Ilic der Lucky Punch am Sonntag gelungen zu sein. Aus knapp 25 Metern schlenzte er den Ball unhaltbar in den rechten Winkel &#8211; ein Traumtor und der dritte Saisontreffer des St\u00fcrmers. Doch Aachen schlug postwendend zur\u00fcck. Der auff\u00e4llige Lars Gindorf steckte im Strafraum zum gerade eingewechselten Kwasi Wriedt durch, der trocken vollstreckte &#8211; das 1:1 und der Endstand.<\/p>\n<p>        <img decoding=\"async\" src=\"https:\/\/www.europesays.com\/de\/wp-content\/uploads\/2025\/12\/1766349340_505_tabelle192.webp\" alt=\"Eine Fu\u00dfballtabelle vor eine Fu\u00dfballmotiv\" title=\"Eine Fu\u00dfballtabelle vor eine Fu\u00dfballmotiv | Colourbox, Taweesak Jarearnsin\" class=\"responsive\" loading=\"lazy\"\/><\/p>\n<p>Ergebnisse, Tabellenst\u00e4nde und die Spieltage im \u00dcberblick.<\/p>\n<p class=\"\">Ein spektakul\u00e4res Ende eines zuvor spielerisch \u00e4u\u00dferst mageren Kellerduells. Denn alles in allem war es alles andere als Feinkost-Fu\u00dfball, den die Zuschauer geboten bekamen. Viele Ungenauigkeiten und schnelle Ballverluste auf beiden Seiten pr\u00e4gten die Begegnung, der schlimm aufgew\u00fchlte und l\u00f6chrige Rasen im Eilenriedestadion in Hannover tat sein \u00dcbriges &#8211; Ballkontrolle und Passspiel litten sp\u00fcrbar.<\/p>\n<p class=\"\">Die Niedersachsen, die ebenso wie ihr Kontrahent k\u00e4mpferisch \u00fcberzeugten, k\u00f6nnen aber optimistisch in das Jahr 2026 starten: Sportlich zeigte die Formkurve zuletzt nach oben. Zwar belegt der Aufsteiger weiterhin einen Abstiegsplatz, doch neun Punkte aus den vergangenen sechs Spielen machen Mut.<\/p>\n<p>19. Spieltag, 21.12.2025 13:30 Uhr<\/p>\n<p>                    <img decoding=\"async\" alt=\"\" aria-hidden=\"true\" class=\"steno-team-emblem\" src=\"https:\/\/images.ndr.de\/image\/b68216fb-e27d-4af5-80fa-2a570ec6a589\/AAABlbLe-Pk\/AAABmyZDc0k\/original\/wappen336.svg\"\/><\/p>\n<p>Opitz &#8211; Minz, Belkahia, Kolgeci &#8211; Sommer (90.+4 F. Riedel), Berger, Ilic &#8211; D\u00fcker, Boujellab &#8211; Posselt (82. Paldino), R. M\u00fcller (69. Rexhepi)<\/p>\n<p>1<\/p>\n<p>                    <img decoding=\"async\" alt=\"\" aria-hidden=\"true\" class=\"steno-team-emblem\" src=\"https:\/\/www.europesays.com\/de\/wp-content\/uploads\/2025\/12\/wappen4174.png\"\/><\/p>\n<p>Olschowsky &#8211; Nadjombe, da Silva Kiala, Meyer, Strujic &#8211; Ademi, Wiebe &#8211; Gaudino (82. Wriedt), Gindorf, Bahn (67. M. Loune) &#8211; Schroers (90.+2 Castelle)<\/p>\n<p>1<\/p>\n<p>                Tore<\/p>\n<ul class=\"steno-facts-list\" aria-label=\"Liste der im Spiel erzielten Treffer\">\n<li><strong>1:0<\/strong> Ilic (86.)<\/li>\n<li><strong>1:1<\/strong> Wriedt (87.)<\/li>\n<\/ul>\n<p>        <a class=\"button\" href=\"https:\/\/www.ndr.de\/sport\/ergebnisse\/spielstatistik-1660.html\" rel=\"nofollow noopener\" target=\"_blank\">Weitere Daten zum Spiel<\/a><\/p>\n<p>Dieses Thema im Programm:<\/p>\n<p>                NDR 1 Niedersachsen | Sport Aktuell | 21.12.2025 | 17:00 Uhr<\/p>\n","protected":false},"excerpt":{"rendered":"Stand: 21.12.2025 17:07 Uhr Gut 85 Minuten lang herrschte Fu\u00dfball-Magerkost beim Drittliga-Kellerduell zwischen dem TSV Havelse und Alemannia&hellip;\n","protected":false},"author":2,"featured_media":662876,"comment_status":"","ping_status":"","sticky":false,"template":"","format":"standard","meta":{"footnotes":""},"categories":[1853],"tags":[995,1424,3364,29,548,663,3934,347,30,49209,13,14,15,1552,1209,12,27050],"class_list":{"0":"post-662875","1":"post","2":"type-post","3":"status-publish","4":"format-standard","5":"has-post-thumbnail","7":"category-aachen","8":"tag-3-liga","9":"tag-aachen","10":"tag-de","11":"tag-deutschland","12":"tag-eu","13":"tag-europa","14":"tag-europe","15":"tag-fussball","16":"tag-germany","17":"tag-havelse","18":"tag-headlines","19":"tag-nachrichten","20":"tag-news","21":"tag-newsticker","22":"tag-nordrhein-westfalen","23":"tag-schlagzeilen","24":"tag-tsv-havelse"},"share_on_mastodon":{"url":"https:\/\/pubeurope.com\/@de\/115759476173743423","error":""},"_links":{"self":[{"href":"https:\/\/www.europesays.com\/de\/wp-json\/wp\/v2\/posts\/662875","targetHints":{"allow":["GET"]}}],"collection":[{"href":"https:\/\/www.europesays.com\/de\/wp-json\/wp\/v2\/posts"}],"about":[{"href":"https:\/\/www.europesays.com\/de\/wp-json\/wp\/v2\/types\/post"}],"author":[{"embeddable":true,"href":"https:\/\/www.europesays.com\/de\/wp-json\/wp\/v2\/users\/2"}],"replies":[{"embeddable":true,"href":"https:\/\/www.europesays.com\/de\/wp-json\/wp\/v2\/comments?post=662875"}],"version-history":[{"count":0,"href":"https:\/\/www.europesays.com\/de\/wp-json\/wp\/v2\/posts\/662875\/revisions"}],"wp:featuredmedia":[{"embeddable":true,"href":"https:\/\/www.europesays.com\/de\/wp-json\/wp\/v2\/media\/662876"}],"wp:attachment":[{"href":"https:\/\/www.europesays.com\/de\/wp-json\/wp\/v2\/media?parent=662875"}],"wp:term":[{"taxonomy":"category","embeddable":true,"href":"https:\/\/www.europesays.com\/de\/wp-json\/wp\/v2\/categories?post=662875"},{"taxonomy":"post_tag","embeddable":true,"href":"https:\/\/www.europesays.com\/de\/wp-json\/wp\/v2\/tags?post=662875"}],"curies":[{"name":"wp","href":"https:\/\/api.w.org\/{rel}","templated":true}]}}