{"id":662877,"date":"2025-12-21T20:37:34","date_gmt":"2025-12-21T20:37:34","guid":{"rendered":"https:\/\/www.europesays.com\/de\/662877\/"},"modified":"2025-12-21T20:37:34","modified_gmt":"2025-12-21T20:37:34","slug":"dynamo-dresden-verliert-in-kiel-und-bleibt-letzter","status":"publish","type":"post","link":"https:\/\/www.europesays.com\/de\/662877\/","title":{"rendered":"Dynamo Dresden verliert in Kiel \u2013 und bleibt Letzter"},"content":{"rendered":"<p>Abstiegskampf in der 2. Bundesliga <\/p>\n<p>Dresden patzt \u2013 Fans schie\u00dfen Raketen aufs Spielfeld<\/p>\n<p>Aktualisiert am 20.12.2025 &#8211; 22:32 UhrLesedauer: 1 Min.<\/p>\n<p><a href=\"#focus-0\" class=\"transition-colors duration-200 block text-current relative\" data-sctrack=\"FocusGalleryImage.Reference\"><img fetchpriority=\"high\" data-testid=\"Opener.Image\" style=\"--lqipURL:url('https:\/\/images.t-online.de\/2025\/12\/94H9f7j2jn88\/0x107:2048x1152\/fit-in\/150x0\/filters:blur(25)\/fans-von-dynamo-dresden-brennen-pyrotchenik-ab-und-werfen-feuerwerkskoerper-auf-den-rasen.jpg')\"   loading=\"eager\" src=\"https:\/\/www.europesays.com\/de\/wp-content\/uploads\/2025\/12\/fans-von-dynamo-dresden-brennen-pyrotchenik-ab-und-werfen-feuerwerkskoerper-auf-den-rasen.jpg\" alt=\"Fans von Dynamo Dresden brennen Pyrotchenik ab und werfen Feuerwerksk\u00f6rper auf den Rasen.\" title=\"Fans von Dynamo Dresden brennen Pyrotchenik ab und werfen Feuerwerksk\u00f6rper auf den Rasen.\" width=\"2048\" height=\"1152\" class=\"bg-[url:var(--lqipURL)] bg-cover bg-center flex h-full w-full max-w-full\" decoding=\"async\"\/><img style=\"--width:32;--height:32\" loading=\"lazy\" src=\"https:\/\/www.t-online.de\/s\/paper\/_next\/static\/media\/zoom-in.f7dae02f.svg\" alt=\"Vergr\u00f6\u00dfern des Bildes\" title=\"Vergr\u00f6\u00dfern des Bildes\" class=\"block h-[calc(var(--height)_\/_16_*_1rem)] w-[calc(var(--width)_\/_16_*_1rem)] max-w-none absolute bottom-8 right-8 rounded-4 bg-snow p-8\" decoding=\"async\"\/><\/a><\/p>\n<p>Fans von Dynamo Dresden brennen Pyrotchenik ab und werfen Feuerwerksk\u00f6rper auf den Rasen. (Quelle: Michael Hundt)<\/p>\n<p class=\"font-bold text-18 leading-17\">Dynamo Dresden wollte mit einem Sieg die rote Laterne der 2. Bundesliga abgeben. Doch daraus wurde nichts.<\/p>\n<p class=\"text-18 leading-17\"><a class=\"transition-colors duration-200 cursor-pointer text-inherit no-underline text-salemsfur md:hover:text-magenta md:hover:border-magenta md:focus:text-magenta border-current border-b border-solid break-words\" href=\"https:\/\/www.t-online.de\/themen\/holstein-kiel\/\" data-sctrack=\"BodyAnchor\" rel=\"nofollow noopener\" target=\"_blank\">Holstein Kiel<\/a> hat das letzte Samstagabendspiel der 2. Bundesliga im Jahr 2025 gewonnen. Gegen <a class=\"transition-colors duration-200 cursor-pointer text-inherit no-underline text-salemsfur md:hover:text-magenta md:hover:border-magenta md:focus:text-magenta border-current border-b border-solid break-words\" href=\"https:\/\/www.t-online.de\/themen\/dynamo-dresden\/\" data-sctrack=\"BodyAnchor\" rel=\"nofollow noopener\" target=\"_blank\">Dynamo Dresden<\/a> holten die &#8222;St\u00f6rche&#8220; einen 2:1-Heimsieg. Dabei lag Holstein nach nur zw\u00f6lf Minuten durch zur\u00fcck.<\/p>\n<p class=\"text-18 leading-17\">Kiels Trainer Marcel Rapp hatte vor der Partie ein klares Ziel formuliert: &#8222;Wir wollen mit 20 Punkten in die Pause gehen.&#8220; Das sollte gelingen. Zwar brachte Vincent Vermeij (12.) die G\u00e4ste per Kopf zun\u00e4chst in F\u00fchrung, doch Kiels Phil Harres (29.) glich nach einem Ballverlust von Luca Herrmann an der Mittellinie aus. Ivan Neki\u0107 (51.) setzte sich nach einer Ecke ebenfalls per Kopf durch und drehte die Partie. In der Folge blieb das Spiel weitgehend ohne H\u00f6hepunkte und nennenswerte Torchancen.<\/p>\n<p class=\"text-18 leading-17\">Nach dem F\u00fchrungstreffer der Kieler schossen Dynamo-Ultras Raketen auf das Spielfeld, woraufhin die Partie f\u00fcr mehrere Minuten unterbrochen werden musste.<\/p>\n<p class=\"text-18 leading-17\">F\u00fcr Dynamo bedeutet die Niederlage, dass die Sachsen das Jahr 2025 auf Rang 18 beenden werden. Mit einem Sieg w\u00e4re Dresden an F\u00fcrth vorbeigezogen.<\/p>\n","protected":false},"excerpt":{"rendered":"Abstiegskampf in der 2. Bundesliga Dresden patzt \u2013 Fans schie\u00dfen Raketen aufs Spielfeld Aktualisiert am 20.12.2025 &#8211; 22:32&hellip;\n","protected":false},"author":2,"featured_media":662878,"comment_status":"","ping_status":"","sticky":false,"template":"","format":"standard","meta":{"footnotes":""},"categories":[1852],"tags":[300,3364,29,2386,3766,548,663,3934,23227,30,13,29068,10243,34579,4949,14,15,14701,12,1971],"class_list":{"0":"post-662877","1":"post","2":"type-post","3":"status-publish","4":"format-standard","5":"has-post-thumbnail","7":"category-kiel","8":"tag-abstiegskampf","9":"tag-de","10":"tag-deutschland","11":"tag-dresden","12":"tag-dynamo-dresden","13":"tag-eu","14":"tag-europa","15":"tag-europe","16":"tag-feuerwerkskoerper","17":"tag-germany","18":"tag-headlines","19":"tag-holstein","20":"tag-holstein-kiel","21":"tag-jakob-lemmer","22":"tag-kiel","23":"tag-nachrichten","24":"tag-news","25":"tag-rasen","26":"tag-schlagzeilen","27":"tag-schleswig-holstein"},"share_on_mastodon":{"url":"https:\/\/pubeurope.com\/@de\/115759484975141380","error":""},"_links":{"self":[{"href":"https:\/\/www.europesays.com\/de\/wp-json\/wp\/v2\/posts\/662877","targetHints":{"allow":["GET"]}}],"collection":[{"href":"https:\/\/www.europesays.com\/de\/wp-json\/wp\/v2\/posts"}],"about":[{"href":"https:\/\/www.europesays.com\/de\/wp-json\/wp\/v2\/types\/post"}],"author":[{"embeddable":true,"href":"https:\/\/www.europesays.com\/de\/wp-json\/wp\/v2\/users\/2"}],"replies":[{"embeddable":true,"href":"https:\/\/www.europesays.com\/de\/wp-json\/wp\/v2\/comments?post=662877"}],"version-history":[{"count":0,"href":"https:\/\/www.europesays.com\/de\/wp-json\/wp\/v2\/posts\/662877\/revisions"}],"wp:featuredmedia":[{"embeddable":true,"href":"https:\/\/www.europesays.com\/de\/wp-json\/wp\/v2\/media\/662878"}],"wp:attachment":[{"href":"https:\/\/www.europesays.com\/de\/wp-json\/wp\/v2\/media?parent=662877"}],"wp:term":[{"taxonomy":"category","embeddable":true,"href":"https:\/\/www.europesays.com\/de\/wp-json\/wp\/v2\/categories?post=662877"},{"taxonomy":"post_tag","embeddable":true,"href":"https:\/\/www.europesays.com\/de\/wp-json\/wp\/v2\/tags?post=662877"}],"curies":[{"name":"wp","href":"https:\/\/api.w.org\/{rel}","templated":true}]}}