{"id":662881,"date":"2025-12-21T20:39:19","date_gmt":"2025-12-21T20:39:19","guid":{"rendered":"https:\/\/www.europesays.com\/de\/662881\/"},"modified":"2025-12-21T20:39:19","modified_gmt":"2025-12-21T20:39:19","slug":"basketball-loewen-braunschweig-vs-ewe-baskets-oldeburg-highlights-im-video-bbl-basketball-bundesliga-video","status":"publish","type":"post","link":"https:\/\/www.europesays.com\/de\/662881\/","title":{"rendered":"Basketball: L\u00f6wen Braunschweig vs. EWE Baskets Oldeburg \u2013 Highlights im Video | BBL, Basketball-Bundesliga &#8211; Video"},"content":{"rendered":"<p>Artikeltyp:VideoBasketball-Bundesliga<\/p>\n<p>Braunschweig blamiert sich gegen Schlusslicht Oldenburg \u2013 Die Highlights im VideoStand: 20:27 UhrDauer: 6 Minuten<img src=\"https:\/\/www.europesays.com\/de\/wp-content\/uploads\/2025\/12\/brunacshweig-oldenburg-png.jpeg\" class=\"c-picture__image\" alt=\"\" loading=\"eager\" decoding=\"sync\" fetchpriority=\"high\"\/><\/p>\n<p>Die Baskets Oldenburg feiern ihren zweiten Saisonsieg. Bei v\u00f6llig \u00fcberforderten Braunschweigern f\u00e4hrt das Schlusslicht einen Kantersieg ein. Sehen Sie die Highlights der Partie hier im Video.<\/p>\n<p>\u00a9 Axel Springer Deutschland GmbH. Alle Rechte vorbehalten.<\/p>\n","protected":false},"excerpt":{"rendered":"Artikeltyp:VideoBasketball-Bundesliga Braunschweig blamiert sich gegen Schlusslicht Oldenburg \u2013 Die Highlights im VideoStand: 20:27 UhrDauer: 6 Minuten Die Baskets&hellip;\n","protected":false},"author":2,"featured_media":662882,"comment_status":"","ping_status":"","sticky":false,"template":"","format":"standard","meta":{"footnotes":""},"categories":[1850],"tags":[10109,6429,3364,29,7746,548,663,3934,30,13,14,15,1411,12],"class_list":{"0":"post-662881","1":"post","2":"type-post","3":"status-publish","4":"format-standard","5":"has-post-thumbnail","7":"category-braunschweig","8":"tag-bbl-basketball-bundesliga","9":"tag-braunschweig","10":"tag-de","11":"tag-deutschland","12":"tag-dyn-sport-streaming","13":"tag-eu","14":"tag-europa","15":"tag-europe","16":"tag-germany","17":"tag-headlines","18":"tag-nachrichten","19":"tag-news","20":"tag-niedersachsen","21":"tag-schlagzeilen"},"share_on_mastodon":{"url":"https:\/\/pubeurope.com\/@de\/115759491774531349","error":""},"_links":{"self":[{"href":"https:\/\/www.europesays.com\/de\/wp-json\/wp\/v2\/posts\/662881","targetHints":{"allow":["GET"]}}],"collection":[{"href":"https:\/\/www.europesays.com\/de\/wp-json\/wp\/v2\/posts"}],"about":[{"href":"https:\/\/www.europesays.com\/de\/wp-json\/wp\/v2\/types\/post"}],"author":[{"embeddable":true,"href":"https:\/\/www.europesays.com\/de\/wp-json\/wp\/v2\/users\/2"}],"replies":[{"embeddable":true,"href":"https:\/\/www.europesays.com\/de\/wp-json\/wp\/v2\/comments?post=662881"}],"version-history":[{"count":0,"href":"https:\/\/www.europesays.com\/de\/wp-json\/wp\/v2\/posts\/662881\/revisions"}],"wp:featuredmedia":[{"embeddable":true,"href":"https:\/\/www.europesays.com\/de\/wp-json\/wp\/v2\/media\/662882"}],"wp:attachment":[{"href":"https:\/\/www.europesays.com\/de\/wp-json\/wp\/v2\/media?parent=662881"}],"wp:term":[{"taxonomy":"category","embeddable":true,"href":"https:\/\/www.europesays.com\/de\/wp-json\/wp\/v2\/categories?post=662881"},{"taxonomy":"post_tag","embeddable":true,"href":"https:\/\/www.europesays.com\/de\/wp-json\/wp\/v2\/tags?post=662881"}],"curies":[{"name":"wp","href":"https:\/\/api.w.org\/{rel}","templated":true}]}}