{"id":662921,"date":"2025-12-21T21:04:24","date_gmt":"2025-12-21T21:04:24","guid":{"rendered":"https:\/\/www.europesays.com\/de\/662921\/"},"modified":"2025-12-21T21:04:24","modified_gmt":"2025-12-21T21:04:24","slug":"ohne-neuer-kimmich-und-probleme-fc-bayern-zerpflueckt-heidenheim-und-laesst-16-jaehrigen-debuetieren","status":"publish","type":"post","link":"https:\/\/www.europesays.com\/de\/662921\/","title":{"rendered":"Ohne Neuer, Kimmich und Probleme: FC Bayern zerpfl\u00fcckt Heidenheim und l\u00e4sst 16-J\u00e4hrigen deb\u00fctieren"},"content":{"rendered":"<p>Ohne Neuer, Kimmich und ProblemeFC Bayern zerpfl\u00fcckt Heidenheim und l\u00e4sst 16-J\u00e4hrigen deb\u00fctieren<img decoding=\"async\" class=\"Image_img__fQCi0 Image_Img_16_9__4BLfH widget-picture-inline_maximizable__t_E7h\" loading=\"eager\" fetchpriority=\"high\" src=\"https:\/\/www.europesays.com\/de\/wp-content\/uploads\/2025\/12\/21-12-2025-xsltx-Fussball-1-Bundesliga-1-FC-Heidenheim-FC-Bayern-Muenchen-v-l.webp.webp\" alt=\"21-12-2025-xsltx-Fussball-1-Bundesliga-1-FC-Heidenheim-FC-Bayern-Muenchen-v-l\"\/>Michael Olise stellte zwischenzeitlich auf 2:0 und sorgte damit fr\u00fch f\u00fcr Klarheit. (Foto: IMAGO\/Jan Huebner)TeilenFolgen auf:<a href=\"https:\/\/www.whatsapp.com\/channel\/0029Va5cdVJD8SDp5YZgYF01\" title=\"Auf WhatsApp folgen\" target=\"_blank\" rel=\"noopener\"><img decoding=\"async\" src=\"https:\/\/www.n-tv.de\/socialIcons\/whatsapp.svg\" alt=\"whatsapp\" class=\"ArticleShare_icon__FsrC2\"\/><\/a><a href=\"https:\/\/news.google.com\/publications\/CAAiEPMdif5mpRNxiLOeUpHCwwsqFAgKIhDzHYn-ZqUTcYiznlKRwsML?hl=de&amp;gl=DE&amp;ceid=DE%3Ade\" title=\"Auf Google News folgen\" target=\"_blank\" rel=\"noopener\"><img decoding=\"async\" src=\"https:\/\/www.n-tv.de\/socialIcons\/google.svg\" alt=\"whatsapp\" class=\"ArticleShare_icon__FsrC2\"\/><\/a><\/p>\n<p class=\"Typography_text-m__XI0da Typography_weight-bold__uT6mq storyline_lead_text_leadtext__q_wg8\">Der FC Bayern steht schon nach dem 15. Spieltag als Herbstmeister fest. Beim 1. FC Heidenheim feiern die M\u00fcnchner den 13. Bundesliga-Sieg der Saison. Die lange Verletztenliste f\u00fchrt dazu, dass Trainer Vincent Kompany einigen Talenten zu Einsatzminuten verhilft.<\/p>\n<p class=\"Typography_text-default__P3otY Typography_weight-normal__pqUbH storyline_paragraph_p__qSR5N\">Der FC Bayern hat zum Abschluss des Jahres trotz gro\u00dfer Personalnot seine Vormachtstellung eindrucksvoll unterstrichen und sich vorzeitig die &#8222;Herbstmeisterschaft&#8220; gesichert. Die dominanten M\u00fcnchner siegten beim Abstiegskandidaten 1. FC Heidenheim verdient mit 4:0 (2:0) und gehen nach dem Pflichtsieg die gro\u00dfen Ziele f\u00fcr 2026 an. Man wolle, hatte Torj\u00e4ger Harry Kane schon vor dem Spiel gesagt, &#8222;alle gro\u00dfen Troph\u00e4en gewinnen&#8220;.<\/p>\n<p class=\"Typography_text-default__P3otY Typography_weight-normal__pqUbH storyline_paragraph_p__qSR5N\">Josip Stanisic brachte die Bayern in der 15. Minute auf Erfolgs- und Rekordkurs. Michael Olise erh\u00f6hte noch vor der Pause (32.), kurz vor Schluss trafen Luis D\u00edaz (86.) und Kane (90.+2). In die kurze Winterpause nehmen die M\u00fcnchner satte neun Punkte Vorsprung vor Dortmund mit. Die Mannschaft von Trainer Vincent Kompany blieb zudem auch im 16. Ausw\u00e4rtsspiel des Jahres unbesiegt. Mit jetzt 55 Treffern nach 15 Spieltagen haben die \u00dcberflieger auch die Saisonbestmarke von 1971\/72 (102) fest im Visier.<\/p>\n<p class=\"Typography_text-default__P3otY Typography_weight-normal__pqUbH storyline_paragraph_p__qSR5N\">Kompany musste im 57. Pflichtspiel des Jahres gleich auf neun Stars verzichten. Neben dem Langzeitverletzten Jamal Musiala fielen die angeschlagenen Joshua Kimmich, Min-Jae Kim und Manuel Neuer sowie wegen Erkrankungen auch Aleksandar Pavlovic, Sacha Boey und Tom Bischof aus. Zudem fehlten Konrad Laimer (Gelbsperre) und Nicolas Jackson (Afrika-Cup). Auf der Bank sa\u00dfen neben Serge Gnabry und Alphonso Davies sechs Nachwuchsspieler. Wenigstens standen der zuletzt gesperrte D\u00edaz und Olise nach einer Augen-OP zur Verf\u00fcgung. Auf der anderen Seite nahm auch FCH-Trainer Frank Schmidt nach dem j\u00fcngsten 1:2 bei St. Pauli f\u00fcnf Wechsel in seiner Startelf vor.<\/p>\n<p>Kompany schickt drei Talente aufs Feld<\/p>\n<p class=\"Typography_text-default__P3otY Typography_weight-normal__pqUbH storyline_paragraph_p__qSR5N\">Von Problemen war bei den Bayern jedoch nichts zu sp\u00fcren. Sie starteten gewohnt dominant. Heidenheim bekam kaum Luft und hatte schon in der Anfangsphase einige brenzlige Situationen zu \u00fcberstehen, ehe Stanisic nach Eckball von Olise und Vorlage von Jonathan Tah per Kopf traf. FCH-Torwart Diant Ramaj machte dabei keine gute Figur.<\/p>\n<\/p>\n<p class=\"Typography_text-default__P3otY Typography_weight-normal__pqUbH storyline_paragraph_p__qSR5N\">Die Bayern blieben am Dr\u00fccker, leisteten sich aber in der Vorw\u00e4rtsbewegung nach der F\u00fchrung einige Leichtsinnsfehler, die Heidenheim hin und wieder ins Spiel brachten. Doch es gen\u00fcgte eine kurze M\u00fcnchner Tempoversch\u00e4rfung &#8211; und es stand 2:0. Nach dem Wechsel h\u00e4tte Kane schnell f\u00fcr klare Verh\u00e4ltnisse sorgen k\u00f6nnen. Der Bayern-Kapit\u00e4n verfehlte das Ziel aber freistehend (53.). Der FCH wurde mutiger und w\u00e4re durch den eingewechselten Stefan Schimmer fast zum Anschluss gekommen.<\/p>\n<p class=\"Typography_text-default__P3otY Typography_weight-normal__pqUbH storyline_paragraph_p__qSR5N\">Die Bayern hatten nun etwas mehr Platz, im Abschluss fehlte aber die letzte Konsequenz. Dies h\u00e4tte sich beinahe ger\u00e4cht, als Bayerns Leihgabe Arijon Ibrahimovic freistehend vergab (68.), wenig sp\u00e4ter scheiterte Schimmer an Neuer-Vertreter Jonas Urbig (78.). In der Schlussphase brachte Kompany dann einige Talente in die Partie: Der 18-j\u00e4hrige David Daiber kam ebenso zu seinem Profideb\u00fct wie der 16-j\u00e4hrige Cassiano Kiala. F\u00fcr den ebenfalls eingewechselten 17 Jahre alten Wisdom Mike war es dagegen schon der vierte Einsatz f\u00fcr den Rekordmeister.<\/p>\n<p class=\"Typography_text-s__wu_cm Typography_weight-normal__pqUbH Typography_color-darkgrey__sZEnP article-detail-footer_source__KslPc\">Quelle: ntv.de, tsi\/sid<\/p>\n","protected":false},"excerpt":{"rendered":"Ohne Neuer, Kimmich und ProblemeFC Bayern zerpfl\u00fcckt Heidenheim und l\u00e4sst 16-J\u00e4hrigen deb\u00fctierenMichael Olise stellte zwischenzeitlich auf 2:0 und&hellip;\n","protected":false},"author":2,"featured_media":662922,"comment_status":"","ping_status":"","sticky":false,"template":"","format":"standard","meta":{"footnotes":""},"categories":[5],"tags":[17188,331,332,3364,29,458,347,485,30,13,14,15,12],"class_list":{"0":"post-662921","1":"post","2":"type-post","3":"status-publish","4":"format-standard","5":"has-post-thumbnail","7":"category-nachrichten","8":"tag-1-fc-heidenheim","9":"tag-aktuelle-nachrichten","10":"tag-aktuelle-news","11":"tag-de","12":"tag-deutschland","13":"tag-fc-bayern-muenchen","14":"tag-fussball","15":"tag-fussball-bundesliga","16":"tag-germany","17":"tag-headlines","18":"tag-nachrichten","19":"tag-news","20":"tag-schlagzeilen"},"share_on_mastodon":{"url":"https:\/\/pubeurope.com\/@de\/115759590326190148","error":""},"_links":{"self":[{"href":"https:\/\/www.europesays.com\/de\/wp-json\/wp\/v2\/posts\/662921","targetHints":{"allow":["GET"]}}],"collection":[{"href":"https:\/\/www.europesays.com\/de\/wp-json\/wp\/v2\/posts"}],"about":[{"href":"https:\/\/www.europesays.com\/de\/wp-json\/wp\/v2\/types\/post"}],"author":[{"embeddable":true,"href":"https:\/\/www.europesays.com\/de\/wp-json\/wp\/v2\/users\/2"}],"replies":[{"embeddable":true,"href":"https:\/\/www.europesays.com\/de\/wp-json\/wp\/v2\/comments?post=662921"}],"version-history":[{"count":0,"href":"https:\/\/www.europesays.com\/de\/wp-json\/wp\/v2\/posts\/662921\/revisions"}],"wp:featuredmedia":[{"embeddable":true,"href":"https:\/\/www.europesays.com\/de\/wp-json\/wp\/v2\/media\/662922"}],"wp:attachment":[{"href":"https:\/\/www.europesays.com\/de\/wp-json\/wp\/v2\/media?parent=662921"}],"wp:term":[{"taxonomy":"category","embeddable":true,"href":"https:\/\/www.europesays.com\/de\/wp-json\/wp\/v2\/categories?post=662921"},{"taxonomy":"post_tag","embeddable":true,"href":"https:\/\/www.europesays.com\/de\/wp-json\/wp\/v2\/tags?post=662921"}],"curies":[{"name":"wp","href":"https:\/\/api.w.org\/{rel}","templated":true}]}}