{"id":663007,"date":"2025-12-21T21:56:16","date_gmt":"2025-12-21T21:56:16","guid":{"rendered":"https:\/\/www.europesays.com\/de\/663007\/"},"modified":"2025-12-21T21:56:16","modified_gmt":"2025-12-21T21:56:16","slug":"russland-hat-offenbar-ukrainer-verschleppt-mittelalterliche-ueberfaelle","status":"publish","type":"post","link":"https:\/\/www.europesays.com\/de\/663007\/","title":{"rendered":"Russland hat offenbar Ukrainer verschleppt \u2013 \u201emittelalterliche \u00dcberf\u00e4lle\u201c"},"content":{"rendered":"<ol class=\"id-DonaldBreadcrumb lp_west_breadcrumb id-DonaldBreadcrumb--default\" data-k5a-pos=\"west_breadcrumb\">\n<li class=\"id-Breadcrumb-item\"><a href=\"https:\/\/www.merkur.de\/\" class=\"id-Breadcrumb-link\" data-id-ec=\"{\" shn=\"\" textlink=\"\" data-k5a-pos=\"1_startseite\" target=\"_blank\" rel=\"noopener\">Startseite<\/a><\/li>\n<li class=\"id-Breadcrumb-item\"><a href=\"https:\/\/www.merkur.de\/politik\/\" class=\"id-Breadcrumb-link\" data-id-ec=\"{\" shn=\"\" textlink=\"\" data-k5a-pos=\"2_politik\" target=\"_blank\" rel=\"noopener\">Politik<\/a><\/li>\n<\/ol>\n<p class=\"id-Story-timestamp id-Story-timestamp--default\">Stand: 21.12.2025, 22:27 Uhr<\/p>\n<p class=\"id-Story-authors id-Story-authors--default\">Von: <a class=\"id-Story-authors-link lp_west_author\" href=\"https:\/\/www.merkur.de\/autor\/nail-akkoyun-qextd2e1.html\" title=\"Zur Autorenseite von Nail Akkoyun\" data-id-ec=\"{\" shn=\"\" author-link=\"\" akkoyun=\"\" data-k5a-pos=\"west_author\" target=\"_blank\" rel=\"noopener\">Nail Akkoyun<\/a>, <a class=\"id-Story-authors-link lp_west_author\" href=\"https:\/\/www.merkur.de\/autor\/paula-voelkner-m3yqyo8r.html\" title=\"Zur Autorenseite von Paula V&#xF6;lkner\" data-id-ec=\"{\" shn=\"\" author-link=\"\" v=\"\" data-k5a-pos=\"west_author\" target=\"_blank\" rel=\"noopener\">Paula V\u00f6lkner<\/a>, <a class=\"id-Story-authors-link lp_west_author\" href=\"https:\/\/www.merkur.de\/autor\/felix-busjaeger-xawko3jbm.html\" title=\"Zur Autorenseite von Felix Busjaeger\" data-id-ec=\"{\" shn=\"\" author-link=\"\" busjaeger=\"\" data-k5a-pos=\"west_author\" target=\"_blank\" rel=\"noopener\">Felix Busjaeger<\/a>, <a class=\"id-Story-authors-link lp_west_author\" href=\"https:\/\/www.merkur.de\/autor\/simon-schroeder-xawko3qd.html\" title=\"Zur Autorenseite von Simon Schr&#xF6;der\" data-id-ec=\"{\" shn=\"\" author-link=\"\" schr=\"\" data-k5a-pos=\"west_author\" target=\"_blank\" rel=\"noopener\">Simon Schr\u00f6der<\/a>, <a class=\"id-Story-authors-link lp_west_author\" href=\"https:\/\/www.merkur.de\/autor\/felix-durach-1kpya46op.html\" title=\"Zur Autorenseite von Felix Durach\" data-id-ec=\"{\" shn=\"\" author-link=\"\" durach=\"\" data-k5a-pos=\"west_author\" target=\"_blank\" rel=\"noopener\">Felix Durach<\/a>, <a class=\"id-Story-authors-link lp_west_author\" href=\"https:\/\/www.merkur.de\/autor\/franziska-schwarz-vc2f6paov.html\" title=\"Zur Autorenseite von Franziska Schwarz\" data-id-ec=\"{\" shn=\"\" author-link=\"\" schwarz=\"\" data-k5a-pos=\"west_author\" target=\"_blank\" rel=\"noopener\">Franziska Schwarz<\/a><\/p>\n<p class=\"id-Story-interactionBar id-Story-interactionBar--default\">DruckenTeilen<\/p>\n<p class=\"id-StoryElement-leadText\">Die Verhandlungen f\u00fcr ein Ende des Ukraine-Kriegs in den USA gehen weiter. Ukrainische Partisanen melden eine erfolgreiche Sabotage-Aktion. Der News-Ticker.<\/p>\n<p>Das Wichtigste in <br \/>diesem News-Ticker<\/p>\n<ol class=\"id-StoryElement-tableOfContents-list\">\n<li class=\"id-StoryElement-tableOfContents-list-item\"><a href=\"#id-pageApi-chapter_heading-0\" data-id-ec=\"{\" shn=\"\" kapitel=\"\">Russland hat im Ukraine-Krieg <strong>Zivilisten verschleppt<\/strong>&#8222;,&#8220;position&#8220;:&#8220;1&#8243;,&#8220;storyElementPosition&#8220;:&#8220;8&#8243;,&#8220;storyElementCount&#8220;:&#8220;60&#8243;}}&#8220;&gt;Kiew: <strong>Russland<\/strong> hat im Ukraine-Krieg <strong>Zivilisten verschleppt<\/strong><\/a> \u2013 Der ukrainische Au\u00dfenminister spricht von \u201emittelalterlichen \u00dcberf\u00e4llen\u201c.<\/li>\n<li class=\"id-StoryElement-tableOfContents-list-item\"><a href=\"#id-pageApi-chapter_heading-1\" data-id-ec=\"{\" shn=\"\" kapitel=\"\" melden=\"\">Brandanschlag auf <strong>Logistikknotenpunkt<\/strong> f\u00fcr <strong>Putins Truppen<\/strong>&#8222;,&#8220;position&#8220;:&#8220;2&#8243;,&#8220;storyElementPosition&#8220;:&#8220;8&#8243;,&#8220;storyElementCount&#8220;:&#8220;60&#8243;}}&#8220;&gt;Partisanen melden <strong>Brandanschlag <\/strong>auf <strong>Logistikknotenpunkt<\/strong> f\u00fcr <strong>Putins Truppen<\/strong><\/a> \u2013 Die Gruppe Atesch berichtet von einer Sabotage-Aktion.<\/li>\n<li class=\"id-StoryElement-tableOfContents-list-item id-StoryElement-tableOfContents-list-item--optional\"><a href=\"#id-pageApi-chapter_heading-2\" data-id-ec=\"{\" shn=\"\" kapitel=\"\">Neue Details zu den aktuellen <strong>Ukraine-Verhandlungen<\/strong>&#8222;,&#8220;position&#8220;:&#8220;3&#8243;,&#8220;storyElementPosition&#8220;:&#8220;8&#8243;,&#8220;storyElementCount&#8220;:&#8220;60&#8243;}}&#8220;&gt;<strong>Neue Details<\/strong> zu den aktuellen <strong>Ukraine-Verhandlungen<\/strong><\/a> \u2013 Selenskyj plant nach den Gespr\u00e4chen \u00fcber ein Ende des <a href=\"https:\/\/www.fr.de\/politik\/ukraine-konflikt-sti1524391\/\" class=\"id-import-Link id-pageApi-Link--externalDomain\" title=\"Ukraine-Krieg\" data-id-ec=\"{&quot;sht&quot;:&quot;Container&quot;,&quot;shn&quot;:&quot;Story&quot;,&quot;p&quot;:{&quot;containerType&quot;:&quot;TableOfContents&quot;,&quot;displayType&quot;:&quot;TableOfContents LeadIn InlineLink&quot;,&quot;type&quot;:&quot;INLINE_LINK&quot;,&quot;value&quot;:&quot;Ukraine-Kriegs&quot;,&quot;variant&quot;:&quot;standardLink&quot;,&quot;sponsored&quot;:false,&quot;linkHref&quot;:&quot;https:\/\/www.fr.de\/politik\/ukraine-konflikt-sti1524391\/&quot;,&quot;storyElementPosition&quot;:8,&quot;storyElementCount&quot;:60}}\" target=\"_blank\" rel=\"noopener\">Ukraine-Kriegs<\/a> in Miami Beratungen mit Europ\u00e4ern.<\/li>\n<li class=\"id-StoryElement-tableOfContents-list-item id-StoryElement-tableOfContents-list-item--optional\"><a href=\"#id-pageApi-chapter_heading-3\" data-id-ec=\"{\" shn=\"\" kapitel=\"\">Putin pl\u00f6tzlich zu Gespr\u00e4ch mit <strong>Europ\u00e4ern<\/strong> bereit&#8220;,&#8220;position&#8220;:&#8220;4&#8243;,&#8220;storyElementPosition&#8220;:&#8220;8&#8243;,&#8220;storyElementCount&#8220;:&#8220;60&#8243;}}&#8220;&gt;<strong>Putin<\/strong> pl\u00f6tzlich zu Gespr\u00e4ch mit <strong>Europ\u00e4ern<\/strong> bereit<\/a> \u2013 Russlands Pr\u00e4sident hatte l\u00e4nger keinen Kontakt zu vielen <a href=\"https:\/\/www.fr.de\/politik\/eu-europaeische-union-mitgliedstaaten-laender-gruendung-von-der-leyen-ziele-91385429.html\" class=\"id-import-Link id-pageApi-Link--externalDomain\" data-id-ec=\"{&quot;sht&quot;:&quot;Container&quot;,&quot;shn&quot;:&quot;Story&quot;,&quot;p&quot;:{&quot;containerType&quot;:&quot;TableOfContents&quot;,&quot;displayType&quot;:&quot;TableOfContents LeadIn InlineLink&quot;,&quot;type&quot;:&quot;INLINE_LINK&quot;,&quot;value&quot;:&quot;EU&quot;,&quot;variant&quot;:&quot;standardLink&quot;,&quot;sponsored&quot;:false,&quot;linkHref&quot;:&quot;https:\/\/www.fr.de\/politik\/eu-europaeische-union-mitgliedstaaten-laender-gruendung-von-der-leyen-ziele-91385429.html&quot;,&quot;storyElementPosition&quot;:8,&quot;storyElementCount&quot;:60}}\" target=\"_blank\" rel=\"noopener\">EU<\/a>-Staatschefs.<\/li>\n<li class=\"id-StoryElement-tableOfContents-list-item\"><a href=\"#id-pageApi-chapter_heading-4\" data-id-ec=\"{\" shn=\"\" kapitel=\"\">Putin-Berater zufrieden mit <strong>Ukraine-Verhandlungen<\/strong>&#8222;,&#8220;position&#8220;:&#8220;5&#8243;,&#8220;storyElementPosition&#8220;:&#8220;8&#8243;,&#8220;storyElementCount&#8220;:&#8220;60&#8243;}}&#8220;&gt;<strong>Putin-Berater<\/strong> zufrieden mit <strong>Ukraine-Verhandlungen<\/strong><\/a> \u2013 Die Gespr\u00e4che in Miami verlaufen demnach \u201ekonstruktiv\u201c.<\/li>\n<\/ol>\n<p>Alle Kapitel<\/p>\n<p class=\"id-StoryElement-paragraph\"><strong>Update, 22:24 Uhr:<\/strong> In der Region Sumy haben ukrainische Streitkr\u00e4fte einen Versuch der russischen Truppen durchzubrechen, erfolgreich abgewehrt. Dies meldet die Kyiv Post. Zuvor hatten Moskaus Einheiten 60 Personen aus einem Grenzdorf gewaltsam entf\u00fchrt (siehe Update um 18:54 Uhr). \u201eK\u00e4mpfe finden derzeit im Dorf Hrabowske statt\u201c, so die Mitteilung der ukrainischen Einsatzgruppe. Die Soldaten w\u00fcrden \u201eAnstrengungen unternehmen, die Besatzer zur\u00fcck auf russisches Territorium zu dr\u00e4ngen\u201c. Kiew wies Berichte \u00fcber russische Truppen im nahegelegenen Dorf Rjasne zur\u00fcck. Seit der ukrainischen Gegenoffensive im Jahr 2022 blieb die Region Sumy weitgehend von heftigen Bodenk\u00e4mpfen verschont.<\/p>\n<p>Transparenzhinweis<\/p>\n<p class=\"id-StoryElement-factBox-paragraph\">Die hier verarbeiteten Informationen stammen von Nachrichtenagenturen und internationalen Quellen, aber auch von Kriegsparteien im Ukraine-Krieg. Die Angaben zum\u00a0Ukraine-Krieg\u00a0lassen sich nicht unabh\u00e4ngig \u00fcberpr\u00fcfen.<\/p>\n<p class=\"id-StoryElement-paragraph\"><strong>Update, 21:43 Uhr: <\/strong>Der ukrainische Vertreter Rustem Umjerow und der US-Sondergesandte Steve Witkoff \u00e4u\u00dferten sich positiv zu den Gespr\u00e4chen in Miami. Beide betonten auf X, dass sie \u00fcber multilaterale Sicherheitsgarantien sowie US-Sicherheitsgarantien gesprochen h\u00e4tten. Auch die Weiterentwicklung eines Plans zur wirtschaftlichen Unterst\u00fctzung der Ukraine sei Thema gewesen.<\/p>\n<p class=\"id-StoryElement-paragraph\">In Florida fanden in den letzten drei Tagen \u201eeine Reihe produktiver und konstruktiver Treffen\u201c statt. Neben der Ukraine und den USA nahmen auch europ\u00e4ische Partner daran teil. \u201eDie Ukraine bekennt sich weiterhin uneingeschr\u00e4nkt zu einem gerechten und dauerhaften Frieden\u201c, hie\u00df es.<\/p>\n<p>Selenskyj erhebt Anschuldigungen gegen Putin \u2013 Angriffe auf H\u00e4fen in Odessa<\/p>\n<p class=\"id-StoryElement-paragraph\"><strong>Update, 20:25 Uhr: <\/strong>Mit Blick auf die zunehmenden russischen Angriffe auf die s\u00fcdukrainische Region Odessa und die dortigen H\u00e4fen wirft der ukrainische Pr\u00e4sident Wolodymyr Selenskyj Russland vor, keine Bereitschaft zur Beendigung des Ukraine-Kriegs zu zeigen. \u201eJeder muss sehen, dass Russland ohne Druck nicht bereit ist, seine Aggression wirklich zu beenden. Der Druck muss erh\u00f6ht werden\u201c, sagte er in seiner abendlichen Videoansprache. <\/p>\n<p class=\"id-StoryElement-paragraph\">Bei den verst\u00e4rkten russischen Attacken in der Region mit Kampfdrohnen und ballistischen Raketen sind in den verhangenen Tagen zahlreiche Menschen ums Leben gekommen, an den Hafenanlagen entstanden erhebliche Sch\u00e4den. Es sei klar, dass Moskau versuche, der Ukraine den Zugang zur Seelogistik zu sperren.<\/p>\n<p>Selenskyj zu aktuellen Ukraine-Gespr\u00e4chen: Auch \u201eZeitrahmen f\u00fcr konkrete Entscheidungen\u201c ist Thema<\/p>\n<p class=\"id-StoryElement-paragraph\"><strong>Update, 19:55 Uhr: <\/strong>\u201eDies ist von gro\u00dfer Bedeutung\u201c, schreibt der ukrainische Pr\u00e4sident Wolodymyr Selenskyj \u00fcber die aktuellen Gespr\u00e4che \u00fcber ein m\u00f6gliches Ende des Ukraine-Kriegs in den USA. Bei den heutigen Treffen mit der Delegation von US-Pr\u00e4sident <a href=\"https:\/\/www.fr.de\/politik\/donald-trump-per32650\/\" class=\"id-import-Link id-pageApi-Link--externalDomain\" title=\"Donald Trump\" data-id-ec=\"{&quot;sht&quot;:&quot;Container&quot;,&quot;shn&quot;:&quot;Story&quot;,&quot;p&quot;:{&quot;containerType&quot;:&quot;Paragraph&quot;,&quot;displayType&quot;:&quot;Paragraph InlineLink&quot;,&quot;type&quot;:&quot;INLINE_LINK&quot;,&quot;value&quot;:&quot;Donald Trump&quot;,&quot;variant&quot;:&quot;standardLink&quot;,&quot;sponsored&quot;:false,&quot;linkHref&quot;:&quot;https:\/\/www.fr.de\/politik\/donald-trump-per32650\/&quot;,&quot;storyElementPosition&quot;:20,&quot;storyElementCount&quot;:60}}\" target=\"_blank\" rel=\"noopener\">Donald Trump<\/a> gehe die Arbeit an den Dokumenten zur Beendigung des Krieges, zu Sicherheitsgarantien und zum Wiederaufbau weiter. \u201eJeder Punkt wird detailliert gepr\u00fcft, und es findet ein konstruktiver Dialog mit der amerikanischen Seite statt\u201c, erkl\u00e4rt Selenskyj. Und auch der \u201em\u00f6gliche Zeitrahmen f\u00fcr konkrete Entscheidungen\u201c werde er\u00f6rtert. Der ukrainische Pr\u00e4sident erwarte im Anschluss der heutigen Gespr\u00e4che einen Bericht seiner Delegation.<\/p>\n<p>Kiew: <strong>Russland<\/strong> hat im Ukraine-Krieg <strong>Zivilisten verschleppt<\/strong>Kiew: Russland hat im Ukraine-Krieg Zivilisten verschleppt \u2013 \u201emittelalterliche \u00dcberf\u00e4lle\u201c<\/p>\n<p class=\"id-StoryElement-paragraph\"><strong>Update, 18:54 Uhr: <\/strong>Kiew wirft Russland vor, im Ukraine-Krieg Ukrainer\u00a0aus der Grenzregion Sumy im Nordosten des Landes verschleppt zu haben \u2013 der ukrainische Au\u00dfenminister richtet deutliche Worte in Richtung Moskau: \u201eMit solchen mittelalterlichen \u00dcberf\u00e4llen zeigt Putins Russland, dass es sich nicht von Terrorgruppen wie dem IS, Boko Haram oder der Hamas unterscheidet\u201c, schreibt Andrii Sybiha auf X. Den Angaben des Au\u00dfenministers zufolge wurden 60 Zivilisten, \u201ezumeist \u00e4ltere Frauen, aus dem kleinen ukrainischen Dorf Hrabovske direkt jenseits der Staatsgrenze in der Region Sumy verschleppt\u201c.<\/p>\n<p class=\"id-StoryElement-paragraph\">Von Russland fordert er die R\u00fcckkehr ziviler Geiseln und: \u201eWir appellieren an alle Staaten und internationalen Organisationen, sich unserer Forderung nach der Freilassung unschuldiger Zivilisten anzuschlie\u00dfen, die aus ihren H\u00e4usern verschleppt wurden.\u201c Dieses \u201eKriegsverbrechen\u201c m\u00fcsse auch auf internationaler Ebene geahndet werden. <\/p>\n<p>Ukraine-Gespr\u00e4che mit Trump-Delegation gehen weiter \u2013 Kiew rechnet mit Fortschritten<\/p>\n<p class=\"id-StoryElement-paragraph\"><strong>Update, 17:55 Uhr: <\/strong>In Miami gehen die Gespr\u00e4che \u00fcber ein m\u00f6gliches Ende des Ukraine-Kriegs weiter. Das meldet der Sekret\u00e4r des nationalen Sicherheitsrats der\u00a0Ukraine, Rustem Umjerow, auf Telegram.\u00a0\u201eDies ist der dritte Tag unserer Arbeit in den Vereinigten Staaten. Heute werden wir gemeinsam mit Generalleutnant Andrii Hnatov ein weiteres Treffen mit der amerikanischen Seite abhalten.\u201c Man arbeite \u201ekonstruktiv und substantiell\u201c, schreibt der ukrainische Chefunterh\u00e4ndler: \u201eWir rechnen mit weiteren Fortschritten und praktischen Ergebnissen.\u201c Experten gehen weiterhin von einem langwierigen Prozess aus.<\/p>\n<p>Aktuelle Lage an der Ukraine-Front: Kiew meldet russische Angriffe bei Pokrowsk<\/p>\n<p class=\"id-StoryElement-paragraph\"><strong>Update, 17:03 Uhr:<\/strong> Russland konzentriert nach Angaben des ukrainischen Generalstabs weiter massiv seine Kr\u00e4fte an der Front in Richtung Pokrowsk. \u00dcber die aktuelle Lage im Ukraine-Krieg hei\u00dft es in dem Bericht, dass russische Truppen am Sonntag 23 Mal versucht h\u00e4tten, ukrainische Truppen aus ihren Stellungen im Bereich Pokrowsk zu verdr\u00e4ngen. 15 Angriffe habe die Ukraine abgewehrt. <\/p>\n<p><img decoding=\"async\" class=\"id-RatioPlaceholder-element wv_story_el_image\" src=\"https:\/\/www.europesays.com\/de\/wp-content\/uploads\/2025\/12\/40891620-ukraine-krieg-russische-truppen-in-der-region-pokrowsk-PWBG.jpg\" loading=\"lazy\"   height=\"765\" width=\"1100\" alt=\"Ukraine-Krieg: Russische Truppen in der Region Pokrowsk. \"\/>Ukraine-Krieg: Russische Truppen in der Region Pokrowsk.  \u00a9\u00a0IMAGO\/Stanislav Krasilnikov<\/p>\n<p class=\"id-StoryElement-paragraph\">Insgesamt meldet der Generalstab 93 Gefechte im Laufe des Tages \u2013 in acht Front-Abschnitten gehen die K\u00e4mpfe weiter. Anfang Dezember hatte die russische Armee die Einnahme der strategisch wichtigen Stadt\u00a0Pokrowsk\u00a0gemeldet. Die Ukraine bestreitet den Bericht aus Moskau. <\/p>\n<p>News zum Ukraine-Krieg: Kiew meldet Verschleppung von Ukrainern durch russische Truppen aus Sumy<\/p>\n<p class=\"id-StoryElement-paragraph\"><strong>Update, 16:18 Uhr: <\/strong>Nach ukrainischen Angaben haben russische Truppen im Ukraine-Krieg ungef\u00e4hr 50\u00a0Ukrainer\u00a0aus der Grenzregion Sumy im Nordosten des Landes nach Russland verschleppt. Der ukrainische Menschenrechtsbeauftragte Dmytro\u00a0Lubinez schrieb bei Telegram unter Berufung auf vorl\u00e4ufige Informationen: Soldaten der russischen Streitkr\u00e4fte h\u00e4tten bereits am Donnerstag ungef\u00e4hr 50 Einwohner des Dorfs Hrabowske gefangen genommen, ohne Zugang zu Kommunikationsmitteln und angemessene Bedingungen festgehalten und am Samstag nach Russland verschleppt. Unabh\u00e4ngig lassen sich die Angaben nicht pr\u00fcfen.\u00a0<\/p>\n<p>Selenskyj \u00fcber aktuelle Angriffe im Ukraine-Krieg: \u201eOdessa und S\u00fcden wurden besonders schwer getroffen\u201c<\/p>\n<p class=\"id-StoryElement-paragraph\"><strong>Update, 15:37 Uhr:<\/strong> Nach Angaben des ukrainischen Pr\u00e4sidenten hat Russland im Ukraine-Krieg in der vergangenen Woche rund 1.300 Kampfdrohnen, fast 1.200 gelenkte Flugbomben und neun Raketen verschiedener Typen gegen die Ukraine eingesetzt. \u201eDie Region Odessa und unser S\u00fcden wurden besonders schwer getroffen\u201c, meldet Selenskyj zur aktuellen Lage im Ukraine-Krieg. Russland hatte seine Angriffe auf die s\u00fcdukrainische K\u00fcstenregion\u00a0Odessa\u00a0zuletzt am Samstag verst\u00e4rkt und dabei die Energieversorgung sowie \u2060eine wichtige Route zur Grenze nach Moldau ins Visier genommen, wie die Nachrichtenagentur Reuters berichtete.<\/p>\n<p>Partisanen melden <strong>Brandanschlag <\/strong>auf <strong>Logistikknotenpunkt<\/strong> f\u00fcr <strong>Putins Truppen<\/strong><\/p>\n<p class=\"id-StoryElement-paragraph\"><strong>Update, 15:02 Uhr: <\/strong>Die ukrainische Partisanengruppe Atesch meldet eine Sabotage-Aktion an einem wichtigen Eisenbahnknotenpunkt in der russischen Region Rostow. Dabei soll die Gruppe den Knotenpunkt in Brand gesetzt und so die russische Logistik in die besetzten Gebiete gest\u00f6rt haben. \u201eDurch den Brandanschlag wurde der Betrieb des wichtigsten Logistikknotenpunkts, \u00fcber den die Besatzungstruppen in alle s\u00fcdlichen Richtungen versorgt werden, unterbrochen\u201c, schrieb die Gruppe auf Telegram. Wie Kyiv Independent berichtet, versorge Russland von diesem Knotenpunkt aus seine Streitkr\u00e4fte im Ukraine-Krieg in den besetzten Gebieten der Regionen Cherson, Saporischschja und Donezk sowie auf der <a href=\"https:\/\/www.fr.de\/politik\/krim-bevoelkerung-geschichte-bedeutung-ukraine-konflikt-91908855.html\" class=\"id-import-Link id-pageApi-Link--externalDomain\" data-id-ec=\"{&quot;sht&quot;:&quot;Container&quot;,&quot;shn&quot;:&quot;Story&quot;,&quot;p&quot;:{&quot;containerType&quot;:&quot;Paragraph&quot;,&quot;displayType&quot;:&quot;Paragraph InlineLink&quot;,&quot;type&quot;:&quot;INLINE_LINK&quot;,&quot;value&quot;:&quot;Krim&quot;,&quot;variant&quot;:&quot;standardLink&quot;,&quot;sponsored&quot;:false,&quot;linkHref&quot;:&quot;https:\/\/www.fr.de\/politik\/krim-bevoelkerung-geschichte-bedeutung-ukraine-konflikt-91908855.html&quot;,&quot;storyElementPosition&quot;:41,&quot;storyElementCount&quot;:60}}\" target=\"_blank\" rel=\"noopener\">Krim<\/a>.<\/p>\n<p><strong>Neue Details<\/strong> zu den aktuellen <strong>Ukraine-Verhandlungen<\/strong><\/p>\n<p class=\"id-StoryElement-paragraph\"><strong>Update, 13:43 Uhr: <\/strong>Neue Details zu den aktuellen Ukraine-Verhandlungen: Der ukrainische Pr\u00e4sident Wolodymyr Selenskyj hat sich f\u00fcr ein neues Treffen mit den Europ\u00e4ern nach dem Gespr\u00e4ch einer ukrainischen Delegation und der US-Seite in Miami ausgesprochen. Es gebe Einigkeit dar\u00fcber, dass die\u00a0Ukraine\u00a0nach der Arbeit ihres diplomatischen Teams in den USA mit ihren europ\u00e4ischen Partnern im gr\u00f6\u00dferen Kreis beraten sollte, schrieb er nach einem Gespr\u00e4ch mit dem norwegischen Ministerpr\u00e4sidenten Jonas\u00a0Gahr Store in sozialen Medien.<\/p>\n<p class=\"id-StoryElement-paragraph\">Die ukrainische Delegation in Florida habe mit der US-Seite zusammengearbeitet, man komme z\u00fcgig voran. Selenskyj schrieb von konstruktiven Verhandlungen, nannte aber keine Details. Nach Gespr\u00e4chen der US-Amerikaner, Europ\u00e4er und\u00a0Ukrainer\u00a0in Berlin am vergangenen Sonntag und Montag gingen in Florida die Verhandlungen \u00fcber eine Friedensl\u00f6sung an diesem Wochenende in die n\u00e4chste Runde.\u00a0<\/p>\n<p class=\"id-StoryElement-paragraph\"><strong>Update, 13:01 Uhr: <\/strong>Putin-Berater Juri Uschakow hat die europ\u00e4ischen Anpassungen am US-Friedensplan f\u00fcr ein Ende des Ukraine-Kriegs scharf kritisiert. Sie w\u00fcrden die Chancen auf einen Frieden \u201edefinitiv nicht verbessern\u201c, sagte er \u2013 und stellte sich damit erneut gegen westliche Vermittlungsversuche. Das berichtet die russische Nachrichtenagentur Interfax. M\u00f6gliche Fortschritte bei den Ukraine-Verhandlungen in Miami konnte er auf Nachfrage nicht nennen, hie\u00df es weiter.<\/p>\n<p>Verhandlungen im Ukraine-Krieg: Macron will bald mit Putin sprechen<\/p>\n<p class=\"id-StoryElement-paragraph\"><strong>Update, 11:42 Uhr: <\/strong>Frankreich hat die Bereitschaft von Wladimir Putin zu Gespr\u00e4chen mit dem franz\u00f6sischen Pr\u00e4sidenten <a href=\"https:\/\/www.fr.de\/thema\/emmanuel-macron-per772394\/\" class=\"id-import-Link id-pageApi-Link--externalDomain\" title=\"Emmanuel Macron\" data-id-ec=\"{&quot;sht&quot;:&quot;Container&quot;,&quot;shn&quot;:&quot;Story&quot;,&quot;p&quot;:{&quot;containerType&quot;:&quot;Paragraph&quot;,&quot;displayType&quot;:&quot;Paragraph InlineLink&quot;,&quot;type&quot;:&quot;INLINE_LINK&quot;,&quot;value&quot;:&quot;Emmanuel Macron&quot;,&quot;variant&quot;:&quot;standardLink&quot;,&quot;sponsored&quot;:false,&quot;linkHref&quot;:&quot;https:\/\/www.fr.de\/thema\/emmanuel-macron-per772394\/&quot;,&quot;storyElementPosition&quot;:49,&quot;storyElementCount&quot;:60}}\" target=\"_blank\" rel=\"noopener\">Emmanuel Macron<\/a> \u00fcber ein Ende des\u00a0Ukraine-Krieges begr\u00fc\u00dft. \u201eEs ist zu begr\u00fc\u00dfen, dass der Kreml diesem Schritt \u00f6ffentlich zugestimmt hat\u201c, hie\u00df es am Sonntag aus dem Elys\u00e9e-Palast in Paris. Man werde in den kommenden Tagen \u201e\u00fcber die beste Vorgehensweise\u201c bei den Gespr\u00e4chen beraten.<\/p>\n<p>Panzer, Drohnen, Luftabwehr: Waffen f\u00fcr die Ukraine<img decoding=\"async\" class=\"id-RatioPlaceholder-element wv_story_el_interstitialImage\" src=\"https:\/\/www.europesays.com\/de\/wp-content\/uploads\/2025\/04\/36442252-kampfflugzeug-des-typs-gripen-aus-schweden-2tyFwOrAjSfe.jpg\" loading=\"lazy\"   height=\"2201\" width=\"3307\" alt=\"Kampfflugzeug des Typs &#x201E;Gripen&#x201C; aus Schweden \"\/><a href=\"https:\/\/www.merkur.de\/politik\/fotostrecke-ukraine-krieg-waffen-panzer-bradley-challenger-marder-drohnen-bilder-zr-92033374.html\" class=\"id-StoryElement-intestitialLink-link\" data-id-ec=\"{\" shn=\"\" ansehen=\"\" data-k5a-pos=\"west_story_50_photoGalleryLink\" title=\"Zur Fotostrecke: Panzer, Drohnen, Luftabwehr: Waffen f&#xFC;r die Ukraine\" target=\"_blank\" rel=\"noopener\">Fotostrecke ansehen<\/a>Ukraine-Verhandlungen in den USA: Keine direkten Gespr\u00e4che zwischen Kiew und Moskau<\/p>\n<p class=\"id-StoryElement-paragraph\"><strong>Update, 10:05 Uhr: <\/strong>Bei den Ukraine-Verhandlungen in den USA wird es keine direkten Gespr\u00e4che zwischen den USA, der Ukraine und Russland geben. Das teilte der Kreml russischen Medien zufolge mit. Zuvor schloss insbesondere Moskau ein direktes Gespr\u00e4ch mit Kiew aus. Derzeit befindet sich eine russische und eine europ\u00e4ische Delegation in Miami, um Fortschritte in den Verhandlungen um ein Ende des Ukraine-Kriegs zu erzielen.<\/p>\n<p class=\"id-StoryElement-paragraph\">\u201eBislang hat niemand ernsthaft \u00fcber dieses Vorhaben gesprochen und meines Wissens ist dies nicht in Vorbereitung\u201c, erkl\u00e4rte Putin-Berater Juri Uschakow am Sonntag laut russischen Nachrichtenagenturen vor Journalisten.<\/p>\n<p><strong>Putin<\/strong> pl\u00f6tzlich zu Gespr\u00e4ch mit <strong>Europ\u00e4ern<\/strong> bereit<\/p>\n<p class=\"id-StoryElement-paragraph\"><strong>Update, 8:12 Uhr: <\/strong>Russlands Pr\u00e4sident Wladimir Putin ist laut Kreml-Sprecher Dmitri Peskow bereit zu Gespr\u00e4chen \u00fcber den\u00a0Ukraine-Krieg mit Frankreichs Pr\u00e4sident Emmanuel Macron. Putin habe \u201eseine Bereitschaft zum Dialog mit Macron bekundet\u201c, sagte Peskow der staatlichen Nachrichtenagentur RIA Novosti in einem am Sonntag ver\u00f6ffentlichten Interview und f\u00fcgte hinzu: \u201eWenn also der gegenseitige politische Wille vorhanden ist, kann dies nur positiv bewertet werden.\u201c<\/p>\n<p class=\"id-StoryElement-paragraph\">Macron hatte am Freitag gesagt, es liege \u201ein unserem Interesse als Europ\u00e4er und\u00a0Ukrainer\u201c, die Gespr\u00e4che mit Putin \u00fcber ein Ende des Ukraine-Kriegs wieder aufzunehmen.<\/p>\n<p><strong>Putin-Berater<\/strong> zufrieden mit <strong>Ukraine-Verhandlungen<\/strong><\/p>\n<p class=\"id-StoryElement-paragraph\"><strong>Update vom 21. Dezember, 6:36 Uhr: <\/strong>Die Gespr\u00e4che in Miami \u00fcber ein Ende des\u00a0Ukraine-Kriegs sind nach Angaben des russischen Unterh\u00e4ndlers Kirill Dmitrijew bislang konstruktiv verlaufen. Die noch andauernden Gespr\u00e4che mit der US-Seite h\u00e4tten am Samstag begonnen und sollten auch am heutigen Sonntag weitergef\u00fchrt werden, sagte der Berater von Wladimir Putin laut der russischen Staatsagentur Tass. \u201eDie Diskussionen werden konstruktiv gef\u00fchrt\u201c, sagte Dmitrijew demnach weiter.<\/p>\n","protected":false},"excerpt":{"rendered":"Startseite Politik Stand: 21.12.2025, 22:27 Uhr Von: Nail Akkoyun, Paula V\u00f6lkner, Felix Busjaeger, Simon Schr\u00f6der, Felix Durach, Franziska&hellip;\n","protected":false},"author":2,"featured_media":663008,"comment_status":"","ping_status":"","sticky":false,"template":"","format":"standard","meta":{"footnotes":""},"categories":[3],"tags":[13,14,15,12,10,8,9,11,103,104],"class_list":{"0":"post-663007","1":"post","2":"type-post","3":"status-publish","4":"format-standard","5":"has-post-thumbnail","7":"category-welt","8":"tag-headlines","9":"tag-nachrichten","10":"tag-news","11":"tag-schlagzeilen","12":"tag-top-news","13":"tag-top-meldungen","14":"tag-topmeldungen","15":"tag-topnews","16":"tag-welt","17":"tag-world"},"share_on_mastodon":{"url":"https:\/\/pubeurope.com\/@de\/115759794581974863","error":""},"_links":{"self":[{"href":"https:\/\/www.europesays.com\/de\/wp-json\/wp\/v2\/posts\/663007","targetHints":{"allow":["GET"]}}],"collection":[{"href":"https:\/\/www.europesays.com\/de\/wp-json\/wp\/v2\/posts"}],"about":[{"href":"https:\/\/www.europesays.com\/de\/wp-json\/wp\/v2\/types\/post"}],"author":[{"embeddable":true,"href":"https:\/\/www.europesays.com\/de\/wp-json\/wp\/v2\/users\/2"}],"replies":[{"embeddable":true,"href":"https:\/\/www.europesays.com\/de\/wp-json\/wp\/v2\/comments?post=663007"}],"version-history":[{"count":0,"href":"https:\/\/www.europesays.com\/de\/wp-json\/wp\/v2\/posts\/663007\/revisions"}],"wp:featuredmedia":[{"embeddable":true,"href":"https:\/\/www.europesays.com\/de\/wp-json\/wp\/v2\/media\/663008"}],"wp:attachment":[{"href":"https:\/\/www.europesays.com\/de\/wp-json\/wp\/v2\/media?parent=663007"}],"wp:term":[{"taxonomy":"category","embeddable":true,"href":"https:\/\/www.europesays.com\/de\/wp-json\/wp\/v2\/categories?post=663007"},{"taxonomy":"post_tag","embeddable":true,"href":"https:\/\/www.europesays.com\/de\/wp-json\/wp\/v2\/tags?post=663007"}],"curies":[{"name":"wp","href":"https:\/\/api.w.org\/{rel}","templated":true}]}}