{"id":663009,"date":"2025-12-21T21:57:10","date_gmt":"2025-12-21T21:57:10","guid":{"rendered":"https:\/\/www.europesays.com\/de\/663009\/"},"modified":"2025-12-21T21:57:10","modified_gmt":"2025-12-21T21:57:10","slug":"drei-tote-bei-unfall-in-franken-darunter-ein-vierjaehriges-kind","status":"publish","type":"post","link":"https:\/\/www.europesays.com\/de\/663009\/","title":{"rendered":"Drei Tote bei Unfall in Franken \u2013 darunter ein vierj\u00e4hriges Kind"},"content":{"rendered":"<p>Bei einem schweren Verkehrsunfall auf der Bundesstra\u00dfe 2 in Mittelfranken sind am Sonntagnachmittag drei Menschen ums Leben gekommen. Unter den Toten ist ein vierj\u00e4hriges Kind, wie die Polizei mitteilte. Zwei weitere Menschen wurden schwer verletzt.<\/p>\n<p>Frontalzusammensto\u00df auf B2 bei Pleinfeld<\/p>\n<p>Das Ungl\u00fcck ereignete sich demnach gegen 16 Uhr zwischen den Anschlussstellen Pleinfeld Nord und Pleinfeld S\u00fcd. Nach ersten Erkenntnissen der Polizei wich zun\u00e4chst ein Auto einem Abschleppfahrzeug auf dem Standstreifen aus. Ein in gleicher Richtung fahrender Pkw geriet zeitgleich aus unbekannter Ursache in den Gegenverkehr und kollidierte frontal mit einem entgegenkommenden Fahrzeug.<\/p>\n<p>Im unfallverursachenden Auto kamen zwei Frauen im Alter von 28 und 36 Jahren sowie ein vier Jahre altes Kind ums Leben, so die Polizei. Die beiden weiteren Insassen, eine Frau und ein Kleinkind, wurden schwer verletzt. Sie kamen mit einem Hubschrauber in ein Krankenhaus.<\/p>\n<p>Unfallursache bislang nicht bekannt<\/p>\n<p>Kurz nach dem Zusammensto\u00df fuhren den Angaben zufolge zwei weitere Autos in die Unfallstelle. Es habe hierbei keine weiteren Schwerverletzten gegeben.<\/p>\n<p>Noch keine Angaben gibt es zur Unfallursache. Die Stra\u00dfe wurde komplett gesperrt. Feuerwehr, Rettungsdienst und Polizei waren mit einem gro\u00dfen Aufgebot vor Ort. <\/p>\n","protected":false},"excerpt":{"rendered":"Bei einem schweren Verkehrsunfall auf der Bundesstra\u00dfe 2 in Mittelfranken sind am Sonntagnachmittag drei Menschen ums Leben gekommen.&hellip;\n","protected":false},"author":2,"featured_media":663010,"comment_status":"","ping_status":"","sticky":false,"template":"","format":"standard","meta":{"footnotes":""},"categories":[2],"tags":[29,30,13,4156,14,15,121,12,10,8,9,11,1284,601],"class_list":{"0":"post-663009","1":"post","2":"type-post","3":"status-publish","4":"format-standard","5":"has-post-thumbnail","7":"category-deutschland","8":"tag-deutschland","9":"tag-germany","10":"tag-headlines","11":"tag-mittelfranken","12":"tag-nachrichten","13":"tag-news","14":"tag-polizei","15":"tag-schlagzeilen","16":"tag-top-news","17":"tag-top-meldungen","18":"tag-topmeldungen","19":"tag-topnews","20":"tag-unfall","21":"tag-verkehr"},"share_on_mastodon":{"url":"https:\/\/pubeurope.com\/@de\/115759798355744670","error":""},"_links":{"self":[{"href":"https:\/\/www.europesays.com\/de\/wp-json\/wp\/v2\/posts\/663009","targetHints":{"allow":["GET"]}}],"collection":[{"href":"https:\/\/www.europesays.com\/de\/wp-json\/wp\/v2\/posts"}],"about":[{"href":"https:\/\/www.europesays.com\/de\/wp-json\/wp\/v2\/types\/post"}],"author":[{"embeddable":true,"href":"https:\/\/www.europesays.com\/de\/wp-json\/wp\/v2\/users\/2"}],"replies":[{"embeddable":true,"href":"https:\/\/www.europesays.com\/de\/wp-json\/wp\/v2\/comments?post=663009"}],"version-history":[{"count":0,"href":"https:\/\/www.europesays.com\/de\/wp-json\/wp\/v2\/posts\/663009\/revisions"}],"wp:featuredmedia":[{"embeddable":true,"href":"https:\/\/www.europesays.com\/de\/wp-json\/wp\/v2\/media\/663010"}],"wp:attachment":[{"href":"https:\/\/www.europesays.com\/de\/wp-json\/wp\/v2\/media?parent=663009"}],"wp:term":[{"taxonomy":"category","embeddable":true,"href":"https:\/\/www.europesays.com\/de\/wp-json\/wp\/v2\/categories?post=663009"},{"taxonomy":"post_tag","embeddable":true,"href":"https:\/\/www.europesays.com\/de\/wp-json\/wp\/v2\/tags?post=663009"}],"curies":[{"name":"wp","href":"https:\/\/api.w.org\/{rel}","templated":true}]}}