{"id":663027,"date":"2025-12-21T22:09:13","date_gmt":"2025-12-21T22:09:13","guid":{"rendered":"https:\/\/www.europesays.com\/de\/663027\/"},"modified":"2025-12-21T22:09:13","modified_gmt":"2025-12-21T22:09:13","slug":"gruenen-stadtrat-akin-sammelte-emotionale-erfahrungen-bei-rent-a-stadtrat","status":"publish","type":"post","link":"https:\/\/www.europesays.com\/de\/663027\/","title":{"rendered":"Gr\u00fcnen-Stadtrat Akin sammelte emotionale Erfahrungen bei \u201eRent-a-Stadtrat\u201c"},"content":{"rendered":"<p class=\"mb-6 text-xs md:text-m lg:text-l font-serif group-[.font-sans]:font-sans \">\n    Serdar Akin hat zuletzt einiges erlebt. Der Gr\u00fcnen-Stadtrat putzte bei einer \u00e4lteren Dame in Oberhausen die Fenster, besuchte mit zwei Rechtsanw\u00e4lten den Hermanfriedhof und fuhr eine Schicht als Rettungssanit\u00e4ter. Der Hintergrund: Seit zwei Monaten vermietet Akin \u2013 sich selbst. Mit seiner Aktion \u201eRent-a-Stadtrat\u201c, die er anl\u00e4sslich seines Geburtstags im Oktober ausgerufen hatte, wollte er <a href=\"https:\/\/www.augsburger-allgemeine.de\/augsburg\/fensterputz-oder-einkauf-gefaellig-gruenen-stadtrat-ueberrascht-mit-besonderer-aktion-112575837\" target=\"_self\" class=\"underline \" rel=\"nofollow noopener\">in \u201eunterschiedliche Lebenswelten\u201c eintauchen (wir berichteten)<\/a>. Nun neigt sich die Aktion dem Ende zu. Etliche W\u00fcnsche habe er erf\u00fcllen k\u00f6nnen, sagt Akin. Oft sei es emotional gewesen.\n  <\/p>\n<ul data-module-id=\"DragDropModule\" class=\"flex flex-wrap justify-start group-[.no-bookmarks]:hidden\">\n<li class=\"mb-3 mr-3\">\n    Jonas Klimm<\/p>\n<p>      Icon Haken im Kreis gesetzt<\/p>\n<p>      Icon Plus im Kreis<\/p>\n<\/li>\n<li class=\"mb-3 mr-3\">\n    Oberhausen<\/p>\n<p>      Icon Haken im Kreis gesetzt<\/p>\n<p>      Icon Plus im Kreis<\/p>\n<\/li>\n<li class=\"mb-3 mr-3\">\n    FW<\/p>\n<p>      Icon Haken im Kreis gesetzt<\/p>\n<p>      Icon Plus im Kreis<\/p>\n<\/li>\n<\/ul>\n","protected":false},"excerpt":{"rendered":"Serdar Akin hat zuletzt einiges erlebt. Der Gr\u00fcnen-Stadtrat putzte bei einer \u00e4lteren Dame in Oberhausen die Fenster, besuchte&hellip;\n","protected":false},"author":2,"featured_media":663028,"comment_status":"","ping_status":"","sticky":false,"template":"","format":"standard","meta":{"footnotes":"","_share_on_mastodon":"0"},"categories":[1846],"tags":[680,772,3364,29,548,663,3934,154743,16950,31906,30,13,137751,14,15,3728,137986,12,18949,154742,2281],"class_list":["post-663027","post","type-post","status-publish","format-standard","has-post-thumbnail","category-augsburg","tag-augsburg","tag-bayern","tag-de","tag-deutschland","tag-eu","tag-europa","tag-europe","tag-fensterputzen","tag-freie-waehler","tag-fw","tag-germany","tag-headlines","tag-meitingen","tag-nachrichten","tag-news","tag-oberhausen","tag-peter-hummel","tag-schlagzeilen","tag-schrebergarten","tag-serdar-akin","tag-silvester"],"share_on_mastodon":{"url":"https:\/\/pubeurope.com\/@de\/115759845441714089","error":""},"_links":{"self":[{"href":"https:\/\/www.europesays.com\/de\/wp-json\/wp\/v2\/posts\/663027","targetHints":{"allow":["GET"]}}],"collection":[{"href":"https:\/\/www.europesays.com\/de\/wp-json\/wp\/v2\/posts"}],"about":[{"href":"https:\/\/www.europesays.com\/de\/wp-json\/wp\/v2\/types\/post"}],"author":[{"embeddable":true,"href":"https:\/\/www.europesays.com\/de\/wp-json\/wp\/v2\/users\/2"}],"replies":[{"embeddable":true,"href":"https:\/\/www.europesays.com\/de\/wp-json\/wp\/v2\/comments?post=663027"}],"version-history":[{"count":0,"href":"https:\/\/www.europesays.com\/de\/wp-json\/wp\/v2\/posts\/663027\/revisions"}],"wp:featuredmedia":[{"embeddable":true,"href":"https:\/\/www.europesays.com\/de\/wp-json\/wp\/v2\/media\/663028"}],"wp:attachment":[{"href":"https:\/\/www.europesays.com\/de\/wp-json\/wp\/v2\/media?parent=663027"}],"wp:term":[{"taxonomy":"category","embeddable":true,"href":"https:\/\/www.europesays.com\/de\/wp-json\/wp\/v2\/categories?post=663027"},{"taxonomy":"post_tag","embeddable":true,"href":"https:\/\/www.europesays.com\/de\/wp-json\/wp\/v2\/tags?post=663027"}],"curies":[{"name":"wp","href":"https:\/\/api.w.org\/{rel}","templated":true}]}}