{"id":663081,"date":"2025-12-21T22:40:47","date_gmt":"2025-12-21T22:40:47","guid":{"rendered":"https:\/\/www.europesays.com\/de\/663081\/"},"modified":"2025-12-21T22:40:47","modified_gmt":"2025-12-21T22:40:47","slug":"geldnot-bei-den-tafeln-in-sachsen","status":"publish","type":"post","link":"https:\/\/www.europesays.com\/de\/663081\/","title":{"rendered":"Geldnot bei den Tafeln in Sachsen"},"content":{"rendered":"<p class=\"text\">\nDie Tafeln in Sachsen sind in Geldnot. Dem Verein fehlten monatlich rund 5.000 bis 7.000 Euro, um den Normalbetrieb aufrecht zu erhalten, sagte der Landesvorsitzende Stephan Trutschler MDR SACHSEN.\n<\/p>\n<p>Forderung an Landesregierung<\/p>\n<p class=\"text\">\nHilfe m\u00fcsse vor allem von der Landesregierung kommen. Diese hatte nach Kritik zwar die <a href=\"https:\/\/www.mdr.de\/nachrichten\/sachsen\/tafeln-zuschuss-foerdermittel-armut-100.html\" title=\"Nach Kritik: Tafeln in Sachsen erhalten wieder 400.000 Euro\" target=\"_blank\" rel=\"noopener\">F\u00f6rdermittel f\u00fcr die Tafeln f\u00fcr dieses und kommendes Jahr<\/a> auf jeweils 400.000 Euro statt rund 40.000 Euro angepasst. Trutschler vermisse aber entweder eine Personalkostenunterst\u00fctzung. \u201eOder wie wir es in Landesverb\u00e4nden haben, dass die die Miete und die Energiekosten \u00fcbers Land abrechnen k\u00f6nnen.\u201c\n<\/p>\n<p class=\"text\">\nMan k\u00f6nnte sich aber auch am Beispiel Bayern orientieren. \u201eDa reden wir jetzt \u00fcber 500.000 Euro\u00a0Invest\u00a0und 600.000 Euro freie Mittel &#8211; immer\u00a0auf Abrechnungsbasis, um die Logistik zu unterst\u00fctzen.\u201c\n<\/p>\n<p>Viele Lebensmittel aus Gro\u00dfspenden<\/p>\n<p class=\"text\">\nBis Ende November 2025 haben die s\u00e4chsischen Tafeln rund 1.200 Tonnen an Lebensmitteln erhalten. Trutschler zufolge stammt die Mehrheit davon aus Gro\u00dfspenden. \u201eDer Bundesverband versorgt uns sehr, sehr, sehr gut. Wir haben im eigenen Landesverband mit Gro\u00dfspenden zulegen k\u00f6nnen. Das waren die Leute von unserer Landeslogistik und auch die Einzelnen sehr erfolgreich.\u201c Zur\u00fcck gingen die Spenden bei regionalen H\u00e4ndlern. Das mache gerade den Tafeln im l\u00e4ndlichen Raum zu schaffen.<\/p>\n","protected":false},"excerpt":{"rendered":"Die Tafeln in Sachsen sind in Geldnot. Dem Verein fehlten monatlich rund 5.000 bis 7.000 Euro, um den&hellip;\n","protected":false},"author":2,"featured_media":663082,"comment_status":"","ping_status":"","sticky":false,"template":"","format":"standard","meta":{"footnotes":""},"categories":[1835],"tags":[154754,3364,29,2386,90517,30,702,81,14,859,6857,56819],"class_list":{"0":"post-663081","1":"post","2":"type-post","3":"status-publish","4":"format-standard","5":"has-post-thumbnail","7":"category-dresden","8":"tag-beduerftigkeit","9":"tag-de","10":"tag-deutschland","11":"tag-dresden","12":"tag-geldnot","13":"tag-germany","14":"tag-lebensmittel","15":"tag-mdr","16":"tag-nachrichten","17":"tag-sachsen","18":"tag-spenden","19":"tag-tafeln"},"share_on_mastodon":{"url":"https:\/\/pubeurope.com\/@de\/115759971241120129","error":""},"_links":{"self":[{"href":"https:\/\/www.europesays.com\/de\/wp-json\/wp\/v2\/posts\/663081","targetHints":{"allow":["GET"]}}],"collection":[{"href":"https:\/\/www.europesays.com\/de\/wp-json\/wp\/v2\/posts"}],"about":[{"href":"https:\/\/www.europesays.com\/de\/wp-json\/wp\/v2\/types\/post"}],"author":[{"embeddable":true,"href":"https:\/\/www.europesays.com\/de\/wp-json\/wp\/v2\/users\/2"}],"replies":[{"embeddable":true,"href":"https:\/\/www.europesays.com\/de\/wp-json\/wp\/v2\/comments?post=663081"}],"version-history":[{"count":0,"href":"https:\/\/www.europesays.com\/de\/wp-json\/wp\/v2\/posts\/663081\/revisions"}],"wp:featuredmedia":[{"embeddable":true,"href":"https:\/\/www.europesays.com\/de\/wp-json\/wp\/v2\/media\/663082"}],"wp:attachment":[{"href":"https:\/\/www.europesays.com\/de\/wp-json\/wp\/v2\/media?parent=663081"}],"wp:term":[{"taxonomy":"category","embeddable":true,"href":"https:\/\/www.europesays.com\/de\/wp-json\/wp\/v2\/categories?post=663081"},{"taxonomy":"post_tag","embeddable":true,"href":"https:\/\/www.europesays.com\/de\/wp-json\/wp\/v2\/tags?post=663081"}],"curies":[{"name":"wp","href":"https:\/\/api.w.org\/{rel}","templated":true}]}}