{"id":663220,"date":"2025-12-22T00:06:19","date_gmt":"2025-12-22T00:06:19","guid":{"rendered":"https:\/\/www.europesays.com\/de\/663220\/"},"modified":"2025-12-22T00:06:19","modified_gmt":"2025-12-22T00:06:19","slug":"einbrecher-ergriff-die-flucht-polizei-sucht-zeugen-fraenkischer-de","status":"publish","type":"post","link":"https:\/\/www.europesays.com\/de\/663220\/","title":{"rendered":"+++ Einbrecher ergriff die Flucht \u2013 Polizei sucht Zeugen +++ \u2013 fr\u00e4nkischer.de"},"content":{"rendered":"<p><a class=\"post-thumbnail open-lightbox\" href=\"https:\/\/fraenkischer-media.s3.eu-central-1.amazonaws.com\/files\/2017\/07\/08234757\/15042098_374101292928437_4010407248042376200_o.jpg\" data-wpel-link=\"external\" target=\"_blank\" rel=\"follow noopener\"><img loading=\"lazy\" decoding=\"async\" width=\"750\" height=\"430\" alt=\"\" src=\"https:\/\/www.europesays.com\/de\/wp-content\/uploads\/2025\/12\/1766361979_579_15042098_374101292928437_4010407248042376200_o-750x430.jpg\"\/> <\/a><img decoding=\"async\" class=\"lftgqm-image\" src=\"\" alt=\"\"\/> <\/p>\n<p>(1201)<\/p>\n<p><strong>W\u00e4hrend eines Einbruchs in ein Einfamilienhaus im N\u00fcrnberger Stadtteil St. Leonhard ergriff ein bislang unbekannter Mann am Donnerstagabend (<a class=\"wpg-linkify\" href=\"https:\/\/fraenkischer.de\/glossar\/18-dezember\/\" target=\"_blank\" data-wpel-link=\"internal\" rel=\"noopener\">18. Dezember<\/a> 2025) die Flucht, nachdem er von der Bewohnerin des Hauses \u00fcberrascht worden war. Die Kriminalpolizei sucht Zeugen, die Wahrnehmungen zu dem Einbruch gemacht haben.<\/strong><\/p>\n<p>Die 82-j\u00e4hrige Bewohnerin eines Einfamilienhauses in der Ewaldstra\u00dfe war gegen 17:30 Uhr durch verd\u00e4chtige Ger\u00e4usche auf den Einbrecher aufmerksam geworden. Dieser hatte sich \u00fcber die Terrassent\u00fcr im Erdgeschoss gewaltsam Zutritt zu dem Wohnanwesen verschafft. Als der unbekannte Mann auf die Hausbesitzerin traf, ergriff er die Flucht. Zuvor war es ihm allerdings bereits gelungen, einen Geldbeutel an sich zu nehmen.<\/p>\n<p>Laut der 82-j\u00e4hrigen Gesch\u00e4digten trug der T\u00e4ter dunkle Kleidung und wei\u00dfe Turnschuhe.<\/p>\n<p>Die Polizeiinspektion N\u00fcrnberg-Ost fahndete mit mehreren Streifen nach dem Einbrecher, konnte ihn jedoch nicht mehr festnehmen. Unterdessen f\u00fchrten Beamte des Kriminaldauerdienstes am Tatort eine Spurensicherung durch.<\/p>\n<p>Im Zuge der eingeleiteten Ermittlungen sucht die Kriminalpolizei nach Zeugen, denen im Bereich der Ewaldstra\u00dfe verd\u00e4chtige Personen oder Fahrzeuge aufgefallen sind. Diese werden gebeten, sich unter der Rufnummer 0911 2112-3333 mit der Polizei in Verbindung zu setzen.<\/p>\n<p>Quelle: Polizeipr\u00e4sidium Mittelfranken<\/p>\n<p>\u00a0<\/p>\n","protected":false},"excerpt":{"rendered":"(1201) W\u00e4hrend eines Einbruchs in ein Einfamilienhaus im N\u00fcrnberger Stadtteil St. Leonhard ergriff ein bislang unbekannter Mann am&hellip;\n","protected":false},"author":2,"featured_media":663221,"comment_status":"","ping_status":"","sticky":false,"template":"","format":"standard","meta":{"footnotes":""},"categories":[1837],"tags":[772,3364,29,30,3783],"class_list":{"0":"post-663220","1":"post","2":"type-post","3":"status-publish","4":"format-standard","5":"has-post-thumbnail","7":"category-nuernberg","8":"tag-bayern","9":"tag-de","10":"tag-deutschland","11":"tag-germany","12":"tag-nuernberg"},"share_on_mastodon":{"url":"https:\/\/pubeurope.com\/@de\/115760306433420908","error":""},"_links":{"self":[{"href":"https:\/\/www.europesays.com\/de\/wp-json\/wp\/v2\/posts\/663220","targetHints":{"allow":["GET"]}}],"collection":[{"href":"https:\/\/www.europesays.com\/de\/wp-json\/wp\/v2\/posts"}],"about":[{"href":"https:\/\/www.europesays.com\/de\/wp-json\/wp\/v2\/types\/post"}],"author":[{"embeddable":true,"href":"https:\/\/www.europesays.com\/de\/wp-json\/wp\/v2\/users\/2"}],"replies":[{"embeddable":true,"href":"https:\/\/www.europesays.com\/de\/wp-json\/wp\/v2\/comments?post=663220"}],"version-history":[{"count":0,"href":"https:\/\/www.europesays.com\/de\/wp-json\/wp\/v2\/posts\/663220\/revisions"}],"wp:featuredmedia":[{"embeddable":true,"href":"https:\/\/www.europesays.com\/de\/wp-json\/wp\/v2\/media\/663221"}],"wp:attachment":[{"href":"https:\/\/www.europesays.com\/de\/wp-json\/wp\/v2\/media?parent=663220"}],"wp:term":[{"taxonomy":"category","embeddable":true,"href":"https:\/\/www.europesays.com\/de\/wp-json\/wp\/v2\/categories?post=663220"},{"taxonomy":"post_tag","embeddable":true,"href":"https:\/\/www.europesays.com\/de\/wp-json\/wp\/v2\/tags?post=663220"}],"curies":[{"name":"wp","href":"https:\/\/api.w.org\/{rel}","templated":true}]}}